{"id":11471,"date":"2018-01-15T09:30:12","date_gmt":"2018-01-15T07:30:12","guid":{"rendered":"http:\/\/felix.ares.fm\/?p=11471"},"modified":"2018-01-15T22:38:43","modified_gmt":"2018-01-15T20:38:43","slug":"asociacion-de-jubilados-y-boletin-2018","status":"publish","type":"post","link":"https:\/\/felix.ares.fm\/?p=11471","title":{"rendered":"Asociaci\u00f3n de Jubilados y&#8230; Bolet\u00edn Enero 2018"},"content":{"rendered":"<h4>Lunes 15 de enero de 2018<\/h4>\n<h4>La <a href=\"http:\/\/www.paginasamarillas.es\/f\/fuengirola\/asociacion-de-jubilados-y-pensionistas-de-fuengirola_201362985_000000001.html\" target=\"_blank\">Asociaci\u00f3n de Jubilados y Pensionistas de Fuengirola<\/a>, nos hace llegar el Bolet\u00edn de enero 2018.<\/h4>\n<h6><span style=\"color: #000000;\">El texto completo de la convocatoria dice [he procurado no equivocarme al transcribirlo; pero tengan en cuenta que <span style=\"color: #ff0000;\">esto no es el Bolet\u00edn oficial<\/span>, se trata simplemente de una copia que he hecho yo &#8211;F\u00e9lix Ares&#8211; y puedo haberme equivocado. Lo oficial es lo que hay\u00e1is recibido desde la Asociaci\u00f3n] :<\/span><\/h6>\n<h5 style=\"text-align: left;\"><span style=\"color: #ff00ff;\">ASOCIACI\u00d3N DE JUBILADOS Y PENSIONISTAS DE FUENGIROLA<\/span>\u00a0 \u00a0G92135268 (Hogar Puebla Luc\u00eda)<\/h5>\n<h5><strong> Saluda del Presidente:<\/strong><\/h5>\n<h6><span style=\"color: #ff00ff;\"><strong>Querid@s soci@s: Concluido el a\u00f1o 2017, y llevado a cabo, las actividades Sociales, Culturales y de Ocio, que se hab\u00edan propuesto. De nuevo me dirijo a vosotros, para comunicaros, la nueva programaci\u00f3n que se ha confeccionado, con la intenci\u00f3n de que sea del agrado de la mayor\u00eda. No obstante, sobre la marcha surgir\u00e1n nuevas actividades, por lo que ser\u00eda interesante que pasarais peri\u00f3dicamente por la Oficina para tener la oportunidad de saludaros e informaros de las mismas. Permitirme, comunicaros, que estamos abiertos a dar entrada en nuestro programa a todas las ideas e iniciativas que nos present\u00e9is en aras a mejorar el conjunto de nuestras actividades. Sin hacerme m\u00e1s extenso, aprovecho la oportunidad, para enviaros un cordial saludo, y desearos salud y prosperidad para este A\u00f1o Nuevo, extensivo a vuestras familias y amigos. <\/strong><\/span><\/h6>\n<h6><span style=\"color: #ff00ff;\"><strong>El Presidente. <\/strong><\/span><\/h6>\n<h6>Pasamos a informaros de las gestiones y acuerdos de la Junta Directiva, llevadas a cabo desde la \u00faltima edici\u00f3n del Bolet\u00edn del pasado mes de febrero.<\/h6>\n<h6>Hemos tenido reuniones propias, y con la Alcaldesa y miembros de su Equipo de Gobierno, m\u00e1s asiduamente con el Concejal de la Tercera Edad D. Francisco Jos\u00e9 Martin, confirmando la mutua colaboraci\u00f3n, con la cesi\u00f3n de aulas y locales por parte del Ayuntamiento, para el desarrollo de actividades y eventos programados, sin el cual no ser\u00edan posibles. .Pasar toda la informaci\u00f3n que se dispone a los socios por los medios habituales, correo electr\u00f3nico, WhatsApp y correo ordinario, habi\u00e9ndose acordado lo siguiente: Comenzar las actividades en septiembre-octubre, una vez confirmada la colaboraci\u00f3n de los socios monitores y disponibilidad de aulas y locales-<\/h6>\n<h5><span style=\"text-decoration: underline;\"> TALLERES <\/span><\/h5>\n<h6><span style=\"text-decoration: underline;\">YOGA:<\/span> los lunes de 12:30 a 13:30 horas. Monitora Aurelia Escalona<\/h6>\n<h6><span style=\"text-decoration: underline;\">INGL\u00c9S<\/span>: los martes de 12:00 a 13:30 horas Monitor Juan Octavio Rico Jurado.<\/h6>\n<h6><span style=\"text-decoration: underline;\">INFORM\u00c1TICA Y MANEJO DE MOVILES<\/span>: lunes y viernes de 11:00 a 12:00 horas, Profesor Antonio Jos\u00e9 Santos Zaragoza.<\/h6>\n<h6><span style=\"text-decoration: underline;\">AJEDREZ<\/span>: los martes y jueves de 11:00 a 12:00 horas, Profesor Antonio Jos\u00e9 Santos Zaragoza.<\/h6>\n<h6><span style=\"text-decoration: underline;\">MEMORIA<\/span>: Viernes de 17:30 a 19:00 horas, Profesora Amparo Ortega.<\/h6>\n<h6><span style=\"text-decoration: underline;\">SEVILLANAS Y BAILE DE SALON<\/span>: jueves de 16:30 a 19:00 horas, monitora, Isabel de Celis.<\/h6>\n<h6><span style=\"text-decoration: underline;\">PETANCA<\/span>: de lunes a viernes a partir de las 12:00 horas.<\/h6>\n<h5><span style=\"text-decoration: underline;\">ACTIVIDADES SOCIALES<\/span><\/h5>\n<h6>&#8211; En el mes de junio celebramos la tradicional merienda gratuita ofrecida por la Asociaci\u00f3n a todos los socios que quisieron o pudieron acompa\u00f1arnos en el Restaurante del Hogar de Puebla Luc\u00eda. En el acto se hizo entrega de los donativos a las asociaciones ben\u00e9ficas, Caritas San Jos\u00e9, Caritas Virgen del Carmen de Los Boliches, Asociaci\u00f3n de Familiares de Alzehimer, (AFA) y Fuensocial, por importe total de 2.000 euros.<\/h6>\n<h6>&#8211; Cerramos el a\u00f1o con la tradicional \u201cComida de Gala de Navidad\u201d<\/h6>\n<h6>VIAJES Y EXCURSIONES REALIZADAS<\/h6>\n<h6>-En enero: viajamos a Benidorm, con visitas a Valencia, Alicante y otras localidades de la zona.<\/h6>\n<h6>-En febrero: con motivo de San Valent\u00edn, viajamos a Mojacar.<\/h6>\n<h6>-En marzo, visitamos el norte y centro de Portugal.<\/h6>\n<h6>-En mayo, excursi\u00f3n a Lugo, Ribera Sacra, playa de las catedrales.<\/h6>\n<h6>-En junio, realizamos las primeras etapas del Camino de Santiago, &lt;camino franc\u00e9s&gt; Roncesvalles a Estella.<\/h6>\n<h6>-En junio, excursi\u00f3n de un d\u00eda a Setenil de las Bodegas y Ronda.<\/h6>\n<h6>-En septiembre, viajamos al centro y norte de Rumania.<\/h6>\n<h6>-En octubre, excursi\u00f3n al norte de Marruecos, T\u00e1nger, Chefchaouen y Asilah .<\/h6>\n<h6>-En noviembre, fin de semana a la provincia de C\u00e1diz, con obsequio de un jam\u00f3n por persona.<\/h6>\n<h6>&#8211; Concluimos, con el tradicional viaje de \u201cFin de A\u00f1o\u201d, en esta ocasi\u00f3n Almu\u00f1\u00e9car y visita a Granada Capital.<\/h6>\n<h6>ACTIVIDAES PREVISTAS<\/h6>\n<h6>-Continuamos con los talleres y actividades ya previstas y otras que puedan surgir, siempre con la colaboraci\u00f3n de los socios, desde aqu\u00ed os animamos a todos, a presentar nuevas iniciativas.<\/h6>\n<h6>-Febrero, excursi\u00f3n de San Valent\u00edn, Hotel Reina Cristina, Algeciras, visita Gibraltar y otras localidades de la zona.<\/h6>\n<h6>-Final de Mayo, Camino de Santiago, &lt; Camino Primitivo&gt; por Principado de Asturias.<\/h6>\n<h6>-Mayo, Sur de Alemania y Austria &lt;Regi\u00f3n del Tirol&gt;.<\/h6>\n<h6>-En junio se celebrar\u00e1 a tradicional merienda gratuita, para socios.<\/h6>\n<h6>-Excursi\u00f3n a un pueblo de la provincia de M\u00e1laga, por determinar.<\/h6>\n<h6>&#8211; En septiembre, est\u00e1 previsto viajar a Polonia. &#8211;<\/h6>\n<h6>-Otras salidas que surjan sobre la marcha.<\/h6>\n<ul>\n<li>\n<h5>\u00a0 GESTION ECON\u00d3MICA Y SOCIAL<\/h5>\n<p>Alta socios\/as, a\u00f1o 2017\u2026\u2026\u2026\u2026\u2026\u2026\u2026\u2026\u2026\u2026\u2026\u2026..\u2026&#8230; 242<br \/>\nBajas socios\/as\u2026\u2026\u2026\u2026\u2026\u2026\u2026\u2026\u2026\u2026\u2026\u2026.\u2026\u2026..\u2026..\u2026.\u2026 92<br \/>\nTotal socios\/as activos\u2026\u2026\u2026\u2026\u2026\u2026\u2026\u2026&#8230;&#8230;&#8230;\u2026\u2026..\u2026.. 1133 Hombres\u2026\u2026\u2026\u2026\u2026\u2026\u2026\u2026\u2026\u2026\u2026\u2026\u2026\u2026\u2026..\u2026\u2026.\u2026&#8230;\u2026. 488 Mujeres\u2026\u2026\u2026\u2026\u2026\u2026\u2026\u2026\u2026\u2026\u2026\u2026\u2026\u2026\u2026\u2026&#8230;\u2026..\u2026..\u2026.. 645<br \/>\n..<\/p>\n<p><strong>DATOS ECON\u00d3MICOS <\/strong><\/li>\n<li style=\"text-align: justify;\">Saldo a favor Asociaci\u00f3n a 31\/12\/2016\u2026.\u2026\u2026\u2026\u2026\u202610.549,15<\/li>\n<li style=\"text-align: justify;\">Ingresos a\u00f1o 2017\u2026\u2026\u2026\u2026\u2026\u2026\u2026\u2026\u2026\u2026\u2026\u2026\u2026\u2026..\u20268.682,00<\/li>\n<li style=\"text-align: justify;\">Gastos a 31 de diciembre del 2017\u2026\u2026\u2026\u2026\u2026\u2026\u2026.\u2026..5.240,91<\/li>\n<li style=\"text-align: justify;\">Donativos a entidades ben\u00e9ficas de Fuengirola\u2026.\u2026&#8230;.2.000,00<\/li>\n<li style=\"text-align: justify;\">Saldo a favor Asociaci\u00f3n a 31\/12\/2017\u2026\u2026\u2026\u2026\u2026\u2026..11.990,24<\/li>\n<\/ul>\n<p>En el mes de noviembre, y como se adelant\u00f3 por whatsapp y e-mail, se dio traslado por escrito, a la Alcaldesa y al resto de las fuerzas pol\u00edticas con representaci\u00f3n en el Ayuntamiento, la inquietud que existe en el colectivo de esta Asociaci\u00f3n por la falta de una Residencia y Centro de D\u00eda para Mayores en nuestra Ciudad. Por lo que solicitamos la construcci\u00f3n y puesta en funcionamiento del mencionado Centro. Sabemos que no es tarea f\u00e1cil, pero persistiremos en ello, siempre, contando con vuestro apoyo.Horario de oficina: lunes y mi\u00e9rcoles de 11.30 a 13.30 horas, c\/ Blanca Paloma, n\u00fam. 4, 29640, Fuengirola, Tl. 952588776 y 658997792. Correo electr\u00f3nico: ajpfuengirola63{ARR-OBA}yahoo.es. Redactado por la Junta Directiva.<\/p>\n<h4 style=\"text-align: center;\"><strong>FELIZ A\u00d1O 2018 <\/strong><\/h4>\n<h6><span style=\"color: #ff0000;\"><span style=\"color: #008000;\">PARA PONEROS EN CONTACTO CONMIGO, NO CON LA ASOCIACI\u00d3N, POD\u00c9IS USAR EL SIGUIENTE FORMULARIO:<\/span><\/span><\/h6>\n<p>[contact_bank form_id=1 show_title=true show_desc=false]<\/p>\n","protected":false},"excerpt":{"rendered":"<p>Lunes 15 de enero de 2018 La Asociaci\u00f3n de Jubilados y Pensionistas de Fuengirola, nos hace llegar el Bolet\u00edn de enero 2018. El texto completo de la convocatoria dice [he procurado no equivocarme al transcribirlo; pero tengan en cuenta que esto no es el Bolet\u00edn oficial, se trata simplemente de una copia que he hecho &hellip; <a href=\"https:\/\/felix.ares.fm\/?p=11471\" class=\"more-link\">Seguir leyendo <span class=\"screen-reader-text\">Asociaci\u00f3n de Jubilados y&#8230; Bolet\u00edn Enero 2018<\/span> <span class=\"meta-nav\">&rarr;<\/span><\/a><\/p>\n","protected":false},"author":1,"featured_media":0,"comment_status":"closed","ping_status":"open","sticky":false,"template":"","format":"standard","meta":{"footnotes":""},"categories":[564,855],"tags":[],"class_list":["post-11471","post","type-post","status-publish","format-standard","hentry","category-asociacion-de-jubilados-y-pensionistas-de-fuengirola","category-comunicado-urgente"],"_links":{"self":[{"href":"https:\/\/felix.ares.fm\/index.php?rest_route=\/wp\/v2\/posts\/11471","targetHints":{"allow":["GET"]}}],"collection":[{"href":"https:\/\/felix.ares.fm\/index.php?rest_route=\/wp\/v2\/posts"}],"about":[{"href":"https:\/\/felix.ares.fm\/index.php?rest_route=\/wp\/v2\/types\/post"}],"author":[{"embeddable":true,"href":"https:\/\/felix.ares.fm\/index.php?rest_route=\/wp\/v2\/users\/1"}],"replies":[{"embeddable":true,"href":"https:\/\/felix.ares.fm\/index.php?rest_route=%2Fwp%2Fv2%2Fcomments&post=11471"}],"version-history":[{"count":7,"href":"https:\/\/felix.ares.fm\/index.php?rest_route=\/wp\/v2\/posts\/11471\/revisions"}],"predecessor-version":[{"id":11478,"href":"https:\/\/felix.ares.fm\/index.php?rest_route=\/wp\/v2\/posts\/11471\/revisions\/11478"}],"wp:attachment":[{"href":"https:\/\/felix.ares.fm\/index.php?rest_route=%2Fwp%2Fv2%2Fmedia&parent=11471"}],"wp:term":[{"taxonomy":"category","embeddable":true,"href":"https:\/\/felix.ares.fm\/index.php?rest_route=%2Fwp%2Fv2%2Fcategories&post=11471"},{"taxonomy":"post_tag","embeddable":true,"href":"https:\/\/felix.ares.fm\/index.php?rest_route=%2Fwp%2Fv2%2Ftags&post=11471"}],"curies":[{"name":"wp","href":"https:\/\/api.w.org\/{rel}","templated":true}]}}