{"id":11431,"date":"2017-11-23T10:01:12","date_gmt":"2017-11-23T08:01:12","guid":{"rendered":"http:\/\/felix.ares.fm\/?p=11431"},"modified":"2017-11-28T12:28:46","modified_gmt":"2017-11-28T10:28:46","slug":"asociacion-de-jubilados-y-menu-del-proximo-miercoles-1-de-noviembre-2017","status":"publish","type":"post","link":"https:\/\/felix.ares.fm\/?p=11431","title":{"rendered":"Asociaci\u00f3n de Jubilados y&#8230; Men\u00fa del pr\u00f3ximo mi\u00e9rcoles (23 de noviembre 2017)"},"content":{"rendered":"<h4>Todos los mi\u00e9rcoles la <a href=\"http:\/\/www.paginasamarillas.es\/f\/fuengirola\/asociacion-de-jubilados-y-pensionistas-de-fuengirola_201362985_000000001.html\">Asociaci\u00f3n de Jubilados y Pensionistas de Fuengirola<\/a>\u00a0celebra una comida de confraternizaci\u00f3n que se celebra en el bar\/restaurante del <a href=\"http:\/\/www.paginasamarillas.es\/f\/fuengirola\/hogar-social-de-fuengirola_015611296_000000004.html\">Hogar del Jubilado<\/a> de la calle Blanca Paloma.<\/h4>\n<h6>Para el pr\u00f3ximo mi\u00e9rcoles\u00a0<span style=\"color: #ff00ff;\">\u00a023 de noviembre<\/span> el men\u00fa es el siguiente:<\/h6>\n<h6 id=\"yui_3_16_0_1_1504686417393_4458\">Primer plato:<\/h6>\n<h6 id=\"yui_3_16_0_ym19_1_1511342467056_3574\" style=\"padding-left: 30px;\">_alubias pintas ala gallega<br \/>\n_macarrones con tomate y chorizo<br \/>\n_ensalada mixta<\/h6>\n<h6 id=\"yui_3_16_0_ym19_1_1511342467056_3577\">2\u00b0plato:<\/h6>\n<h6 id=\"yui_3_16_0_ym19_1_1511342467056_3579\" style=\"padding-left: 30px;\">_escalope milanesa<br \/>\n_boquerones fritos<br \/>\n_huevos con salchicha y patatas<\/h6>\n<p><strong><span style=\"color: #ff00ff;\">Pan +bebida+postre incluidos<\/span><\/strong><\/p>\n<h6>-precio especial jubilados 6&#8217;30 \u20ac<\/h6>\n<h6>Reserva tlf<span style=\"color: #0000ff;\"> 662484307<\/span> Sra ana<\/h6>\n<h6>Si usted hace fotos de la comida, me gustar\u00eda tener alguna para publicarla en este blog.<\/h6>\n<p>[contact_bank form_id=1 show_title=true show_desc=false]<\/p>\n","protected":false},"excerpt":{"rendered":"<p>Todos los mi\u00e9rcoles la Asociaci\u00f3n de Jubilados y Pensionistas de Fuengirola\u00a0celebra una comida de confraternizaci\u00f3n que se celebra en el bar\/restaurante del Hogar del Jubilado de la calle Blanca Paloma. Para el pr\u00f3ximo mi\u00e9rcoles\u00a0\u00a023 de noviembre el men\u00fa es el siguiente: Primer plato: _alubias pintas ala gallega _macarrones con tomate y chorizo _ensalada mixta 2\u00b0plato: &hellip; <a href=\"https:\/\/felix.ares.fm\/?p=11431\" class=\"more-link\">Seguir leyendo <span class=\"screen-reader-text\">Asociaci\u00f3n de Jubilados y&#8230; Men\u00fa del pr\u00f3ximo mi\u00e9rcoles (23 de noviembre 2017)<\/span> <span class=\"meta-nav\">&rarr;<\/span><\/a><\/p>\n","protected":false},"author":1,"featured_media":0,"comment_status":"closed","ping_status":"open","sticky":false,"template":"","format":"standard","meta":{"footnotes":""},"categories":[564,815],"tags":[],"class_list":["post-11431","post","type-post","status-publish","format-standard","hentry","category-asociacion-de-jubilados-y-pensionistas-de-fuengirola","category-menus-de-los-miercoles"],"_links":{"self":[{"href":"https:\/\/felix.ares.fm\/index.php?rest_route=\/wp\/v2\/posts\/11431","targetHints":{"allow":["GET"]}}],"collection":[{"href":"https:\/\/felix.ares.fm\/index.php?rest_route=\/wp\/v2\/posts"}],"about":[{"href":"https:\/\/felix.ares.fm\/index.php?rest_route=\/wp\/v2\/types\/post"}],"author":[{"embeddable":true,"href":"https:\/\/felix.ares.fm\/index.php?rest_route=\/wp\/v2\/users\/1"}],"replies":[{"embeddable":true,"href":"https:\/\/felix.ares.fm\/index.php?rest_route=%2Fwp%2Fv2%2Fcomments&post=11431"}],"version-history":[{"count":3,"href":"https:\/\/felix.ares.fm\/index.php?rest_route=\/wp\/v2\/posts\/11431\/revisions"}],"predecessor-version":[{"id":11436,"href":"https:\/\/felix.ares.fm\/index.php?rest_route=\/wp\/v2\/posts\/11431\/revisions\/11436"}],"wp:attachment":[{"href":"https:\/\/felix.ares.fm\/index.php?rest_route=%2Fwp%2Fv2%2Fmedia&parent=11431"}],"wp:term":[{"taxonomy":"category","embeddable":true,"href":"https:\/\/felix.ares.fm\/index.php?rest_route=%2Fwp%2Fv2%2Fcategories&post=11431"},{"taxonomy":"post_tag","embeddable":true,"href":"https:\/\/felix.ares.fm\/index.php?rest_route=%2Fwp%2Fv2%2Ftags&post=11431"}],"curies":[{"name":"wp","href":"https:\/\/api.w.org\/{rel}","templated":true}]}}