{"id":11416,"date":"2017-10-23T07:26:12","date_gmt":"2017-10-23T05:26:12","guid":{"rendered":"http:\/\/felix.ares.fm\/?p=11416"},"modified":"2017-10-24T00:04:03","modified_gmt":"2017-10-23T22:04:03","slug":"asociacion-de-jubilados-y-comunicado-cena-de-navidad","status":"publish","type":"post","link":"https:\/\/felix.ares.fm\/?p=11416","title":{"rendered":"Asociaci\u00f3n de Jubilados y&#8230; Comunicado: Cena de Navidad"},"content":{"rendered":"<h4>Lunes 23 de octubre de 2017<\/h4>\n<h4>La <a href=\"http:\/\/www.paginasamarillas.es\/f\/fuengirola\/asociacion-de-jubilados-y-pensionistas-de-fuengirola_201362985_000000001.html\" target=\"_blank\">Asociaci\u00f3n de Jubilados y Pensionistas de Fuengirola<\/a>, nos hace llegar el siguiente <span style=\"color: #ff00ff;\">comunicado<\/span>:<\/h4>\n<div class=\"moz-text-html\" lang=\"x-unicode\"><\/div>\n<h6 style=\"text-align: center;\"><span style=\"color: #ff00ff;\">\u00abComo cada a\u00f1o esta Asocioci\u00f3n ha organizado la tradicional Comida de Navidad, esta vez para el domingo d\u00eda 10 de Diciembre.<\/span><\/h6>\n<h6 id=\"yui_3_16_0_ym19_1_1508772359315_14320\" dir=\"ltr\" style=\"text-align: center;\"><span style=\"color: #ff00ff;\">Queda abierto el plazo de inscripci\u00f3n.\u00bb<\/span><a href=\"http:\/\/felix.ares.fm\/?attachment_id=11420\" rel=\"attachment wp-att-11420\"><img loading=\"lazy\" decoding=\"async\" class=\"aligncenter size-full wp-image-11420\" src=\"http:\/\/felix.ares.fm\/wp-content\/uploads\/2017\/10\/MENU-DE-NAVIDAD-2017.png\" alt=\"MENU DE NAVIDAD 2017\" width=\"793\" height=\"1122\" \/><\/a><a href=\"http:\/\/felix.ares.fm\/?attachment_id=11424\" rel=\"attachment wp-att-11424\"><img loading=\"lazy\" decoding=\"async\" class=\"aligncenter size-full wp-image-11424\" src=\"http:\/\/felix.ares.fm\/wp-content\/uploads\/2017\/10\/2017.jpg\" alt=\"2017\" width=\"200\" height=\"140\" srcset=\"https:\/\/felix.ares.fm\/wp-content\/uploads\/2017\/10\/2017.jpg 200w, https:\/\/felix.ares.fm\/wp-content\/uploads\/2017\/10\/2017-30x21.jpg 30w\" sizes=\"auto, (max-width: 200px) 100vw, 200px\" \/><\/a><\/h6>\n<h6 style=\"text-align: center;\"><strong>INSCRIPCIONES EN LA ASOCIACI\u00d3N<\/strong><\/h6>\n<p style=\"text-align: center;\">+ + +<\/p>\n<p>Para ponerse en contacto conmigo, por cualquier problema con el blog dirigirse al siguiente formulario. S\u00f3lo para contactar conmigo,\u00a0para cualquier cosa referente al viaje contactar con los tel\u00e9fonos dados m\u00e1s arriba.<\/p>\n<p>[contact_bank form_id=1 show_title=true show_desc=false]<\/p>\n","protected":false},"excerpt":{"rendered":"<p>Lunes 23 de octubre de 2017 La Asociaci\u00f3n de Jubilados y Pensionistas de Fuengirola, nos hace llegar el siguiente comunicado: \u00abComo cada a\u00f1o esta Asocioci\u00f3n ha organizado la tradicional Comida de Navidad, esta vez para el domingo d\u00eda 10 de Diciembre. Queda abierto el plazo de inscripci\u00f3n.\u00bb INSCRIPCIONES EN LA ASOCIACI\u00d3N + + + Para &hellip; <a href=\"https:\/\/felix.ares.fm\/?p=11416\" class=\"more-link\">Seguir leyendo <span class=\"screen-reader-text\">Asociaci\u00f3n de Jubilados y&#8230; Comunicado: Cena de Navidad<\/span> <span class=\"meta-nav\">&rarr;<\/span><\/a><\/p>\n","protected":false},"author":1,"featured_media":0,"comment_status":"closed","ping_status":"open","sticky":false,"template":"","format":"standard","meta":{"footnotes":""},"categories":[564,855],"tags":[],"class_list":["post-11416","post","type-post","status-publish","format-standard","hentry","category-asociacion-de-jubilados-y-pensionistas-de-fuengirola","category-comunicado-urgente"],"_links":{"self":[{"href":"https:\/\/felix.ares.fm\/index.php?rest_route=\/wp\/v2\/posts\/11416","targetHints":{"allow":["GET"]}}],"collection":[{"href":"https:\/\/felix.ares.fm\/index.php?rest_route=\/wp\/v2\/posts"}],"about":[{"href":"https:\/\/felix.ares.fm\/index.php?rest_route=\/wp\/v2\/types\/post"}],"author":[{"embeddable":true,"href":"https:\/\/felix.ares.fm\/index.php?rest_route=\/wp\/v2\/users\/1"}],"replies":[{"embeddable":true,"href":"https:\/\/felix.ares.fm\/index.php?rest_route=%2Fwp%2Fv2%2Fcomments&post=11416"}],"version-history":[{"count":3,"href":"https:\/\/felix.ares.fm\/index.php?rest_route=\/wp\/v2\/posts\/11416\/revisions"}],"predecessor-version":[{"id":11428,"href":"https:\/\/felix.ares.fm\/index.php?rest_route=\/wp\/v2\/posts\/11416\/revisions\/11428"}],"wp:attachment":[{"href":"https:\/\/felix.ares.fm\/index.php?rest_route=%2Fwp%2Fv2%2Fmedia&parent=11416"}],"wp:term":[{"taxonomy":"category","embeddable":true,"href":"https:\/\/felix.ares.fm\/index.php?rest_route=%2Fwp%2Fv2%2Fcategories&post=11416"},{"taxonomy":"post_tag","embeddable":true,"href":"https:\/\/felix.ares.fm\/index.php?rest_route=%2Fwp%2Fv2%2Ftags&post=11416"}],"curies":[{"name":"wp","href":"https:\/\/api.w.org\/{rel}","templated":true}]}}