{"id":11412,"date":"2017-10-23T07:26:12","date_gmt":"2017-10-23T05:26:12","guid":{"rendered":"http:\/\/felix.ares.fm\/?p=11412"},"modified":"2017-10-24T00:00:43","modified_gmt":"2017-10-23T22:00:43","slug":"asociacion-de-jubilados-y-notificacion-cena-de-nochevieja","status":"publish","type":"post","link":"https:\/\/felix.ares.fm\/?p=11412","title":{"rendered":"Asociaci\u00f3n de Jubilados y&#8230; Comunicado: Cena de Nochevieja"},"content":{"rendered":"<h4>Lunes 23 de octubre de 2017<\/h4>\n<h4>La <a href=\"http:\/\/www.paginasamarillas.es\/f\/fuengirola\/asociacion-de-jubilados-y-pensionistas-de-fuengirola_201362985_000000001.html\" target=\"_blank\">Asociaci\u00f3n de Jubilados y Pensionistas de Fuengirola<\/a>, nos hace llegar el siguiente <span style=\"color: #ff00ff;\">comunicado<\/span>:<\/h4>\n<div class=\"moz-text-html\" lang=\"x-unicode\"><\/div>\n<h5><a href=\"http:\/\/felix.ares.fm\/?attachment_id=11413\" rel=\"attachment wp-att-11413\"><img loading=\"lazy\" decoding=\"async\" class=\"aligncenter size-full wp-image-11413\" src=\"http:\/\/felix.ares.fm\/wp-content\/uploads\/2017\/09\/NOCHE-VIEJA-2017-18-ALMU\u00d1ECAR-FUENGIROLA.jpg\" alt=\"NOCHE VIEJA 2017-18 ALMU\u00d1ECAR FUENGIROLA\" width=\"1754\" height=\"2480\" srcset=\"https:\/\/felix.ares.fm\/wp-content\/uploads\/2017\/09\/NOCHE-VIEJA-2017-18-ALMU\u00d1ECAR-FUENGIROLA.jpg 1754w, https:\/\/felix.ares.fm\/wp-content\/uploads\/2017\/09\/NOCHE-VIEJA-2017-18-ALMU\u00d1ECAR-FUENGIROLA-212x300.jpg 212w, https:\/\/felix.ares.fm\/wp-content\/uploads\/2017\/09\/NOCHE-VIEJA-2017-18-ALMU\u00d1ECAR-FUENGIROLA-768x1086.jpg 768w, https:\/\/felix.ares.fm\/wp-content\/uploads\/2017\/09\/NOCHE-VIEJA-2017-18-ALMU\u00d1ECAR-FUENGIROLA-724x1024.jpg 724w, https:\/\/felix.ares.fm\/wp-content\/uploads\/2017\/09\/NOCHE-VIEJA-2017-18-ALMU\u00d1ECAR-FUENGIROLA-21x30.jpg 21w\" sizes=\"auto, (max-width: 1754px) 100vw, 1754px\" \/><\/a><\/h5>\n<h5>Como el recuadro de arriba ha quedado un poco peque\u00f1o, lo transcribo para que se vea mejor. <span style=\"color: #ff00ff;\">Pero tengan en cuenta que lo correcto es la imagen de arriba. Espero no confundirme al transcribir, pero no lo puedo asegurar.<\/span><\/h5>\n<h6>ORGANIZADO POR VIAJES MUHER, S.L.: CIF B-93020634 &#8211; AN- 292064-2<br \/>\nIngresar en Banco de Santander C.C.: ES80-0049\u20140948\u201499-2410001509<br \/>\nIndicando: Nombre y Apellidos. Viaje. Fuengirola.<\/h6>\n<h6>Asociaci\u00f3n de Jubilados y Pensionista de Fuengirola.<br \/>\nReservas: Asoc; 658 99 77 92 &#8211; Infomaci\u00f3n: Viajes Muher; M\u00aa Jos\u00e9; 667 22 01 95<\/h6>\n<h6>INCLUYE<\/h6>\n<h6>. Autocar Gran Turismo<br \/>\n. Hotel **** en r\u00e9gimen de pensi\u00f3n completa (habitaci\u00f3n doble)<br \/>\n. Cena de Gala (31-12-2017) servido eb mesa. Cotill\u00f3n. Barra libre<br \/>\n. Coordinador de grupo de entrada y salida del hotel<br \/>\n. Seguro de aistencia en viaje<br \/>\n. Excusi\u00f3n \u00faltimo d\u00eda<\/h6>\n<p>&nbsp;<\/p>\n<p>Para ponerse en contacto conmigo, por cualquier problema con el blog dirigirse al siguiente formulario. S\u00f3lo para contactar conmigo,<span style=\"color: #ff00ff;\"> para cualquier cosa referente al viaje contactar con los tel\u00e9fonos dados m\u00e1s arriba<\/span>.<\/p>\n<p>&nbsp;<\/p>\n<p>[contact_bank form_id=1 show_title=true show_desc=false]<\/p>\n","protected":false},"excerpt":{"rendered":"<p>Lunes 23 de octubre de 2017 La Asociaci\u00f3n de Jubilados y Pensionistas de Fuengirola, nos hace llegar el siguiente comunicado: Como el recuadro de arriba ha quedado un poco peque\u00f1o, lo transcribo para que se vea mejor. Pero tengan en cuenta que lo correcto es la imagen de arriba. Espero no confundirme al transcribir, pero &hellip; <a href=\"https:\/\/felix.ares.fm\/?p=11412\" class=\"more-link\">Seguir leyendo <span class=\"screen-reader-text\">Asociaci\u00f3n de Jubilados y&#8230; Comunicado: Cena de Nochevieja<\/span> <span class=\"meta-nav\">&rarr;<\/span><\/a><\/p>\n","protected":false},"author":1,"featured_media":0,"comment_status":"closed","ping_status":"open","sticky":false,"template":"","format":"standard","meta":{"footnotes":""},"categories":[564,855],"tags":[],"class_list":["post-11412","post","type-post","status-publish","format-standard","hentry","category-asociacion-de-jubilados-y-pensionistas-de-fuengirola","category-comunicado-urgente"],"_links":{"self":[{"href":"https:\/\/felix.ares.fm\/index.php?rest_route=\/wp\/v2\/posts\/11412","targetHints":{"allow":["GET"]}}],"collection":[{"href":"https:\/\/felix.ares.fm\/index.php?rest_route=\/wp\/v2\/posts"}],"about":[{"href":"https:\/\/felix.ares.fm\/index.php?rest_route=\/wp\/v2\/types\/post"}],"author":[{"embeddable":true,"href":"https:\/\/felix.ares.fm\/index.php?rest_route=\/wp\/v2\/users\/1"}],"replies":[{"embeddable":true,"href":"https:\/\/felix.ares.fm\/index.php?rest_route=%2Fwp%2Fv2%2Fcomments&post=11412"}],"version-history":[{"count":4,"href":"https:\/\/felix.ares.fm\/index.php?rest_route=\/wp\/v2\/posts\/11412\/revisions"}],"predecessor-version":[{"id":11427,"href":"https:\/\/felix.ares.fm\/index.php?rest_route=\/wp\/v2\/posts\/11412\/revisions\/11427"}],"wp:attachment":[{"href":"https:\/\/felix.ares.fm\/index.php?rest_route=%2Fwp%2Fv2%2Fmedia&parent=11412"}],"wp:term":[{"taxonomy":"category","embeddable":true,"href":"https:\/\/felix.ares.fm\/index.php?rest_route=%2Fwp%2Fv2%2Fcategories&post=11412"},{"taxonomy":"post_tag","embeddable":true,"href":"https:\/\/felix.ares.fm\/index.php?rest_route=%2Fwp%2Fv2%2Ftags&post=11412"}],"curies":[{"name":"wp","href":"https:\/\/api.w.org\/{rel}","templated":true}]}}