{"id":11409,"date":"2017-09-18T14:26:12","date_gmt":"2017-09-18T12:26:12","guid":{"rendered":"http:\/\/felix.ares.fm\/?p=11409"},"modified":"2017-10-21T12:59:38","modified_gmt":"2017-10-21T10:59:38","slug":"asociacion-de-jubilados-y-proximos-taller-de-manejo-de-moviles","status":"publish","type":"post","link":"https:\/\/felix.ares.fm\/?p=11409","title":{"rendered":"Asociaci\u00f3n de Jubilados y&#8230; Pr\u00f3ximo taller de manejo de m\u00f3viles"},"content":{"rendered":"<h4>S\u00e1bado 21 de octubre de 2017<\/h4>\n<h4>La <a href=\"http:\/\/www.paginasamarillas.es\/f\/fuengirola\/asociacion-de-jubilados-y-pensionistas-de-fuengirola_201362985_000000001.html\" target=\"_blank\">Asociaci\u00f3n de Jubilados y Pensionistas de Fuengirola<\/a>, nos hace llegar el siguiente <span style=\"color: #ff00ff;\">comunicado<\/span>:<\/h4>\n<h6 id=\"yui_3_16_0_ym19_1_1508401516649_10391\" dir=\"ltr\" style=\"padding-left: 30px;\">\u00abEl pr\u00f3ximo lunes ,23, dar\u00e1 comienzo un nuevo curso para aprender a manejar los m\u00f3viles. Estas clases van dirigidas a las personas que sepan poco o nada de ellos.<\/h6>\n<h6 id=\"yui_3_16_0_ym19_1_1508401516649_12218\" dir=\"ltr\" style=\"padding-left: 30px;\">Horarios: lunes y mi\u00e9rcoles a las once\u00bb.<\/h6>\n<p>&nbsp;<\/p>\n<ul>\n<li style=\"text-align: center;\">+ *<br \/>\nContacto con los autores del blog:<\/li>\n<\/ul>\n<p style=\"text-align: justify;\">[contact_bank form_id=1 show_title=true show_desc=false]<\/p>\n","protected":false},"excerpt":{"rendered":"<p>S\u00e1bado 21 de octubre de 2017 La Asociaci\u00f3n de Jubilados y Pensionistas de Fuengirola, nos hace llegar el siguiente comunicado: \u00abEl pr\u00f3ximo lunes ,23, dar\u00e1 comienzo un nuevo curso para aprender a manejar los m\u00f3viles. Estas clases van dirigidas a las personas que sepan poco o nada de ellos. Horarios: lunes y mi\u00e9rcoles a las &hellip; <a href=\"https:\/\/felix.ares.fm\/?p=11409\" class=\"more-link\">Seguir leyendo <span class=\"screen-reader-text\">Asociaci\u00f3n de Jubilados y&#8230; Pr\u00f3ximo taller de manejo de m\u00f3viles<\/span> <span class=\"meta-nav\">&rarr;<\/span><\/a><\/p>\n","protected":false},"author":1,"featured_media":0,"comment_status":"closed","ping_status":"open","sticky":false,"template":"","format":"standard","meta":{"footnotes":""},"categories":[564,855],"tags":[],"class_list":["post-11409","post","type-post","status-publish","format-standard","hentry","category-asociacion-de-jubilados-y-pensionistas-de-fuengirola","category-comunicado-urgente"],"_links":{"self":[{"href":"https:\/\/felix.ares.fm\/index.php?rest_route=\/wp\/v2\/posts\/11409","targetHints":{"allow":["GET"]}}],"collection":[{"href":"https:\/\/felix.ares.fm\/index.php?rest_route=\/wp\/v2\/posts"}],"about":[{"href":"https:\/\/felix.ares.fm\/index.php?rest_route=\/wp\/v2\/types\/post"}],"author":[{"embeddable":true,"href":"https:\/\/felix.ares.fm\/index.php?rest_route=\/wp\/v2\/users\/1"}],"replies":[{"embeddable":true,"href":"https:\/\/felix.ares.fm\/index.php?rest_route=%2Fwp%2Fv2%2Fcomments&post=11409"}],"version-history":[{"count":2,"href":"https:\/\/felix.ares.fm\/index.php?rest_route=\/wp\/v2\/posts\/11409\/revisions"}],"predecessor-version":[{"id":11411,"href":"https:\/\/felix.ares.fm\/index.php?rest_route=\/wp\/v2\/posts\/11409\/revisions\/11411"}],"wp:attachment":[{"href":"https:\/\/felix.ares.fm\/index.php?rest_route=%2Fwp%2Fv2%2Fmedia&parent=11409"}],"wp:term":[{"taxonomy":"category","embeddable":true,"href":"https:\/\/felix.ares.fm\/index.php?rest_route=%2Fwp%2Fv2%2Fcategories&post=11409"},{"taxonomy":"post_tag","embeddable":true,"href":"https:\/\/felix.ares.fm\/index.php?rest_route=%2Fwp%2Fv2%2Ftags&post=11409"}],"curies":[{"name":"wp","href":"https:\/\/api.w.org\/{rel}","templated":true}]}}