{"id":11395,"date":"2017-09-29T07:26:12","date_gmt":"2017-09-29T05:26:12","guid":{"rendered":"http:\/\/felix.ares.fm\/?p=11395"},"modified":"2017-09-29T22:58:36","modified_gmt":"2017-09-29T20:58:36","slug":"asociacion-de-jubilados-y-notificacion-viaje-dos-dias-tartessus-cadiz-con-jamon-incluido-2","status":"publish","type":"post","link":"https:\/\/felix.ares.fm\/?p=11395","title":{"rendered":"Asociaci\u00f3n de Jubilados y&#8230; Notificaci\u00f3n: Viaje dos d\u00edas. Tartessus. C\u00e1diz con jam\u00f3n incluido"},"content":{"rendered":"<h4>Viernes 29 de septiembre\u00a0de 2017<\/h4>\n<h4>La <a href=\"http:\/\/www.paginasamarillas.es\/f\/fuengirola\/asociacion-de-jubilados-y-pensionistas-de-fuengirola_201362985_000000001.html\" target=\"_blank\">Asociaci\u00f3n de Jubilados y Pensionistas de Fuengirola<\/a>, nos hace llegar el siguiente <span style=\"color: #ff00ff;\">comunicado<\/span>:<\/h4>\n<div class=\"moz-text-html\" lang=\"x-unicode\">\n<div>\n<div class=\"moz-text-html\" lang=\"x-unicode\">\n<div>\n<h5>SE COMUNICA QUE SE HAN AMPLIADO LAS PLAZAS PARA ESTE VIAJE.<\/h5>\n<h5>LOS INTERESADOS PUEDEN INSCRIBIRSE A PARTIR DE HOY.<\/h5>\n<\/div>\n<\/div>\n<\/div>\n<\/div>\n<h6 id=\"yui_3_16_0_ym19_1_1494325603369_3388\" style=\"padding-left: 30px;\"><a href=\"http:\/\/felix.ares.fm\/?attachment_id=11376\" rel=\"attachment wp-att-11376\"><img loading=\"lazy\" decoding=\"async\" class=\"aligncenter size-full wp-image-11376\" src=\"http:\/\/felix.ares.fm\/wp-content\/uploads\/2017\/09\/2-DIAS-HOTEL-TARTESSUS-CADIZ-CON-JAMON-FUENGIROLA-copia.jpg\" alt=\"2 DIAS HOTEL TARTESSUS CADIZ CON JAMON FUENGIROLA copia\" width=\"1754\" height=\"2480\" srcset=\"https:\/\/felix.ares.fm\/wp-content\/uploads\/2017\/09\/2-DIAS-HOTEL-TARTESSUS-CADIZ-CON-JAMON-FUENGIROLA-copia.jpg 1754w, https:\/\/felix.ares.fm\/wp-content\/uploads\/2017\/09\/2-DIAS-HOTEL-TARTESSUS-CADIZ-CON-JAMON-FUENGIROLA-copia-212x300.jpg 212w, https:\/\/felix.ares.fm\/wp-content\/uploads\/2017\/09\/2-DIAS-HOTEL-TARTESSUS-CADIZ-CON-JAMON-FUENGIROLA-copia-768x1086.jpg 768w, https:\/\/felix.ares.fm\/wp-content\/uploads\/2017\/09\/2-DIAS-HOTEL-TARTESSUS-CADIZ-CON-JAMON-FUENGIROLA-copia-724x1024.jpg 724w, https:\/\/felix.ares.fm\/wp-content\/uploads\/2017\/09\/2-DIAS-HOTEL-TARTESSUS-CADIZ-CON-JAMON-FUENGIROLA-copia-21x30.jpg 21w\" sizes=\"auto, (max-width: 1754px) 100vw, 1754px\" \/><\/a><\/h6>\n<p>Como el recuadro de arriba ha quedado un poco peque\u00f1o, lo transcribo para que se vea mejor. Pero tengan en cuenta que lo correcto es la imagen de arriba. Espero no confundirme, pero no lo puedo asegurar.<\/p>\n<h6>ORGANIZADO POR VIAJES MUHER, S.L.: CIF B-93020634 &#8211; AN- 292064-2<br \/>\nIngresar en Banco de Santander C.C.: ES80-0049\u20140948\u201499-2410001509<br \/>\nIndicando: Nombre y Apellidos. Viaje. Fuengirola.<\/h6>\n<h6>Asociaci\u00f3n de Jubilados y Pensionista de Fuengirola.<br \/>\nReservas: Asoc; 658 99 77 92 &#8211; Infomaci\u00f3n: Viajes Muher; M\u00aa Jos\u00e9; 667 22 01 95<\/h6>\n<p>Para ponerse en contacto conmigo, por cualquier problema con el blog dirigirse al siguiente formulario. S\u00f3lo para contactar conmigo, para cualquier cosa referente al viaje contactar con los tel\u00e9fonos dados m\u00e1s arriba.<\/p>\n<p>[contact_bank form_id=1 show_title=true show_desc=false]<\/p>\n<p><span style=\"border-radius: 2px; text-indent: 20px; width: auto; padding: 0px 4px 0px 0px; text-align: center; font: bold 11px\/20px 'Helvetica Neue',Helvetica,sans-serif; color: #ffffff; background: #bd081c no-repeat scroll 3px 50% \/ 14px 14px; position: absolute; opacity: 1; z-index: 8675309; display: none; cursor: pointer; top: 338px; left: 50px;\">Guardar<\/span><\/p>\n<p><span style=\"border-radius: 2px; text-indent: 20px; width: auto; padding: 0px 4px 0px 0px; text-align: center; font: bold 11px\/20px 'Helvetica Neue',Helvetica,sans-serif; color: #ffffff; background: #bd081c  no-repeat scroll 3px 50% \/ 14px 14px; position: absolute; opacity: 1; z-index: 8675309; display: block; cursor: pointer; top: 371px; left: 50px;\">Guardar<\/span><\/p>\n","protected":false},"excerpt":{"rendered":"<p>Viernes 29 de septiembre\u00a0de 2017 La Asociaci\u00f3n de Jubilados y Pensionistas de Fuengirola, nos hace llegar el siguiente comunicado: SE COMUNICA QUE SE HAN AMPLIADO LAS PLAZAS PARA ESTE VIAJE. LOS INTERESADOS PUEDEN INSCRIBIRSE A PARTIR DE HOY. Como el recuadro de arriba ha quedado un poco peque\u00f1o, lo transcribo para que se vea mejor. &hellip; <a href=\"https:\/\/felix.ares.fm\/?p=11395\" class=\"more-link\">Seguir leyendo <span class=\"screen-reader-text\">Asociaci\u00f3n de Jubilados y&#8230; Notificaci\u00f3n: Viaje dos d\u00edas. Tartessus. C\u00e1diz con jam\u00f3n incluido<\/span> <span class=\"meta-nav\">&rarr;<\/span><\/a><\/p>\n","protected":false},"author":1,"featured_media":0,"comment_status":"closed","ping_status":"open","sticky":false,"template":"","format":"standard","meta":{"footnotes":""},"categories":[564,855],"tags":[],"class_list":["post-11395","post","type-post","status-publish","format-standard","hentry","category-asociacion-de-jubilados-y-pensionistas-de-fuengirola","category-comunicado-urgente"],"_links":{"self":[{"href":"https:\/\/felix.ares.fm\/index.php?rest_route=\/wp\/v2\/posts\/11395","targetHints":{"allow":["GET"]}}],"collection":[{"href":"https:\/\/felix.ares.fm\/index.php?rest_route=\/wp\/v2\/posts"}],"about":[{"href":"https:\/\/felix.ares.fm\/index.php?rest_route=\/wp\/v2\/types\/post"}],"author":[{"embeddable":true,"href":"https:\/\/felix.ares.fm\/index.php?rest_route=\/wp\/v2\/users\/1"}],"replies":[{"embeddable":true,"href":"https:\/\/felix.ares.fm\/index.php?rest_route=%2Fwp%2Fv2%2Fcomments&post=11395"}],"version-history":[{"count":1,"href":"https:\/\/felix.ares.fm\/index.php?rest_route=\/wp\/v2\/posts\/11395\/revisions"}],"predecessor-version":[{"id":11397,"href":"https:\/\/felix.ares.fm\/index.php?rest_route=\/wp\/v2\/posts\/11395\/revisions\/11397"}],"wp:attachment":[{"href":"https:\/\/felix.ares.fm\/index.php?rest_route=%2Fwp%2Fv2%2Fmedia&parent=11395"}],"wp:term":[{"taxonomy":"category","embeddable":true,"href":"https:\/\/felix.ares.fm\/index.php?rest_route=%2Fwp%2Fv2%2Fcategories&post=11395"},{"taxonomy":"post_tag","embeddable":true,"href":"https:\/\/felix.ares.fm\/index.php?rest_route=%2Fwp%2Fv2%2Ftags&post=11395"}],"curies":[{"name":"wp","href":"https:\/\/api.w.org\/{rel}","templated":true}]}}