{"id":11381,"date":"2017-09-11T14:26:12","date_gmt":"2017-09-11T12:26:12","guid":{"rendered":"http:\/\/felix.ares.fm\/?p=11381"},"modified":"2017-09-11T21:16:46","modified_gmt":"2017-09-11T19:16:46","slug":"asociacion-de-jubilados-y-informacion-para-los-que-viajaran-a-rumania","status":"publish","type":"post","link":"https:\/\/felix.ares.fm\/?p=11381","title":{"rendered":"Asociaci\u00f3n de Jubilados y&#8230; INFORMACI\u00d3N PARA LOS QUE VIAJARAN A RUMAN\u00cdA"},"content":{"rendered":"<h4>Lunes 11\u00a0 de septiembre de 2017<\/h4>\n<h4>La <a href=\"http:\/\/www.paginasamarillas.es\/f\/fuengirola\/asociacion-de-jubilados-y-pensionistas-de-fuengirola_201362985_000000001.html\" target=\"_blank\">Asociaci\u00f3n de Jubilados y Pensionistas de Fuengirola<\/a>, nos hace llegar el siguiente <span style=\"color: #ff00ff;\">comunicado<\/span>:<\/h4>\n<h6>\u00abSe comunica a todos los que viajaran a Ruman\u00eda, que el dia 19\/09\/2017 martes a las 17 h tendremos una reuni\u00f3n informativa en las dependencias del bar.<\/h6>\n<h6>A continuaci\u00f3n comunicamos los horarios de recogida para el d\u00eda de salida.<\/h6>\n<h6 id=\"yui_3_16_0_ym19_1_1505138574142_38041\" dir=\"ltr\" style=\"padding-left: 30px;\"><strong>LOS BOLICHES:&#8230; 7:30<br \/>\nFERIA :&#8230;&#8230;&#8230;&#8230;&#8230;. 7:35<br \/>\nMERCACENTRO:.. 7:40<br \/>\nMEZQUITA:&#8230;&#8230;&#8230; 7:50<\/strong><\/h6>\n<h6 id=\"yui_3_16_0_ym19_1_1505138574142_38045\" dir=\"ltr\"><span style=\"color: #ff00ff;\">MEDIDAS Y PESO DEL EQUIPAJE<\/span><\/h6>\n<h6 id=\"yui_3_16_0_ym19_1_1505138574142_38083\" dir=\"ltr\"><span id=\"transmark\" style=\"display: none; width: 0px; height: 0px;\"><\/span>Maletas de 55x40x20\u00a0 10kg<br \/>\nMaletas de100x80x30 32 kg<\/h6>\n<h6 dir=\"ltr\">La compa\u00f1\u00eda a\u00e9rea es <a href=\"https:\/\/www.blueairweb.com\/es\/es\/\" target=\"_blank\">BLUE AIR<\/a>\u00bb<\/h6>\n<h5 style=\"padding-left: 30px;\"><\/h5>\n","protected":false},"excerpt":{"rendered":"<p>Lunes 11\u00a0 de septiembre de 2017 La Asociaci\u00f3n de Jubilados y Pensionistas de Fuengirola, nos hace llegar el siguiente comunicado: \u00abSe comunica a todos los que viajaran a Ruman\u00eda, que el dia 19\/09\/2017 martes a las 17 h tendremos una reuni\u00f3n informativa en las dependencias del bar. A continuaci\u00f3n comunicamos los horarios de recogida para &hellip; <a href=\"https:\/\/felix.ares.fm\/?p=11381\" class=\"more-link\">Seguir leyendo <span class=\"screen-reader-text\">Asociaci\u00f3n de Jubilados y&#8230; INFORMACI\u00d3N PARA LOS QUE VIAJARAN A RUMAN\u00cdA<\/span> <span class=\"meta-nav\">&rarr;<\/span><\/a><\/p>\n","protected":false},"author":1,"featured_media":0,"comment_status":"closed","ping_status":"open","sticky":false,"template":"","format":"standard","meta":{"footnotes":""},"categories":[564,855],"tags":[],"class_list":["post-11381","post","type-post","status-publish","format-standard","hentry","category-asociacion-de-jubilados-y-pensionistas-de-fuengirola","category-comunicado-urgente"],"_links":{"self":[{"href":"https:\/\/felix.ares.fm\/index.php?rest_route=\/wp\/v2\/posts\/11381","targetHints":{"allow":["GET"]}}],"collection":[{"href":"https:\/\/felix.ares.fm\/index.php?rest_route=\/wp\/v2\/posts"}],"about":[{"href":"https:\/\/felix.ares.fm\/index.php?rest_route=\/wp\/v2\/types\/post"}],"author":[{"embeddable":true,"href":"https:\/\/felix.ares.fm\/index.php?rest_route=\/wp\/v2\/users\/1"}],"replies":[{"embeddable":true,"href":"https:\/\/felix.ares.fm\/index.php?rest_route=%2Fwp%2Fv2%2Fcomments&post=11381"}],"version-history":[{"count":7,"href":"https:\/\/felix.ares.fm\/index.php?rest_route=\/wp\/v2\/posts\/11381\/revisions"}],"predecessor-version":[{"id":11388,"href":"https:\/\/felix.ares.fm\/index.php?rest_route=\/wp\/v2\/posts\/11381\/revisions\/11388"}],"wp:attachment":[{"href":"https:\/\/felix.ares.fm\/index.php?rest_route=%2Fwp%2Fv2%2Fmedia&parent=11381"}],"wp:term":[{"taxonomy":"category","embeddable":true,"href":"https:\/\/felix.ares.fm\/index.php?rest_route=%2Fwp%2Fv2%2Fcategories&post=11381"},{"taxonomy":"post_tag","embeddable":true,"href":"https:\/\/felix.ares.fm\/index.php?rest_route=%2Fwp%2Fv2%2Ftags&post=11381"}],"curies":[{"name":"wp","href":"https:\/\/api.w.org\/{rel}","templated":true}]}}