{"id":11367,"date":"2017-08-30T08:01:12","date_gmt":"2017-08-30T06:01:12","guid":{"rendered":"http:\/\/felix.ares.fm\/?p=11367"},"modified":"2017-09-03T19:21:29","modified_gmt":"2017-09-03T17:21:29","slug":"asociacion-de-jubilados-y-menu-del-proximo-miercoles-30-de-agosto-2017","status":"publish","type":"post","link":"https:\/\/felix.ares.fm\/?p=11367","title":{"rendered":"Asociaci\u00f3n de Jubilados y&#8230; Men\u00fa del pr\u00f3ximo mi\u00e9rcoles (30 de agosto 2017)"},"content":{"rendered":"<h4>Todos los mi\u00e9rcoles la <a href=\"http:\/\/www.paginasamarillas.es\/f\/fuengirola\/asociacion-de-jubilados-y-pensionistas-de-fuengirola_201362985_000000001.html\">Asociaci\u00f3n de Jubilados y Pensionistas de Fuengirola<\/a>\u00a0celebra una comida de confraternizaci\u00f3n que se celebra en el bar\/restaurante del <a href=\"http:\/\/www.paginasamarillas.es\/f\/fuengirola\/hogar-social-de-fuengirola_015611296_000000004.html\">Hogar del Jubilado<\/a> de la calle Blanca Paloma.<\/h4>\n<h6>Para el pr\u00f3ximo mi\u00e9rcoles \u00a0<span style=\"color: #ff00ff;\">30 de agosto<\/span> el men\u00fa es el siguiente:<\/h6>\n<h6>1\u00b0plato:<\/h6>\n<h6 id=\"yui_3_16_0_ym19_1_1503996594829_8838\" style=\"padding-left: 30px;\"><strong>_potaje de garbanzos,bacalao y acelgas<\/strong><\/h6>\n<h6 style=\"padding-left: 30px;\"><strong>_ensaladilla rusa<\/strong><\/h6>\n<h6 id=\"yui_3_16_0_ym19_1_1503996594829_8840\" style=\"padding-left: 30px;\"><strong>_revuelto de pisto<\/strong><\/h6>\n<div id=\"yui_3_16_0_ym19_1_1503996594829_8841\"><\/div>\n<h6 id=\"yui_3_16_0_ym19_1_1503996594829_8842\">2\u00b0plato:<\/h6>\n<h6 id=\"yui_3_16_0_ym19_1_1503996594829_7452\" style=\"padding-left: 30px;\">_escalopines pimienta<\/h6>\n<h6 id=\"yui_3_16_0_ym19_1_1503996594829_7455\" style=\"padding-left: 30px;\">_boquerones fritos<\/h6>\n<h6 id=\"yui_3_16_0_ym19_1_1503996594829_7456\" style=\"padding-left: 30px;\">_huevos rellenos bolo\u00f1esa<\/h6>\n<h6 style=\"padding-left: 30px;\"><\/h6>\n<div><\/div>\n<p><strong><span style=\"color: #ff00ff;\">Pan +bebida+postre incluidos<\/span><\/strong><\/p>\n<h6>-precio especial jubilados 6&#8217;30 \u20ac<\/h6>\n<h6>Reserva tlf<span style=\"color: #0000ff;\"> 662484307<\/span> Sra ana<\/h6>\n<h6>Si usted hace fotos de la comida, me gustar\u00eda tener alguna para publicarla en este blog.<\/h6>\n<p>[contact_bank form_id=1 show_title=true show_desc=false]<\/p>\n","protected":false},"excerpt":{"rendered":"<p>Todos los mi\u00e9rcoles la Asociaci\u00f3n de Jubilados y Pensionistas de Fuengirola\u00a0celebra una comida de confraternizaci\u00f3n que se celebra en el bar\/restaurante del Hogar del Jubilado de la calle Blanca Paloma. Para el pr\u00f3ximo mi\u00e9rcoles \u00a030 de agosto el men\u00fa es el siguiente: 1\u00b0plato: _potaje de garbanzos,bacalao y acelgas _ensaladilla rusa _revuelto de pisto 2\u00b0plato: _escalopines &hellip; <a href=\"https:\/\/felix.ares.fm\/?p=11367\" class=\"more-link\">Seguir leyendo <span class=\"screen-reader-text\">Asociaci\u00f3n de Jubilados y&#8230; Men\u00fa del pr\u00f3ximo mi\u00e9rcoles (30 de agosto 2017)<\/span> <span class=\"meta-nav\">&rarr;<\/span><\/a><\/p>\n","protected":false},"author":1,"featured_media":0,"comment_status":"closed","ping_status":"open","sticky":false,"template":"","format":"standard","meta":{"footnotes":""},"categories":[564,815],"tags":[],"class_list":["post-11367","post","type-post","status-publish","format-standard","hentry","category-asociacion-de-jubilados-y-pensionistas-de-fuengirola","category-menus-de-los-miercoles"],"_links":{"self":[{"href":"https:\/\/felix.ares.fm\/index.php?rest_route=\/wp\/v2\/posts\/11367","targetHints":{"allow":["GET"]}}],"collection":[{"href":"https:\/\/felix.ares.fm\/index.php?rest_route=\/wp\/v2\/posts"}],"about":[{"href":"https:\/\/felix.ares.fm\/index.php?rest_route=\/wp\/v2\/types\/post"}],"author":[{"embeddable":true,"href":"https:\/\/felix.ares.fm\/index.php?rest_route=\/wp\/v2\/users\/1"}],"replies":[{"embeddable":true,"href":"https:\/\/felix.ares.fm\/index.php?rest_route=%2Fwp%2Fv2%2Fcomments&post=11367"}],"version-history":[{"count":1,"href":"https:\/\/felix.ares.fm\/index.php?rest_route=\/wp\/v2\/posts\/11367\/revisions"}],"predecessor-version":[{"id":11368,"href":"https:\/\/felix.ares.fm\/index.php?rest_route=\/wp\/v2\/posts\/11367\/revisions\/11368"}],"wp:attachment":[{"href":"https:\/\/felix.ares.fm\/index.php?rest_route=%2Fwp%2Fv2%2Fmedia&parent=11367"}],"wp:term":[{"taxonomy":"category","embeddable":true,"href":"https:\/\/felix.ares.fm\/index.php?rest_route=%2Fwp%2Fv2%2Fcategories&post=11367"},{"taxonomy":"post_tag","embeddable":true,"href":"https:\/\/felix.ares.fm\/index.php?rest_route=%2Fwp%2Fv2%2Ftags&post=11367"}],"curies":[{"name":"wp","href":"https:\/\/api.w.org\/{rel}","templated":true}]}}