{"id":11362,"date":"2017-08-20T14:26:12","date_gmt":"2017-08-20T12:26:12","guid":{"rendered":"http:\/\/felix.ares.fm\/?p=11362"},"modified":"2017-08-20T20:14:04","modified_gmt":"2017-08-20T18:14:04","slug":"asociacion-de-jubilados-y-notificacion-del-taller-de-telefonos-moviles-android","status":"publish","type":"post","link":"https:\/\/felix.ares.fm\/?p=11362","title":{"rendered":"Asociaci\u00f3n de Jubilados y&#8230; Notificaci\u00f3n del taller de tel\u00e9fonos m\u00f3viles Android"},"content":{"rendered":"<h4>Domingo 20 de agosto de 2017<\/h4>\n<p>Andaba por Par\u00eds, tomando una cerveza desde el Museo del Hombre, mirando a la Torre Eiffel, cuando me ha llegado este mensaje:<\/p>\n<h4>La <a href=\"http:\/\/www.paginasamarillas.es\/f\/fuengirola\/asociacion-de-jubilados-y-pensionistas-de-fuengirola_201362985_000000001.html\" target=\"_blank\">Asociaci\u00f3n de Jubilados y Pensionistas de Fuengirola<\/a>, nos hace llegar el siguiente <span style=\"color: #ff00ff;\">comunicado<\/span>:<\/h4>\n<h5 style=\"padding-left: 30px;\">\u00a0\u00ab\u00a0Durante el mes de septiembre van a dar comienzo las clases para aprender a manejar los m\u00f3viles con sistema operativo Android. Estas clases van dirigidas a las personas que sepan poco o nada de estas nuevas tecnolog\u00edas.<\/h5>\n<h5 id=\"yui_3_16_0_ym19_1_1502875150572_3157\" dir=\"ltr\" style=\"padding-left: 30px;\"><span id=\"yui_3_16_0_ym19_1_1502875150572_3156\">Horario: Lunes y mi\u00e9rcoles de 11 a 12Horas.<\/span><\/h5>\n<h5 id=\"yui_3_16_0_ym19_1_1502875150572_3197\" dir=\"ltr\"><\/h5>\n<h5 id=\"yui_3_16_0_ym19_1_1502875150572_3158\" dir=\"ltr\" style=\"padding-left: 30px;\"><span id=\"yui_3_16_0_ym19_1_1502875150572_3168\">\u00a0Tambi\u00e9n os recuerdo el horario del taller de ajedrez:<\/span><\/h5>\n<h5 id=\"yui_3_16_0_ym19_1_1502875150572_3195\" dir=\"ltr\" style=\"padding-left: 30px;\"><span id=\"yui_3_16_0_ym19_1_1502875150572_3226\">Martes y jueves de 10:30 a 12:00 h.<\/span><\/h5>\n<h5 id=\"yui_3_16_0_ym19_1_1502875150572_3215\" dir=\"ltr\"><\/h5>\n<h5 id=\"yui_3_16_0_ym19_1_1502875150572_3217\" dir=\"ltr\"><span id=\"yui_3_16_0_ym19_1_1502875150572_3216\">\u00a0 \u00a0 Estos d\u00edas y horas s\u00f3lo ser\u00e1n para el mes de septiembre.<\/span><\/h5>\n<h5 id=\"yui_3_16_0_ym19_1_1502875150572_3227\" dir=\"ltr\"><\/h5>\n<h5 id=\"yui_3_16_0_ym19_1_1502875150572_3229\" dir=\"ltr\"><span id=\"yui_3_16_0_ym19_1_1502875150572_3228\">Un saludo del monitor: Antonio\u00bb<\/span><\/h5>\n<h5 id=\"yui_3_16_0_ym19_1_1502178979326_3135\" dir=\"ltr\" style=\"padding-left: 30px;\"><\/h5>\n<p style=\"text-align: center;\">+ &#8211; + &#8211; +<\/p>\n<p style=\"text-align: justify;\">Solo me queda dar las gracias a Antonio por sus palabras y por su dedicaci\u00f3n.<\/p>\n<p style=\"text-align: justify;\">[contact_bank form_id=1 show_title=true show_desc=false]<\/p>\n","protected":false},"excerpt":{"rendered":"<p>Domingo 20 de agosto de 2017 Andaba por Par\u00eds, tomando una cerveza desde el Museo del Hombre, mirando a la Torre Eiffel, cuando me ha llegado este mensaje: La Asociaci\u00f3n de Jubilados y Pensionistas de Fuengirola, nos hace llegar el siguiente comunicado: \u00a0\u00ab\u00a0Durante el mes de septiembre van a dar comienzo las clases para aprender &hellip; <a href=\"https:\/\/felix.ares.fm\/?p=11362\" class=\"more-link\">Seguir leyendo <span class=\"screen-reader-text\">Asociaci\u00f3n de Jubilados y&#8230; Notificaci\u00f3n del taller de tel\u00e9fonos m\u00f3viles Android<\/span> <span class=\"meta-nav\">&rarr;<\/span><\/a><\/p>\n","protected":false},"author":1,"featured_media":0,"comment_status":"closed","ping_status":"open","sticky":false,"template":"","format":"standard","meta":{"footnotes":""},"categories":[564,855],"tags":[],"class_list":["post-11362","post","type-post","status-publish","format-standard","hentry","category-asociacion-de-jubilados-y-pensionistas-de-fuengirola","category-comunicado-urgente"],"_links":{"self":[{"href":"https:\/\/felix.ares.fm\/index.php?rest_route=\/wp\/v2\/posts\/11362","targetHints":{"allow":["GET"]}}],"collection":[{"href":"https:\/\/felix.ares.fm\/index.php?rest_route=\/wp\/v2\/posts"}],"about":[{"href":"https:\/\/felix.ares.fm\/index.php?rest_route=\/wp\/v2\/types\/post"}],"author":[{"embeddable":true,"href":"https:\/\/felix.ares.fm\/index.php?rest_route=\/wp\/v2\/users\/1"}],"replies":[{"embeddable":true,"href":"https:\/\/felix.ares.fm\/index.php?rest_route=%2Fwp%2Fv2%2Fcomments&post=11362"}],"version-history":[{"count":2,"href":"https:\/\/felix.ares.fm\/index.php?rest_route=\/wp\/v2\/posts\/11362\/revisions"}],"predecessor-version":[{"id":11365,"href":"https:\/\/felix.ares.fm\/index.php?rest_route=\/wp\/v2\/posts\/11362\/revisions\/11365"}],"wp:attachment":[{"href":"https:\/\/felix.ares.fm\/index.php?rest_route=%2Fwp%2Fv2%2Fmedia&parent=11362"}],"wp:term":[{"taxonomy":"category","embeddable":true,"href":"https:\/\/felix.ares.fm\/index.php?rest_route=%2Fwp%2Fv2%2Fcategories&post=11362"},{"taxonomy":"post_tag","embeddable":true,"href":"https:\/\/felix.ares.fm\/index.php?rest_route=%2Fwp%2Fv2%2Ftags&post=11362"}],"curies":[{"name":"wp","href":"https:\/\/api.w.org\/{rel}","templated":true}]}}