{"id":11193,"date":"2017-05-22T11:33:38","date_gmt":"2017-05-22T09:33:38","guid":{"rendered":"http:\/\/felix.ares.fm\/?p=11193"},"modified":"2017-05-24T17:50:00","modified_gmt":"2017-05-24T15:50:00","slug":"vino-retsina-en-fuengriola","status":"publish","type":"post","link":"https:\/\/felix.ares.fm\/?p=11193","title":{"rendered":"Vino Retsina en Fuengirola"},"content":{"rendered":"<p>El vino \u00abRetsina\u00bb est\u00e1 muy extendido en Grecia, pero fuera de ese pa\u00eds no suele usarse. Hace unos d\u00edas, en LIDL, v\u00ed que ten\u00edan un vino Retsina, bastante barato y lo compr\u00e9.<\/p>\n<figure id=\"attachment_11195\" aria-describedby=\"caption-attachment-11195\" style=\"width: 480px\" class=\"wp-caption aligncenter\"><a href=\"http:\/\/felix.ares.fm\/?attachment_id=11195\" rel=\"attachment wp-att-11195\"><img loading=\"lazy\" decoding=\"async\" class=\"size-full wp-image-11195\" src=\"http:\/\/felix.ares.fm\/wp-content\/uploads\/2017\/05\/IMG_7665-e1495453964633.jpg\" alt=\"Retsina\" width=\"480\" height=\"640\" srcset=\"https:\/\/felix.ares.fm\/wp-content\/uploads\/2017\/05\/IMG_7665-e1495453964633.jpg 480w, https:\/\/felix.ares.fm\/wp-content\/uploads\/2017\/05\/IMG_7665-e1495453964633-225x300.jpg 225w, https:\/\/felix.ares.fm\/wp-content\/uploads\/2017\/05\/IMG_7665-e1495453964633-23x30.jpg 23w\" sizes=\"auto, (max-width: 480px) 100vw, 480px\" \/><\/a><figcaption id=\"caption-attachment-11195\" class=\"wp-caption-text\">Retsina<\/figcaption><\/figure>\n<p><a href=\"http:\/\/felix.ares.fm\/?attachment_id=11196\" rel=\"attachment wp-att-11196\"><img loading=\"lazy\" decoding=\"async\" class=\"aligncenter size-full wp-image-11196\" src=\"http:\/\/felix.ares.fm\/wp-content\/uploads\/2017\/05\/IMG_7666.jpg\" alt=\"IMG_7666\" width=\"640\" height=\"480\" srcset=\"https:\/\/felix.ares.fm\/wp-content\/uploads\/2017\/05\/IMG_7666.jpg 640w, https:\/\/felix.ares.fm\/wp-content\/uploads\/2017\/05\/IMG_7666-300x225.jpg 300w, https:\/\/felix.ares.fm\/wp-content\/uploads\/2017\/05\/IMG_7666-30x23.jpg 30w\" sizes=\"auto, (max-width: 640px) 100vw, 640px\" \/><\/a><\/p>\n<p>No es un vino que me apasionara y no obstante lo compr\u00e9. Como su nombre indica, es un vino que sabe a resina, y ese sabor acre no era mi preferido, pero he de reconocer que tiene su gracia.<\/p>\n<p>Ahora mismo estoy degustando un vaso y he reconocer que es distinto a lo que recordaba de mis viajes a Grecia. El sabor acre es menor, y al rato hay mont\u00f3n de aromas. \u00a1Interesante!<\/p>\n<p>Pero el motivo de comprarlo es m\u00e1s por razones hist\u00f3ricas. Cada vez estoy m\u00e1s convencido de que la historia de la cocina es la historia de la humanidad. Cada vez estoy m\u00e1s convencido de que el profesor de Antropolog\u00eda Biol\u00f3gica, Richard Wrangham, de la universidad de Harvard, lleva raz\u00f3n al defender que lo que nos separ\u00f3 a los humanos actuales de nuestros antepasados hom\u00ednidos fue que aprendimos a cocinar. Su tesis est\u00e1 muy bien descrita en su libro de 2014 \u00abCatching Fire\u00bb, que podr\u00edamos traducir por \u00abCazando el fuego\u00bb.<\/p>\n<p><em>Homo Coquus (El hombre cocinero)<\/em><\/p>\n<p>Su tesis es sumamente sencilla, aunque, a la vez, es muy dif\u00edcil de demostrar. \u00c9l defiende que nuestro sistema digestivo es como es debido a que cocinamos. La cocina, entendiendo por tal cualquier cosa que sea preparar los alimentos; por ejemplo, coger la carne y machacarla con una piedra para hacerla m\u00e1s blanda es una forma de cocinar. Hacer lo mismo con ra\u00edces tambi\u00e9n lo es.\u00a0 Al ingerir alimentos preparados obten\u00edamos de ellos m\u00e1s energ\u00eda y eso nos permiti\u00f3 varias cosa: dedicar menos tiempo a la b\u00fasqueda de comida y m\u00e1s a pensar y tener energ\u00eda sobrante para alimentar un cerebro que es un tremendo engullidor de energ\u00eda.<em><br \/>\n<\/em><\/p>\n<p><em>Homo ebrius<\/em><\/p>\n<p>Y en alguna parte del libro deja caer que la agricultura fue la conquista del vino. Pocas dudas hay de que la primera bebida alcoh\u00f3lica que fabricaron los humanos fue el hidromiel. La raz\u00f3n es muy simple; los humanos, como todos los primates, amamos las cosas dulces y la miel lo es. Seguro que la recolecci\u00f3n de miel ha formado parte de nuestra cultura desde hace cientos de miles de a\u00f1os. La miel tiene una peculiaridad, si se mezcla con agua, bastan cuatro horas para fermentar y convertirse en una bebida con un 4% de alcohol. (En mi \u00faltimo viaje a Portugal, en \u00d3bidos, pude probar hidromiel: \u00a1interesante!).<\/p>\n<p>Supongo que en aquellos sitios donde se daban las uvas, por ejemplo, el sur de Anatolia, en la actual Turqu\u00eda, al tratar de guardar las uvas m\u00e1s de uno se encontrar\u00eda con la sorpresa de que hab\u00eda fermentado y que ten\u00eda un extra\u00f1o parecido con el hidromiel, pero con una importante diferencia, te colocaba mucho antes, debido a que su contenido de alcohol era mayor.<\/p>\n<p><strong>Grecia<\/strong><\/p>\n<p>En la Grecia cl\u00e1sica produc\u00edan buenos vinos y los vend\u00edan. Para poderlos transportar los met\u00edan en \u00e1nforas de barro.<\/p>\n<figure id=\"attachment_11198\" aria-describedby=\"caption-attachment-11198\" style=\"width: 574px\" class=\"wp-caption aligncenter\"><a href=\"http:\/\/felix.ares.fm\/?attachment_id=11198\" rel=\"attachment wp-att-11198\"><img loading=\"lazy\" decoding=\"async\" class=\"size-full wp-image-11198\" src=\"http:\/\/felix.ares.fm\/wp-content\/uploads\/2017\/05\/Amphorae.jpg\" alt=\"De User Etimbo on en.wikipedia - This photograph was taken by Tim Rogers at Bodrum Castle, Turkey on 7 September 2004. He agrees to licence it under the terms of the GNU Free Documentation License., CC BY-SA 3.0, https:\/\/commons.wikimedia.org\/w\/index.php?curid=198194\" width=\"574\" height=\"601\" srcset=\"https:\/\/felix.ares.fm\/wp-content\/uploads\/2017\/05\/Amphorae.jpg 574w, https:\/\/felix.ares.fm\/wp-content\/uploads\/2017\/05\/Amphorae-287x300.jpg 287w, https:\/\/felix.ares.fm\/wp-content\/uploads\/2017\/05\/Amphorae-30x30.jpg 30w\" sizes=\"auto, (max-width: 574px) 100vw, 574px\" \/><\/a><figcaption id=\"caption-attachment-11198\" class=\"wp-caption-text\">De User Etimbo on en.wikipedia &#8211; This photograph was taken by Tim Rogers at Bodrum Castle, Turkey on 7 September 2004. He agrees to licence it under the terms of the GNU Free Documentation License., CC BY-SA 3.0, https:\/\/commons.wikimedia.org\/w\/index.php?curid=198194<\/figcaption><\/figure>\n<p>De la extra\u00f1a forma de las \u00e1nforas hablaremos otro d\u00eda. Ahora continuemos con nuestro relato. Met\u00edan el vino en \u00e1nforas que tapaban con cueros, pero el oxigeno entraba, oxidaba el vino y lo estropeaba. A alguien se le ocurri\u00f3 que las bocas pod\u00edan sellarse con resina de pino y que as\u00ed no entrar\u00eda el aire. As\u00ed lo hicieron y los vinos empezaron a tomar el sabor de la resina.<\/p>\n<p>Los m\u00e1s apreciados eran los vinos con resina de los Pinos de <a href=\"https:\/\/es.wikipedia.org\/wiki\/Alepo\">Alepo<\/a> (en lo que hoy es Siria). Obviamente eso significa que la resina de Alepo daba un sabor agradable.<\/p>\n<p>El primer escrito que nos ha llegado sobre el uso de la resina en las \u00e1nforas de vino de del escritor romano Columela, que es su obra \u00abDe Re Rustica\u00bb (12,20,3 y 12,22,2) describe las distintas resinas. Y nos dice algo curioso, no solo pon\u00edan la resina como cierre, sino que tambi\u00e9n la pon\u00edan en el vino para potenciar el sabor. Salvando las distancias, aunque a lo mejor no son tan grandes, es algo similar a lo que hacemos hoy de criar los vinos en barrica de roble, o ese invento franc\u00e9s de echar virutas de roble en el vino para que adquiera los aromas del \u00e1rbol. Aromas de roble o aromas de pino, no hay un abismo. Columela, sin embargo, nos recomienda no usar resina, pues el sabor no es agradable. (Ya se sabe que sobre gustos&#8230;).<\/p>\n<p>Sin embargo el autor contempor\u00e1neo de Columela que conocemos como Plinio el viejo, nos dice todo lo contrario. En su obra \u00abNaturalis historia\u00bb (14,124) nos dice que la resina DEBE a\u00f1adirse al vino, pero no cualquier resina; tan solo la de los pinos de alta monta\u00f1a que tienen un aroma mucho mejor que el de las tierras bajas.<\/p>\n<p>En la botella que estoy bebiendo nada dice de si se trata de resina de Alepo o no y si se trata de resina de las tierras altas o de las tierras bajas, pero, la verdad, es que me est\u00e1 gustando. Y SE ME EST\u00c1N OCURRIENDO MALDADES, ahora hay varias cervezas criadas en barrica de roble,&#8230; \u00bfqu\u00e9 tal sabr\u00edan cervezas Retsina?<\/p>\n<p>Me estoy alejando de la historia&#8230;<\/p>\n<p>Cuando los romanos se instalaron en Iliria, la Galia Cisalpina y la Galia Narbonensis se encontraron con que ten\u00edan \u00e1nforas pero no encontraron las resinas adecuadas por lo que empezaron a desarrollar barriles de madera herm\u00e9ticos, que no dejaban pasar el aire. Empezaron a construir esos barriles de madera en el siglo I y en el siglo III eran el est\u00e1ndar el Imperio Romano. Mejor dicho, de la parte occidental del imperio romano, en la oriental segu\u00edan usando resina.<\/p>\n<p>As\u00ed que nuestros \u00abcriados en barrica de roble\u00bb derivan del imperio romano, de una falta de buenas resinas como las de Alepo.<\/p>\n<p>A nuestros paladares, herederos de Roma, nos suena extra\u00f1o ese sabor resinoso de Bizancio (resina). Pero, \u00bfqu\u00e9 quer\u00e9is que os diga?, un momento&#8230;<\/p>\n<p>un trag<span id=\"transmark\" style=\"display: none; width: 0px; height: 0px;\"><\/span>uito de retsina&#8230;<\/p>\n<p>tiene un ligero sabor acre, &#8230; pero surgen en la lengua multitud de matices&#8230;<\/p>\n<p>Tal vez la barrica de roble no haya sido el \u00fanico gran invento de la crianza de los vinos.<\/p>\n<p style=\"text-align: center;\">*+*<\/p>\n<div class=\"inline\">\n<p><strong>Nota fotos y texto<\/strong>. Salvo las fotos que tienen un agradecimiento espec\u00edfico, como por ejemplo Wikipedia, son nuestras y las licenciamos con<\/p>\n<p><a href=\"http:\/\/creativecommons.org\/licenses\/by\/3.0\/deed.es_ES\" rel=\"license\"><img decoding=\"async\" src=\"http:\/\/i.creativecommons.org\/l\/by\/3.0\/88x31.png\" alt=\"Licencia de Creative Commons\" \/><\/a><br \/>\n<a href=\"viajes.ares.fm\" rel=\"cc:attributionURL\">F\u00e9lix Ares y Maricarmen Garmendia<\/a>\u00a0is licensed under a\u00a0<a href=\"http:\/\/creativecommons.org\/licenses\/by\/3.0\/deed.es_ES\" rel=\"license\">Creative Commons Reconocimiento 3.0 Unported License<\/a>.<br \/>\nCreado a partir de la obra en\u00a0<a href=\"viajes.ares.fm\" rel=\"dct:source\">felix.ares.fm<\/a>.<\/p>\n<p>Contacto con nosotros; el motivo de que no sea una imagen clara es para evitar que los robots la descubran y nos inunden el buz\u00f3n de basura.<\/p>\n<p><a href=\"http:\/\/felix.ares.fm\/?attachment_id=7476\" rel=\"attachment wp-att-7476\"><img loading=\"lazy\" decoding=\"async\" class=\"aligncenter size-full wp-image-7476\" src=\"http:\/\/felix.ares.fm\/wp-content\/uploads\/2016\/02\/tapas.ares_.fm_.2.jpg\" alt=\"tapas.ares.fm.2\" width=\"703\" height=\"499\" srcset=\"https:\/\/felix.ares.fm\/wp-content\/uploads\/2016\/02\/tapas.ares_.fm_.2.jpg 703w, https:\/\/felix.ares.fm\/wp-content\/uploads\/2016\/02\/tapas.ares_.fm_.2-300x213.jpg 300w\" sizes=\"auto, (max-width: 703px) 100vw, 703px\" \/><\/a>[contact_bank form_id=1 show_title=true show_desc=false]<\/p>\n<p>Si quieren que les avisemos por e-mail de las actualizaciones de esta p\u00e1gina, h\u00e1ganos llegar su direcci\u00f3n de e-mail.<\/p>\n<\/div>\n<p><span style=\"border-radius: 2px; text-indent: 20px; width: auto; padding: 0px 4px 0px 0px; text-align: center; font: bold 11px\/20px 'Helvetica Neue',Helvetica,sans-serif; color: #ffffff; background: #bd081c no-repeat scroll 3px 50% \/ 14px 14px; position: absolute; opacity: 1; z-index: 8675309; display: none; cursor: pointer; top: 387px; left: 20px;\">Guardar<\/span><\/p>\n<p><span style=\"border-radius: 2px; text-indent: 20px; width: auto; padding: 0px 4px 0px 0px; text-align: center; font: bold 11px\/20px 'Helvetica Neue',Helvetica,sans-serif; color: #ffffff; background: #bd081c no-repeat scroll 3px 50% \/ 14px 14px; position: absolute; opacity: 1; z-index: 8675309; display: none; cursor: pointer; top: 807px; left: 20px;\">Guardar<\/span><\/p>\n<p><span style=\"border-radius: 2px; text-indent: 20px; width: auto; padding: 0px 4px 0px 0px; text-align: center; font: bold 11px\/20px 'Helvetica Neue',Helvetica,sans-serif; color: #ffffff; background: #bd081c no-repeat scroll 3px 50% \/ 14px 14px; position: absolute; opacity: 1; z-index: 8675309; display: none; cursor: pointer; top: 2489px; left: 20px;\">Guardar<\/span><\/p>\n<p><span style=\"border-radius: 2px; text-indent: 20px; width: auto; padding: 0px 4px 0px 0px; text-align: center; font: bold 11px\/20px 'Helvetica Neue',Helvetica,sans-serif; color: #ffffff; background: #bd081c no-repeat scroll 3px 50% \/ 14px 14px; position: absolute; opacity: 1; z-index: 8675309; display: none; cursor: pointer; top: 807px; left: 20px;\">Guardar<\/span><\/p>\n<p><span style=\"border-radius: 2px; text-indent: 20px; width: auto; padding: 0px 4px 0px 0px; text-align: center; font: bold 11px\/20px 'Helvetica Neue',Helvetica,sans-serif; color: #ffffff; background: #bd081c  no-repeat scroll 3px 50% \/ 14px 14px; position: absolute; opacity: 1; z-index: 8675309; display: none; cursor: pointer; top: 116px; left: 20px;\">Guardar<\/span><\/p>\n","protected":false},"excerpt":{"rendered":"<p>El vino \u00abRetsina\u00bb est\u00e1 muy extendido en Grecia, pero fuera de ese pa\u00eds no suele usarse. Hace unos d\u00edas, en LIDL, v\u00ed que ten\u00edan un vino Retsina, bastante barato y lo compr\u00e9. No es un vino que me apasionara y no obstante lo compr\u00e9. Como su nombre indica, es un vino que sabe a resina, &hellip; <a href=\"https:\/\/felix.ares.fm\/?p=11193\" class=\"more-link\">Seguir leyendo <span class=\"screen-reader-text\">Vino Retsina en Fuengirola<\/span> <span class=\"meta-nav\">&rarr;<\/span><\/a><\/p>\n","protected":false},"author":1,"featured_media":0,"comment_status":"closed","ping_status":"open","sticky":false,"template":"","format":"standard","meta":{"footnotes":""},"categories":[902,903],"tags":[901],"class_list":["post-11193","post","type-post","status-publish","format-standard","hentry","category-grecia","category-vino-retsina","tag-retsina"],"_links":{"self":[{"href":"https:\/\/felix.ares.fm\/index.php?rest_route=\/wp\/v2\/posts\/11193","targetHints":{"allow":["GET"]}}],"collection":[{"href":"https:\/\/felix.ares.fm\/index.php?rest_route=\/wp\/v2\/posts"}],"about":[{"href":"https:\/\/felix.ares.fm\/index.php?rest_route=\/wp\/v2\/types\/post"}],"author":[{"embeddable":true,"href":"https:\/\/felix.ares.fm\/index.php?rest_route=\/wp\/v2\/users\/1"}],"replies":[{"embeddable":true,"href":"https:\/\/felix.ares.fm\/index.php?rest_route=%2Fwp%2Fv2%2Fcomments&post=11193"}],"version-history":[{"count":5,"href":"https:\/\/felix.ares.fm\/index.php?rest_route=\/wp\/v2\/posts\/11193\/revisions"}],"predecessor-version":[{"id":11201,"href":"https:\/\/felix.ares.fm\/index.php?rest_route=\/wp\/v2\/posts\/11193\/revisions\/11201"}],"wp:attachment":[{"href":"https:\/\/felix.ares.fm\/index.php?rest_route=%2Fwp%2Fv2%2Fmedia&parent=11193"}],"wp:term":[{"taxonomy":"category","embeddable":true,"href":"https:\/\/felix.ares.fm\/index.php?rest_route=%2Fwp%2Fv2%2Fcategories&post=11193"},{"taxonomy":"post_tag","embeddable":true,"href":"https:\/\/felix.ares.fm\/index.php?rest_route=%2Fwp%2Fv2%2Ftags&post=11193"}],"curies":[{"name":"wp","href":"https:\/\/api.w.org\/{rel}","templated":true}]}}