{"id":11172,"date":"2017-05-18T09:16:56","date_gmt":"2017-05-18T07:16:56","guid":{"rendered":"http:\/\/felix.ares.fm\/?p=11172"},"modified":"2017-05-18T20:21:45","modified_gmt":"2017-05-18T18:21:45","slug":"asociacion-de-jubilados-anuncio-viaje-camino-de-santiago-frances-2","status":"publish","type":"post","link":"https:\/\/felix.ares.fm\/?p=11172","title":{"rendered":"Asociaci\u00f3n de jubilados&#8230; Anuncio. Viaje Camino de Santiago Franc\u00e9s"},"content":{"rendered":"<h6>Nos llega un comunicado de la Junta Directiva de la <a href=\"http:\/\/www.paginasamarillas.es\/f\/fuengirola\/asociacion-de-jubilados-y-pensionistas-de-fuengirola_201362985_000000001.html\">Asociaci\u00f3n de Jubilados y Pensionistas de Fuengirola<\/a> en la que se informa de que el todav\u00eda quedan plazas para el viaje de nueve d\u00edas \u00abCamino de Santiago Franc\u00e9s\u00bb.<\/h6>\n<p>De este viaje ya hab\u00edamos hablado en esta entrada:\u00a0 <a href=\"http:\/\/felix.ares.fm\/?p=11031\" target=\"_blank\">camino_santiago_franc\u00e9s<\/a>;\u00a0 ahora nos llega documentaci\u00f3n m\u00e1s detallada:<\/p>\n<h2 style=\"text-align: center;\"><strong><span style=\"color: #ff0000;\">LA INSCRIPCI\u00d3N EST\u00c1 ABIERTA HASTA EL 7 DE JUNIO<\/span><\/strong><\/h2>\n<p><a href=\"http:\/\/felix.ares.fm\/?attachment_id=11174\" rel=\"attachment wp-att-11174\"><img loading=\"lazy\" decoding=\"async\" class=\"size-full wp-image-11174\" src=\"http:\/\/felix.ares.fm\/wp-content\/uploads\/2017\/05\/1_portada_nevada.jpg\" alt=\"Camino de Santiago franc\u00e9s\" width=\"759\" height=\"214\" srcset=\"https:\/\/felix.ares.fm\/wp-content\/uploads\/2017\/05\/1_portada_nevada.jpg 759w, https:\/\/felix.ares.fm\/wp-content\/uploads\/2017\/05\/1_portada_nevada-300x85.jpg 300w, https:\/\/felix.ares.fm\/wp-content\/uploads\/2017\/05\/1_portada_nevada-30x8.jpg 30w\" sizes=\"auto, (max-width: 759px) 100vw, 759px\" \/><\/a><\/p>\n<h6 align=\"justify\"><strong><span style=\"font-size: 5;\"><span lang=\"es-ES\">15 Junio <\/span><\/span><span style=\"font-size: 5;\"><span lang=\"es-ES\"><u>FUENGIROLA-CUENCA<\/u><\/span><\/span><\/strong><\/h6>\n<figure id=\"attachment_11175\" aria-describedby=\"caption-attachment-11175\" style=\"width: 550px\" class=\"wp-caption aligncenter\"><a href=\"http:\/\/felix.ares.fm\/?attachment_id=11175\" rel=\"attachment wp-att-11175\"><img loading=\"lazy\" decoding=\"async\" class=\"wp-image-11175 size-full\" src=\"http:\/\/felix.ares.fm\/wp-content\/uploads\/2017\/05\/2_cuenca.jpg\" alt=\"2_cuenca\" width=\"550\" height=\"224\" srcset=\"https:\/\/felix.ares.fm\/wp-content\/uploads\/2017\/05\/2_cuenca.jpg 550w, https:\/\/felix.ares.fm\/wp-content\/uploads\/2017\/05\/2_cuenca-300x122.jpg 300w, https:\/\/felix.ares.fm\/wp-content\/uploads\/2017\/05\/2_cuenca-30x12.jpg 30w\" sizes=\"auto, (max-width: 550px) 100vw, 550px\" \/><\/a><figcaption id=\"caption-attachment-11175\" class=\"wp-caption-text\">Casas colgadas de Cuenca<\/figcaption><\/figure>\n<p align=\"justify\"><span style=\"font-size: 5;\"><span lang=\"es-ES\">Salida a las 05:30 H. con direcci\u00f3n a Cuenca, breves paradas en ruta, llegada al hotel, acomodaci\u00f3n y <\/span><\/span><span style=\"font-size: 5;\"><span lang=\"es-ES\"><i><b>almuerzo, <\/b><\/i><\/span><\/span><span style=\"font-size: 5;\"><span lang=\"es-ES\">en la<\/span><\/span> <span style=\"font-size: 5;\"><span lang=\"es-ES\"> tarde podr\u00e1n realizar la visita de esta bella ciudad y se su maravilloso casco antiguo, las famosas Casas Colgadas, la Plaza Mayor, la Catedral, la Torre Mangana y el Santuario de la Virgen de las Antiguas, etc\u2026 <\/span><\/span><span style=\"font-size: 5;\"><span lang=\"es-ES\"><i><b>Cena y alojamiento.<\/b><\/i><\/span><\/span><\/p>\n<p align=\"justify\"><span style=\"font-size: 5;\"><span lang=\"es-ES\"><b>1 6 Junio <\/b><\/span><\/span><span style=\"font-size: 5;\"><span lang=\"es-ES\"><u><b>CUENCA-ALBARRAC\u00cdN-PAMPLONA<\/b><\/u><\/span><\/span><\/p>\n<p align=\"justify\"><span style=\"font-size: 5;\"><span lang=\"es-ES\"><i><b>Desayuno, <\/b><\/i><\/span><\/span><span style=\"font-size: 5;\"><span lang=\"es-ES\">y salida hacia Albarrac\u00edn para que puedan visitar esta poblaci\u00f3n situada sobre la sierra del mismo nombre que es un equilibrio entre naturaleza, arquitectura y tradici\u00f3n, y que es conjunto Hist\u00f3rico de Inter\u00e9s Nacional., <\/span><\/span><span style=\"font-size: 5;\"><span lang=\"es-ES\"><i><b>almuerzo en restaurante, <\/b><\/i><\/span><\/span><span style=\"font-size: 5;\"><span lang=\"es-ES\">en la tarde continuaremos hacia Pamplona, llegada al hotel, acomodaci\u00f3n, <\/span><\/span><span style=\"font-size: 5;\"><span lang=\"es-ES\"><i><b>cena y alojamiento. <\/b><\/i><\/span><\/span><\/p>\n<p align=\"justify\"><span style=\"font-size: 5;\"><span lang=\"es-ES\"><b>17 Junio <\/b><\/span><\/span><span style=\"font-size: 5;\"><span lang=\"es-ES\"><u><b>TERUEL-PAMPLONA-<\/b><\/u><\/span><\/span><span style=\"color: #ff0000;\"><span style=\"font-size: 5;\"><span lang=\"es-ES\"><u><b>RONCESVALLES-ERRO<\/b><\/u><\/span><\/span><\/span><span style=\"color: #000000;\"><span style=\"font-size: 5;\"><span lang=\"es-ES\"><u><b>-PAMPLONA<\/b><\/u><\/span><\/span><\/span><\/p>\n<figure id=\"attachment_11177\" aria-describedby=\"caption-attachment-11177\" style=\"width: 466px\" class=\"wp-caption aligncenter\"><a href=\"http:\/\/felix.ares.fm\/?attachment_id=11177\" rel=\"attachment wp-att-11177\"><img loading=\"lazy\" decoding=\"async\" class=\"size-full wp-image-11177\" src=\"http:\/\/felix.ares.fm\/wp-content\/uploads\/2017\/05\/3monasterio.jpg\" alt=\"Real Colegiata de Roncesvalles\" width=\"466\" height=\"290\" srcset=\"https:\/\/felix.ares.fm\/wp-content\/uploads\/2017\/05\/3monasterio.jpg 466w, https:\/\/felix.ares.fm\/wp-content\/uploads\/2017\/05\/3monasterio-300x187.jpg 300w, https:\/\/felix.ares.fm\/wp-content\/uploads\/2017\/05\/3monasterio-30x19.jpg 30w\" sizes=\"auto, (max-width: 466px) 100vw, 466px\" \/><\/a><figcaption id=\"caption-attachment-11177\" class=\"wp-caption-text\">Real Colegiata de Roncesvalles<\/figcaption><\/figure>\n<p align=\"justify\"><span style=\"font-size: 5;\"><span lang=\"es-ES\"><i><b>Desayuno<\/b><\/i><\/span><\/span><span style=\"font-size: 5;\"><span lang=\"es-ES\"> y salida en el autocar hacia Roncesvalles, llegada y comienzo de nuestro peregrinaje hacia Santiago por la ruta del \u201cCamino Franc\u00e9s\u201d o la ruta de las estrellas, es el Camino de Santiago por excelencia. No se puede o no se debe describir, es el peregrino el que, paso a paso, debe descubrirlo recre\u00e1ndose en los paisajes y rincones tan diversos que se ofrecen a lo largo de todo el camino, S\u00f3lo existe una especie de ley impl\u00edcita: camina aun con paso cansado. Este itinerario tratar\u00e1 de darles unas breves explicaciones y orientaci\u00f3n para realizar el Camino con comodidad y seguridad.<\/span><\/span><\/p>\n<p align=\"justify\"><a href=\"http:\/\/felix.ares.fm\/?attachment_id=11178\" rel=\"attachment wp-att-11178\"><img loading=\"lazy\" decoding=\"async\" class=\"aligncenter size-full wp-image-11178\" src=\"http:\/\/felix.ares.fm\/wp-content\/uploads\/2017\/05\/4.jpg\" alt=\"4\" width=\"175\" height=\"131\" srcset=\"https:\/\/felix.ares.fm\/wp-content\/uploads\/2017\/05\/4.jpg 175w, https:\/\/felix.ares.fm\/wp-content\/uploads\/2017\/05\/4-30x22.jpg 30w\" sizes=\"auto, (max-width: 175px) 100vw, 175px\" \/><\/a><span style=\"font-size: 5;\"><span lang=\"es-ES\">Esta primera <\/span><\/span><span style=\"font-size: 5;\"><span lang=\"es-ES\"><b>etapa de (16,20 Km.)<\/b><\/span><\/span><span style=\"font-size: 5;\"><span lang=\"es-ES\"> comienza por una llana y agradable senda por la foresta del lugar, es un magn\u00edfico prologo para atemperar las piernas, llegada a Burguete y desde el centro del pueblo, a la derecha, junto a los oficinas del Banco de Santander, emprendemos este tramo, de las mismas caracter\u00edsticas que el anterior, la \u00fanica diferencia est\u00e1 en que el relieve es algo m\u00e1s accidentado y que se separa un tanto de la carretera con el fin de atajar hacia Espinal, pero el paisaje y el camino sigue siendo igual de agradable hasta dicha localidad, tras cruzar el pueblo y casi a la salida de Espinal, pr\u00f3ximo a un establecimiento, que queda a la izquierda, donde el peregrino puede encontrar de todo; se gira a la izquierda por una pista cementada que contin\u00faa por otra de tierra a la derecha, la cual se prolonga por un sendero de monta\u00f1a que atraviesa el alto de Mezquiritz, para reencontrase con la carretera a la altura de un hito dedicado a La Virgen. Cruzamos la carretera y, de frente, se toma un angosto camino que atraviesa un frondoso bosque. Alternando brevemente con la referida calzada se llega a la localidad de Biscarreta, a la salida de esta localidad hay que esta atentos a las se\u00f1ales del camino, ya que nos encontraremos con un cruce de caminos, debemos tomar el camino del centro como as\u00ed lo indica la flecha amarilla con cierto paralelismo a la carretera llegamos a Linzoa\u00edn, nuestra ruta continua por Erro y para ello debemos de continuar de frente y desde la misma localidad subir al puerto por la senda conocida como la de los Tres Pasos de Rolando. Llegada a Erro y final de nuestra primera etapa del camino. Recogida de los peregrinos y traslado al hotel para <\/span><\/span><span style=\"font-size: 5;\"><span lang=\"es-ES\"><i><b>el almuerzo, <\/b><\/i><\/span><\/span><span style=\"font-size: 5;\"><span lang=\"es-ES\">en la tarde nos trasladaremos al centro de Pamplona visitar esta ciudad en donde destaca el Museo de Navarra y la Catedral G\u00f3tica, su centro comercial y la celebre calle de la Estafeta por donde transcurren los encierros en los \u201cSan Fermines\u201d, cont\u00f3 con cuatro hospitales para peregrinos, esta ciudad fue creciendo en torno al Camino de Santiago, <\/span><\/span><span style=\"font-size: 5;\"><span lang=\"es-ES\"><i><b>cena y alojamiento.<\/b><\/i><\/span><\/span><\/p>\n<p align=\"justify\"><span style=\"font-size: 5;\"><span lang=\"es-ES\"><b>18 Junio <\/b><\/span><\/span><span style=\"font-size: 5;\"><span lang=\"es-ES\"><u><b>PAMPLONA-<\/b><\/u><\/span><\/span><span style=\"color: #ff0000;\"><span style=\"font-size: 5;\"><span lang=\"es-ES\"><u><b>ERRO-IROTZ<\/b><\/u><\/span><\/span><\/span><span style=\"font-size: 5;\"><span lang=\"es-ES\"><u><b>-PAMPLONA<\/b><\/u><\/span><\/span><\/p>\n<figure id=\"attachment_11181\" aria-describedby=\"caption-attachment-11181\" style=\"width: 500px\" class=\"wp-caption aligncenter\"><a href=\"http:\/\/felix.ares.fm\/?attachment_id=11181\" rel=\"attachment wp-att-11181\"><img loading=\"lazy\" decoding=\"async\" class=\"size-full wp-image-11181\" src=\"http:\/\/felix.ares.fm\/wp-content\/uploads\/2017\/05\/6.jpg\" alt=\"Ayuntamiento de Pamplona\" width=\"500\" height=\"333\" srcset=\"https:\/\/felix.ares.fm\/wp-content\/uploads\/2017\/05\/6.jpg 500w, https:\/\/felix.ares.fm\/wp-content\/uploads\/2017\/05\/6-300x200.jpg 300w, https:\/\/felix.ares.fm\/wp-content\/uploads\/2017\/05\/6-30x20.jpg 30w\" sizes=\"auto, (max-width: 500px) 100vw, 500px\" \/><\/a><figcaption id=\"caption-attachment-11181\" class=\"wp-caption-text\">Ayuntamiento de Pamplona<\/figcaption><\/figure>\n<p align=\"justify\"><span style=\"font-size: 5;\"><span lang=\"es-ES\"><i><b>Desayuno <\/b><\/i><\/span><\/span><span style=\"font-size: 5;\"><span lang=\"es-ES\">y traslado al punto donde finalizamos el d\u00eda anterior, esta <\/span><\/span><span style=\"font-size: 5;\"><span lang=\"es-ES\"><b>etapa de (17 km.)<\/b><\/span><\/span><span style=\"font-size: 5;\"><span lang=\"es-ES\"> comienza en Erro, el antiguo pueblo queda a la izquierda y enseguida se inicia un fuerte ascenso hacia el alto de Erro, el esfuerzo compensa con creces ya que todo el camino discurre entre pinos, acebos, abedules, robles\u2026que a buen seguro, muchos de ellos, han conocido el paso de peregrinos en los siglos pasados. Ya en el alto y despu\u00e9s de cruzar el asfalto, se llanea durante un trecho por la misma cresta, siguiendo pedregosos caminos. Ya se puede ver el valle que alberga la poblaci\u00f3n de Zubiri, por donde discurre el r\u00edo Arga, que se convertir\u00e1 en un fiel compa\u00f1ero del peregrino hasta la misma Pamplona, llegada a Zubiri donde comienza un delicioso tramo, bien se\u00f1alizado y sin la menor dificultad, que s igue el curso de las cantarinas aguas del r\u00edo Arga. Quiz\u00e1s el \u00fanico kil\u00f3metro que nos distrae de este id\u00edlico paseo es cuando se rodea la f\u00e1brica de magnesitas, cuyos residuos ofrecen una imagen desoladora de su entorno. Pero salvando este pedazo, el resto son cuatro agradables y relajantes kil\u00f3metros por sendas y t\u00faneles de vegetaci\u00f3n h asta Larrasoa\u00f1a, donde el Puente de los Bandidos sobre el Arga es la referencia para salir de Larrasoa\u00f1a. El Camino toma una carretera local y, muy pronto a unos 700 metros en cuesta, se alcanza la poblaci\u00f3n de Akerreta, una deliciosa senda totalmente pegada al Arga, que discurre por el interior de un espeso bosque, hace las delicias del caminante en este agradable recorrido. Ser\u00e1 necesario en este tramo abrir y cerrar algunos portillos, llegada a Zuriain pen\u00faltima poblaci\u00f3n de nuestra ruta de hoy, ya nos quedan 2 kil\u00f3metros de distancia que la separa de Irotz, la primera parte, unos 600 metros, se camina por la derecha del r\u00edo y por el asfalto de la N-135, y la segunda por la izquierda y por pistas de tierra. Encuentro con el autocar, traslado al hotel para <\/span><\/span><span style=\"font-size: s;\"><span lang=\"es-ES\"><i><b>el almuerzo<\/b><\/i><\/span><\/span><span style=\"font-size: 5;\"><span lang=\"es-ES\">, en la tarde regresaremos a Pamplona para continuar con su visita, <\/span><\/span><span style=\"font-size: 5;\"><span lang=\"es-ES\"><i><b>cena y alojamiento.<\/b><\/i><\/span><\/span><\/p>\n<p align=\"justify\"><span style=\"font-size: 5;\"><span lang=\"es-ES\"><b>19 Junio <\/b><\/span><\/span><span style=\"font-size: 5;\"><span lang=\"es-ES\"><u><b>PAMPLONA-<\/b><\/u><\/span><\/span><span style=\"color: #ff0000;\"><span style=\"font-size: 5;\"><span lang=\"es-ES\"><u><b>IROTZ-ZIZUR MENOR<\/b><\/u><\/span><\/span><\/span><span style=\"font-size: 5;\"><span lang=\"es-ES\"><u><b>-LEYRE-JAVIER<\/b><\/u><\/span><\/span><\/p>\n<figure id=\"attachment_11182\" aria-describedby=\"caption-attachment-11182\" style=\"width: 660px\" class=\"wp-caption aligncenter\"><a href=\"http:\/\/felix.ares.fm\/?attachment_id=11182\" rel=\"attachment wp-att-11182\"><img loading=\"lazy\" decoding=\"async\" class=\"size-full wp-image-11182\" src=\"http:\/\/felix.ares.fm\/wp-content\/uploads\/2017\/05\/7.jpg\" alt=\"Monasterio de Leyre\" width=\"660\" height=\"365\" srcset=\"https:\/\/felix.ares.fm\/wp-content\/uploads\/2017\/05\/7.jpg 660w, https:\/\/felix.ares.fm\/wp-content\/uploads\/2017\/05\/7-300x166.jpg 300w, https:\/\/felix.ares.fm\/wp-content\/uploads\/2017\/05\/7-30x17.jpg 30w\" sizes=\"auto, (max-width: 660px) 100vw, 660px\" \/><\/a><figcaption id=\"caption-attachment-11182\" class=\"wp-caption-text\">Monasterio de Leyre<\/figcaption><\/figure>\n<p align=\"justify\"><span style=\"font-size: 5;\"><span lang=\"es-ES\"><i><b>Desayuno <\/b><\/i><\/span><\/span><span style=\"font-size: 5;\"><span lang=\"es-ES\">y salida hacia Irotz, comienzo de Nuestra tercera <\/span><\/span><span style=\"font-size: 5;\"><span lang=\"es-ES\"><b>etapa (15 km.)<\/b><\/span><\/span><span style=\"font-size: 5;\"><span lang=\"es-ES\"> comienza tras cruzar Irotz, se pasa<\/span><\/span> <span style=\"font-size: 5;\"><span lang=\"es-ES\"> nuevamente al otro lado del r\u00edo por un puente y el sendero se pega al asfalto de la carretera, por esta raz\u00f3n no es un tramo muy agradable, pero es muy corto, apenas un kil\u00f3metro y medio y nos encontramos en Zabaldica, al pasar esta localidad nos encontramos con una peque\u00f1a \u00e1rea de descanso, desde donde se inicia un suave remonte hasta media ladera. A la izquierda veremos Arteta y frente a \u00e9l un nudo de circulaci\u00f3n, que se cruza por un paso subterr\u00e1neo y enseguida un giro de 90 grados a la derecha para seguir andando por un camino de tierra que bordea toda la ladera del monte. Este sendero nos lleva directamente hasta el antiguo y peregrino puente de Trinidad de Arre, para llegar a Arleta, a la salida de este n\u00facleo de poblaci\u00f3n se puede ver la ermita de Ntra. Sra. de las Nieves al otro lado de la carretera. Por un angosto paso bajo la N-121, se alcanza una pista que bordea un pinar, y mientras caminamos en paralelo a la v\u00eda de circulaci\u00f3n nos vamos acercando a Trinidad de Arre, que alcanzamos por el puente medieval sobre el r\u00edo Arga, aqu\u00ed comenzamos un tramo de ciudad: calles, aceras, cruces, sem\u00e1foros, gentes y toda clase de servicios, al salir de Burlada, continuaremos hasta Pamplona, este trecho tambi\u00e9n se desarrolla por el asfalto y entre edificaciones, pero el acceso a la Capital es quiz\u00e1s por uno de los lugares m\u00e1s bonitos, por el barrio de La Magdalena, antesala de las antiguas murallas que defend\u00edan la ciudad, siendo el Portal de Francia la entrada al casco antiguo. Para continuar nuestra etapa de hoy tenemos que atravesar la ciudad, ya que el camino atraviesa el casco antiguo, rodea la ciudadela y por hermosas avenidas se dirige hacia la zona universitaria, las flecha amarillas cruzan el campus y por la carretera local se llega a Zizur Menor. Regreso al hotel para <\/span><\/span><span style=\"font-size: 5;\"><span lang=\"es-ES\"><i><b>el almuerzo, <\/b><\/i><\/span><\/span><span style=\"font-size: 5;\"><span lang=\"es-ES\">en la tarde nos trasladaremos al Monasterio de Leyre. El conjunto monacal est\u00e1 integrado por varios edificios de distintas \u00e9pocas. Cargado de historia y arte, es pante\u00f3n de los primeros Reyes de Navarra y hogar de monjes desde antes del s. IX. Desde aqu\u00ed se control\u00f3 el movimiento espiritual, pol\u00edtico, cultural y los pasos pirenaicos de peregrinos a Santiago. En aqu\u00e9lla \u00e9poca fue el principal introductor de la regla cluniacense en la zona pirenaica, a continuaci\u00f3n traslado al Castillo de Javier: centro tur\u00edstico, adem\u00e1s de religioso por ser la casa natal de San Francisco, en la que se conserva el aposento del Santo, adem\u00e1s de un crucifijo al que la tradici\u00f3n atribuye el milagro de sudar sangre. Regreso al hotel. <\/span><\/span><span style=\"font-size: 5;\"><span lang=\"es-ES\"><i><b>Cena y alojamiento.<\/b><\/i><\/span><\/span><\/p>\n<p align=\"justify\"><span style=\"font-size: 5;\"><span lang=\"es-ES\"><b>20 Junio <\/b><\/span><\/span><span style=\"font-size: 5;\"><span lang=\"es-ES\"><u><b>PAMPLONA-<\/b><\/u><\/span><\/span><span style=\"color: #ff0000;\"><span style=\"font-size: 5;\"><span lang=\"es-ES\"><u><b>ZIZUR MENOR-PUENTE LA REINA<\/b><\/u><\/span><\/span><\/span><span style=\"font-size: 5;\"><span lang=\"es-ES\"><u><b>-ESTELLA-PUENTE LA REINA<\/b><\/u><\/span><\/span><\/p>\n<figure id=\"attachment_11183\" aria-describedby=\"caption-attachment-11183\" style=\"width: 1280px\" class=\"wp-caption aligncenter\"><a href=\"http:\/\/felix.ares.fm\/?attachment_id=11183\" rel=\"attachment wp-att-11183\"><img loading=\"lazy\" decoding=\"async\" class=\"size-full wp-image-11183\" src=\"http:\/\/felix.ares.fm\/wp-content\/uploads\/2017\/05\/8.jpg\" alt=\"Puente la reina\" width=\"1280\" height=\"720\" srcset=\"https:\/\/felix.ares.fm\/wp-content\/uploads\/2017\/05\/8.jpg 1280w, https:\/\/felix.ares.fm\/wp-content\/uploads\/2017\/05\/8-300x169.jpg 300w, https:\/\/felix.ares.fm\/wp-content\/uploads\/2017\/05\/8-768x432.jpg 768w, https:\/\/felix.ares.fm\/wp-content\/uploads\/2017\/05\/8-1024x576.jpg 1024w, https:\/\/felix.ares.fm\/wp-content\/uploads\/2017\/05\/8-30x17.jpg 30w\" sizes=\"auto, (max-width: 1280px) 100vw, 1280px\" \/><\/a><figcaption id=\"caption-attachment-11183\" class=\"wp-caption-text\">Puente la reina<\/figcaption><\/figure>\n<p align=\"justify\"><span style=\"font-size: 5;\"><span lang=\"es-ES\"><i><b>Desayuno <\/b><\/i><\/span><\/span><span style=\"font-size: 5;\"><span lang=\"es-ES\">y traslado a Zizur Menor, comienzo de nuestra <\/span><\/span><span style=\"font-size: 5;\"><span lang=\"es-ES\"><b>etapa del d\u00eda (19 km.)<\/b><\/span><\/span><span style=\"font-size: 5;\"><span lang=\"es-ES\"> una de las etapas m\u00e1s duras por el desnivel del camino de las que llevamos hechas, Desde Zizur Menor se divisa hacia el sur un monte con sus modernos molinos de viento, es la referencia permanente. El Camino parte de Zizur entre modernos chales y enseguida toma caminos y ca\u00f1adas que poco a poco van aproximando al peregrino a Zariquiegui, que se encuentra a media ladera del monte se\u00f1alado y que tambi\u00e9n se puede ver. A partir de Zariquiegui hay que seguir el ascenso hacia el alto del perd\u00f3n, por el \u00fanico camino posible. Ya est\u00e1 al alcance de la mano, pero el \u00faltimo repecho se hace eterno por su dureza. Un bien merecido descanso recreando la vista a uno y otro lado del alto ser\u00e1 el premio para el sufrido caminante. Desde lo alto y al otro lado la vista se pierde en la lejan\u00eda. Uterga se intuye al final del fuerte descenso entre monte bajo. Aqu\u00ed tenemos que tener mucho cuidado por lo pronunciado y pedregoso del camino, para continuar hacia Muruz\u00e1bal, el camino discurre por caminos y peque\u00f1as carreteras vecinales entre vides y campos de cultivo. Peque\u00f1as subidas y bajadas lo animan. Aqu\u00ed tenemos que tener cuidado para no equivocarnos, en el mismo centro de Muruzabal, un mural anuncia el desv\u00edo a Eunate, que queda a la izquierda, mientras que nosotros que vamos a Obanos tenemos que torcer a la derecha, tras una bodega y una cruz que se encuentra a la salida, continuaremos hacia Obanos por un corto tramo cargado de historia y leyendas, a la salida de esta localidad tomamos un camino que desciende hacia un vallej\u00f3n, y tras superar la ladera se siente la proximidad con Puente la Reina, en cuyo lugar se juntan las dos grandes rutas de peregrinaci\u00f3n, la que llevamos nosotros y la que viene de Somport (Camino Franc\u00e9s, tramo Aragon\u00e9s). Recogida del grupo y regreso al hotel para <\/span><\/span><span style=\"font-size: 5;\"><span lang=\"es-ES\"><i><b>el almuerzo<\/b><\/i><\/span><\/span><span style=\"font-size: 5;\"><span lang=\"es-ES\">, En la tarde regresaremos a<\/span><\/span> <span style=\"font-size: 5;\"><span lang=\"es-ES\"> Puente la Reina con el autocar, ya que esta localidad merece una visita con tranquilidad, Puente de la Reina que debe su nombre al puente edificado en el siglo XI para el paso de los peregrinos que es una obra maestra de la ingenier\u00eda medieval, ciudad de origen romano en donde se encuentra el Palacio de los Reyes de Navarra, visitemos tambi\u00e9n Estella, poblaci\u00f3n conocida en el siglo XV \u00abEstella la bella\u00bb y en la actualidad sigue haciendo honor a este adagio: es ciudad rom\u00e1nica que atesora palacios, casas se\u00f1oriales, iglesias, conventos, puentes y hermosos edificios que le han valido el sobrenombre de \u00abla Toledo del norte\u00bb, regreso al hotel para <\/span><\/span><span style=\"font-size: 5;\"><span lang=\"es-ES\"><i><b>la cena y el alojamiento.<\/b><\/i><\/span><\/span><\/p>\n<figure id=\"attachment_11184\" aria-describedby=\"caption-attachment-11184\" style=\"width: 300px\" class=\"wp-caption aligncenter\"><a href=\"http:\/\/felix.ares.fm\/?attachment_id=11184\" rel=\"attachment wp-att-11184\"><img loading=\"lazy\" decoding=\"async\" class=\"size-full wp-image-11184\" src=\"http:\/\/felix.ares.fm\/wp-content\/uploads\/2017\/05\/9.jpg\" alt=\"Estella\" width=\"300\" height=\"190\" srcset=\"https:\/\/felix.ares.fm\/wp-content\/uploads\/2017\/05\/9.jpg 300w, https:\/\/felix.ares.fm\/wp-content\/uploads\/2017\/05\/9-30x19.jpg 30w\" sizes=\"auto, (max-width: 300px) 100vw, 300px\" \/><\/a><figcaption id=\"caption-attachment-11184\" class=\"wp-caption-text\">Estella<\/figcaption><\/figure>\n<p align=\"justify\"><span style=\"font-size: 5;\"><span lang=\"es-ES\"><b>21 Junio <\/b><\/span><\/span><span style=\"font-size: 5;\"><span lang=\"es-ES\"><u><b>PAMPLONA-<\/b><\/u><\/span><\/span><span style=\"color: #ff0000;\"><span style=\"font-size: 5;\"><span lang=\"es-ES\"><u><b>PUENTE LA REINA-ESTELLA<\/b><\/u><\/span><\/span><\/span><span style=\"font-size: 5;\"><span lang=\"es-ES\"><u><b>-OLITE<\/b><\/u><\/span><\/span><\/p>\n<figure id=\"attachment_11185\" aria-describedby=\"caption-attachment-11185\" style=\"width: 550px\" class=\"wp-caption aligncenter\"><a href=\"http:\/\/felix.ares.fm\/?attachment_id=11185\" rel=\"attachment wp-att-11185\"><img loading=\"lazy\" decoding=\"async\" class=\"size-full wp-image-11185\" src=\"http:\/\/felix.ares.fm\/wp-content\/uploads\/2017\/05\/10.jpg\" alt=\"Olite\" width=\"550\" height=\"224\" srcset=\"https:\/\/felix.ares.fm\/wp-content\/uploads\/2017\/05\/10.jpg 550w, https:\/\/felix.ares.fm\/wp-content\/uploads\/2017\/05\/10-300x122.jpg 300w, https:\/\/felix.ares.fm\/wp-content\/uploads\/2017\/05\/10-30x12.jpg 30w\" sizes=\"auto, (max-width: 550px) 100vw, 550px\" \/><\/a><figcaption id=\"caption-attachment-11185\" class=\"wp-caption-text\">Olite<\/figcaption><\/figure>\n<p align=\"justify\"><span style=\"font-size: 5;\"><span lang=\"es-ES\"><i><b>Desayuno,<\/b><\/i><\/span><\/span><span style=\"font-size: 5;\"><span lang=\"es-ES\"> traslado en autocar a Puente la Reina.<\/span><\/span><i><b> <\/b><\/i><span style=\"font-size: 5;\"><span lang=\"es-ES\"><b>La etapa de este d\u00eda (22 km.)<\/b><\/span><\/span><span style=\"font-size: 5;\"><span lang=\"es-ES\"> parte de Puente la Reina, saliendo porsu famoso puente, que al cruzarlo y por un instante, el peregrino se siente trasladado en el tiempo a siglos pasados. Cinco kil\u00f3metros nos separan de Ma\u00f1eru, cuya distancia se cubre por caminos y veredas entre tierras bald\u00edas y campos agr\u00edcolas por el valle del Arga. El perfil es suave, peque\u00f1as elevaciones y moderados descensos es la t\u00f3nica en este primer tramo de etapa, con excepci\u00f3n del fuerte repecho que deberemos afrontar hasta llegar al Crucero de Ma\u00f1eru, que da acceso a la localidad. Continuaremos hacia Cirauqui es una r\u00e9plica del tramo anterior, la diferencia es que el centro de Cirauqui se encuentra en lo alto de una colina y la subidita es de obligado cumplimiento.La salida es por el cementerio, donde tomamos una senda que nos conduce entre vi\u00f1as hasta dos monolitos. Superamos el derruido puente romano a la salida de Cirauqui y, durante un largo trecho, seguir la Calzada Romana, es algo que no se puede explicar, hay que pisarla y disfrutarla. M\u00e1s tarde y tambi\u00e9n en este tramo, nos encontraremos con el puente medieval y el r\u00edo salado, donde los p\u00edcaros y bribones tantas fechor\u00edas cometieron en la antig\u00fcedad. Ya avanzado el tramo pasaremos por debajo del canal de Alloz, desde donde se contin\u00faa por una pedregosa senda que surge a la izquierda y por ella, aprovechando unos t\u00faneles, pasaremos al otro lado de la autov\u00eda y antigua nacional. En suave ascenso alcanzaremos Lorca, que ya se encuentra cerca. Lorca se atraviesa por su calle mayor y en el centro una fuente de aguas cristalinas hace las delicias del peregrino, los siguientes cinco kil\u00f3metros hasta Villatuerta discurren entre peque\u00f1os montes y campos de cultivo, no muy lejos de la carretera N-111 y autov\u00eda. De salida caminamos a la izquierda de dicha autov\u00eda, pero pronto pasaremos al otro lado para descender a una \u00e1rea recreativa en la que podemos contemplar un peque\u00f1o monumento en recuerdo de la peregrina canadiense M\u00aa Catherine Kimpton, que falleci\u00f3 en este lugar en 2002. Enseguida se vuelve a cruzar bajo otro t\u00fanel la conocida Nacional y entramos en Villatuerda por una urbanizaci\u00f3n y ya nos quedan 4 km. hasta Estella que comenzaremos por la calle de San Gines en Villatuerda para llegar al puente medieval y por la calle Nueva subimos hasta la Iglesia Parroquial. Ya a las afueras de dicha localidad, se gira a la derecha y tras cruzar la carretera N-111, el camino asciende hacia una colina, que podemos ver al frente, desde donde rodea unas zonas de peque\u00f1os cultivos a media ladera del monte. Finalmente desciende hacia Estella, y despu\u00e9s de cruzar nuevamente la carretera nacional se accede a la hist\u00f3rica villa por un puente de hierro. Encuentro con el autocar para trasladarnos al hotel, llegada y <\/span><\/span><span style=\"font-size: 5;\"><span lang=\"es-ES\"><i><b>almuerzo<\/b><\/i><\/span><\/span><span style=\"font-size: 5;\"><span lang=\"es-ES\">, por la tarde nos trasladaremos a Olite, bonita poblaci\u00f3n al abrigo de nobles caserones de piedra con escudos de armas y grandiosos aleros de madera; galer\u00edas medievales y espl\u00e9ndidas iglesias, adem\u00e1s de descubrir el recinto amurallado romano. <\/span><\/span><span style=\"font-size: 5;\"><span lang=\"es-ES\"><i><b>Cena y alojamiento.<\/b><\/i><\/span><\/span><\/p>\n<p align=\"justify\"><span style=\"font-size: 5;\"><span lang=\"es-ES\"><b>22 Junio <\/b><\/span><\/span><span style=\"font-size: 5;\"><span lang=\"es-ES\"><u><b>PAMPLONA-SEGOVIA<\/b><\/u><\/span><\/span><\/p>\n<p align=\"justify\"><span style=\"font-size: 5;\"><span lang=\"es-ES\"><i><b>Desayuno<\/b><\/i><\/span><\/span><span style=\"font-size: 5;\"><span lang=\"es-ES\"> y salida hacia Segovia, breves paradas en ruta, llegada, acomodaci\u00f3n en el hotel y <\/span><\/span><span style=\"font-size: 5;\"><span lang=\"es-ES\"><i><b>almuerzo, <\/b><\/i><\/span><\/span><span style=\"font-size: 5;\"><span lang=\"es-ES\">en la tarde podr\u00e1n visitar Segovia, ciudad en la que destaca su majestuoso Acueducto, la Catedral, el Alc\u00e1zar y un Casco Hist\u00f3rico muy bien conservado, <\/span><\/span><span style=\"font-size: 5;\"><span lang=\"es-ES\"><i><b>cena y alojamiento.<\/b><\/i><\/span><\/span><\/p>\n<figure id=\"attachment_11186\" aria-describedby=\"caption-attachment-11186\" style=\"width: 300px\" class=\"wp-caption aligncenter\"><a href=\"http:\/\/felix.ares.fm\/?attachment_id=11186\" rel=\"attachment wp-att-11186\"><img loading=\"lazy\" decoding=\"async\" class=\"size-full wp-image-11186\" src=\"http:\/\/felix.ares.fm\/wp-content\/uploads\/2017\/05\/11.jpg\" alt=\"Acueducto de Segovia\" width=\"300\" height=\"225\" srcset=\"https:\/\/felix.ares.fm\/wp-content\/uploads\/2017\/05\/11.jpg 300w, https:\/\/felix.ares.fm\/wp-content\/uploads\/2017\/05\/11-30x23.jpg 30w\" sizes=\"auto, (max-width: 300px) 100vw, 300px\" \/><\/a><figcaption id=\"caption-attachment-11186\" class=\"wp-caption-text\">Acueducto de Segovia<\/figcaption><\/figure>\n<p align=\"justify\"><span style=\"font-size: 5;\"><span lang=\"es-ES\"><b>23 Junio <\/b><\/span><\/span><span style=\"font-size: 5;\"><span lang=\"es-ES\"><u><b>SEGOVIA-SAN LORENZO DEL ESCORIAL-FUENGIROLA<\/b><\/u><\/span><\/span><\/p>\n<figure id=\"attachment_11187\" aria-describedby=\"caption-attachment-11187\" style=\"width: 660px\" class=\"wp-caption aligncenter\"><a href=\"http:\/\/felix.ares.fm\/?attachment_id=11187\" rel=\"attachment wp-att-11187\"><img loading=\"lazy\" decoding=\"async\" class=\"size-full wp-image-11187\" src=\"http:\/\/felix.ares.fm\/wp-content\/uploads\/2017\/05\/12.jpg\" alt=\"San Lorenzo del Escorial\" width=\"660\" height=\"365\" srcset=\"https:\/\/felix.ares.fm\/wp-content\/uploads\/2017\/05\/12.jpg 660w, https:\/\/felix.ares.fm\/wp-content\/uploads\/2017\/05\/12-300x166.jpg 300w, https:\/\/felix.ares.fm\/wp-content\/uploads\/2017\/05\/12-30x17.jpg 30w\" sizes=\"auto, (max-width: 660px) 100vw, 660px\" \/><\/a><figcaption id=\"caption-attachment-11187\" class=\"wp-caption-text\">San Lorenzo del Escorial<\/figcaption><\/figure>\n<p align=\"justify\"><span style=\"font-size: 5;\"><span lang=\"es-ES\"><i><b>Desayuno<\/b><\/i><\/span><\/span><span style=\"font-size: 5;\"><span lang=\"es-ES\">, en la ma\u00f1ana nos trasladaremos a San Lorenzo del Escorial, localidad que por su accesibilidad y conexi\u00f3n con Madrid lo han convertido en un destino tur\u00edstico tanto de los madrile\u00f1os como de numerosos visitantes nacionales e internacionales que se sienten atra\u00eddos por los atractivos patrimoniales, culturales y naturales de la localidad y en donde destaca el Monasterio del Escorial Declarado Patrimonio de la Humanidad por la Unesco en 1984, <\/span><\/span><span style=\"font-size: 5;\"><span lang=\"es-ES\"><i><b>almuerzo en restaurante, <\/b><\/i><\/span><\/span><span style=\"font-size: 5;\"><span lang=\"es-ES\">a la hora prevista salida hacia Fuengirola, breves paradas en ruta, llegada y <\/span><\/span><span style=\"font-size: 5;\"><span lang=\"es-ES\"><b>FIN DE NUESTROS SERVICIOS<\/b><\/span><\/span><\/p>\n<h1 align=\"justify\"><span style=\"color: #ff0000;\"><span style=\"font-family: Arial Black,sans-serif;\"><span style=\"font-size: large;\">Precio por persona:\u2026\u2026\u2026\u2026 <\/span><\/span><span style=\"font-size: large;\">675\u20ac <\/span><\/span><\/h1>\n<h1 align=\"justify\"><span style=\"font-family: Arial Black,sans-serif; color: #ff0000;\"><span style=\"font-size: large;\"> Sup. hab. indiv.:\u2026\u2026\u2026\u2026\u2026\u2026. <\/span><\/span><span style=\"font-size: large;\"><span style=\"color: #ff0000;\">195\u20ac<\/span> <\/span><\/h1>\n<p align=\"justify\"><span style=\"font-family: Calibri,sans-serif;\"><span style=\"font-size: medium;\"><u><b>EL PRECIO INCLUYE: <\/b><\/u><\/span><\/span><\/p>\n<p align=\"justify\"><span style=\"font-family: Courier New,monospace;\"><span style=\"font-size: 5;\"><span style=\"font-family: Calibri,sans-serif;\"><span style=\"font-size: medium;\"><i><b>&#8211; Autocar para el itinerario descrito &#8211; Hotel de 3*** en Cuenca, Hotel de 4**** en Pamplona (alrededores) y Hotel 4**** en Segovia ciudad \u2013 Alojamiento en habitaciones dobles &#8211; R\u00e9gimen de Pensi\u00f3n Completa &#8211; Almuerzos en restaurante \u2013 Gu\u00eda acompa\u00f1ante (para las personas que no realicen las etapas de senderismo \/ peregrinaje) &#8211; Seguro de viaje especial senderistas e I.V.A. <\/b><\/i><\/span><\/span><\/span><\/span><\/p>\n<p>&nbsp;<\/p>\n<p class=\"western\" align=\"justify\"><span lang=\"es-ES\"><u><b>EL PRECIO NO INCLUYE:<\/b><\/u><\/span><span lang=\"es-ES\"><b> &#8211;<\/b><\/span><span lang=\"es-ES\"><i><b> Entradas a monumentos ni extras no especificados en el programa.<\/b><\/i><\/span><\/p>\n<p class=\"western\" align=\"justify\"><span style=\"color: #ff00ff;\">NOTA. Esto es una transcripci\u00f3n hecha por F\u00e9lix Ares. Aunque he intentado hacerlo lo mejor posible, hay cierta posibilidad de que haya cometido alg\u00fan error. Los datos reales son los q1ue figuran el el folleto de la Asociaci\u00f3n.<\/span><\/p>\n<p class=\"western\" align=\"justify\">Si quieren poner en contacto conmigo (<span style=\"color: #ff0000;\">no con la Asociaci\u00f3n)<\/span> les ruego que rellenen el siguiente formulario (les pido perd\u00f3n por estar medio en castellano y medio ingl\u00e9s pero es un plugin ajeno a m\u00ed):<\/p>\n<p class=\"western\" align=\"justify\">[contact_bank form_id=1 show_title=true show_desc=false]<span id=\"transmark\" style=\"display: none; width: 0px; height: 0px;\"><\/span><\/p>\n<p><span style=\"border-radius: 2px; text-indent: 20px; width: auto; padding: 0px 4px 0px 0px; text-align: center; font: bold 11px\/20px 'Helvetica Neue',Helvetica,sans-serif; color: #ffffff; background: #bd081c none no-repeat scroll 3px 50% \/ 14px 14px; position: absolute; opacity: 1; z-index: 8675309; display: none; cursor: pointer; top: 274px; left: 20px;\">Guardar<\/span><\/p>\n<p><span style=\"border-radius: 2px; text-indent: 20px; width: auto; padding: 0px 4px 0px 0px; text-align: center; font: bold 11px\/20px 'Helvetica Neue',Helvetica,sans-serif; color: #ffffff; background: #bd081c none no-repeat scroll 3px 50% \/ 14px 14px; position: absolute; opacity: 1; z-index: 8675309; display: none; cursor: pointer; top: 274px; left: 20px;\">Guardar<\/span><\/p>\n<p><span style=\"border-radius: 2px; text-indent: 20px; width: auto; padding: 0px 4px 0px 0px; text-align: center; font: bold 11px\/20px 'Helvetica Neue',Helvetica,sans-serif; color: #ffffff; background: #bd081c none no-repeat scroll 3px 50% \/ 14px 14px; position: absolute; opacity: 1; z-index: 8675309; display: none; cursor: pointer;\">Guardar<\/span><\/p>\n<p><span style=\"border-radius: 2px; text-indent: 20px; width: auto; padding: 0px 4px 0px 0px; text-align: center; font: bold 11px\/20px 'Helvetica Neue',Helvetica,sans-serif; color: #ffffff; background: #bd081c none no-repeat scroll 3px 50% \/ 14px 14px; position: absolute; opacity: 1; z-index: 8675309; display: none; cursor: pointer; top: 274px; left: 20px;\">Guardar<\/span><\/p>\n<p><span style=\"border-radius: 2px; text-indent: 20px; width: auto; padding: 0px 4px 0px 0px; text-align: center; font: bold 11px\/20px 'Helvetica Neue',Helvetica,sans-serif; color: #ffffff; background: #bd081c none no-repeat scroll 3px 50% \/ 14px 14px; position: absolute; opacity: 1; z-index: 8675309; display: none; cursor: pointer; top: 202px; left: 20px;\">Guardar<\/span><\/p>\n<p><span style=\"border-radius: 2px; text-indent: 20px; width: auto; padding: 0px 4px 0px 0px; text-align: center; font: bold 11px\/20px 'Helvetica Neue',Helvetica,sans-serif; color: #ffffff; background: #bd081c none no-repeat scroll 3px 50% \/ 14px 14px; position: absolute; opacity: 1; z-index: 8675309; display: none; cursor: pointer; top: 3014px; left: 32px;\">Guardar<\/span><\/p>\n<p><span style=\"border-radius: 2px; text-indent: 20px; width: auto; padding: 0px 4px 0px 0px; text-align: center; font: bold 11px\/20px 'Helvetica Neue',Helvetica,sans-serif; color: #ffffff; background: #bd081c no-repeat scroll 3px 50% \/ 14px 14px; position: absolute; opacity: 1; z-index: 8675309; display: none; cursor: pointer; top: 7221px; left: 20px;\">Guardar<\/span><\/p>\n<p><span style=\"border-radius: 2px; text-indent: 20px; width: auto; padding: 0px 4px 0px 0px; text-align: center; font: bold 11px\/20px 'Helvetica Neue',Helvetica,sans-serif; color: #ffffff; background: #bd081c no-repeat scroll 3px 50% \/ 14px 14px; position: absolute; opacity: 1; z-index: 8675309; display: none; cursor: pointer;\">Guardar<\/span><\/p>\n<p><span style=\"border-radius: 2px; text-indent: 20px; width: auto; padding: 0px 4px 0px 0px; text-align: center; font: bold 11px\/20px 'Helvetica Neue',Helvetica,sans-serif; color: #ffffff; background: #bd081c no-repeat scroll 3px 50% \/ 14px 14px; position: absolute; opacity: 1; z-index: 8675309; display: none; cursor: pointer; top: 8025px; left: 20px;\">Guardar<\/span><\/p>\n<p><span style=\"border-radius: 2px; text-indent: 20px; width: auto; padding: 0px 4px 0px 0px; text-align: center; font: bold 11px\/20px 'Helvetica Neue',Helvetica,sans-serif; color: #ffffff; background: #bd081c  no-repeat scroll 3px 50% \/ 14px 14px; position: absolute; opacity: 1; z-index: 8675309; display: none; cursor: pointer; top: 8025px; left: 20px;\">Guardar<\/span><\/p>\n","protected":false},"excerpt":{"rendered":"<p>Nos llega un comunicado de la Junta Directiva de la Asociaci\u00f3n de Jubilados y Pensionistas de Fuengirola en la que se informa de que el todav\u00eda quedan plazas para el viaje de nueve d\u00edas \u00abCamino de Santiago Franc\u00e9s\u00bb. De este viaje ya hab\u00edamos hablado en esta entrada:\u00a0 camino_santiago_franc\u00e9s;\u00a0 ahora nos llega documentaci\u00f3n m\u00e1s detallada: LA &hellip; <a href=\"https:\/\/felix.ares.fm\/?p=11172\" class=\"more-link\">Seguir leyendo <span class=\"screen-reader-text\">Asociaci\u00f3n de jubilados&#8230; Anuncio. Viaje Camino de Santiago Franc\u00e9s<\/span> <span class=\"meta-nav\">&rarr;<\/span><\/a><\/p>\n","protected":false},"author":1,"featured_media":0,"comment_status":"closed","ping_status":"open","sticky":false,"template":"","format":"standard","meta":{"footnotes":""},"categories":[564,900,796],"tags":[],"class_list":["post-11172","post","type-post","status-publish","format-standard","hentry","category-asociacion-de-jubilados-y-pensionistas-de-fuengirola","category-camino-de-santiago-frances","category-comunicado"],"_links":{"self":[{"href":"https:\/\/felix.ares.fm\/index.php?rest_route=\/wp\/v2\/posts\/11172","targetHints":{"allow":["GET"]}}],"collection":[{"href":"https:\/\/felix.ares.fm\/index.php?rest_route=\/wp\/v2\/posts"}],"about":[{"href":"https:\/\/felix.ares.fm\/index.php?rest_route=\/wp\/v2\/types\/post"}],"author":[{"embeddable":true,"href":"https:\/\/felix.ares.fm\/index.php?rest_route=\/wp\/v2\/users\/1"}],"replies":[{"embeddable":true,"href":"https:\/\/felix.ares.fm\/index.php?rest_route=%2Fwp%2Fv2%2Fcomments&post=11172"}],"version-history":[{"count":8,"href":"https:\/\/felix.ares.fm\/index.php?rest_route=\/wp\/v2\/posts\/11172\/revisions"}],"predecessor-version":[{"id":11192,"href":"https:\/\/felix.ares.fm\/index.php?rest_route=\/wp\/v2\/posts\/11172\/revisions\/11192"}],"wp:attachment":[{"href":"https:\/\/felix.ares.fm\/index.php?rest_route=%2Fwp%2Fv2%2Fmedia&parent=11172"}],"wp:term":[{"taxonomy":"category","embeddable":true,"href":"https:\/\/felix.ares.fm\/index.php?rest_route=%2Fwp%2Fv2%2Fcategories&post=11172"},{"taxonomy":"post_tag","embeddable":true,"href":"https:\/\/felix.ares.fm\/index.php?rest_route=%2Fwp%2Fv2%2Ftags&post=11172"}],"curies":[{"name":"wp","href":"https:\/\/api.w.org\/{rel}","templated":true}]}}