{"id":1115,"date":"2012-01-14T12:18:47","date_gmt":"2012-01-14T10:18:47","guid":{"rendered":"http:\/\/felix.ares.fm\/?p=1115"},"modified":"2012-03-02T10:17:43","modified_gmt":"2012-03-02T08:17:43","slug":"from-fuengirola-to-ubeda-y-baeza","status":"publish","type":"post","link":"https:\/\/felix.ares.fm\/?p=1115","title":{"rendered":"From Fuengirola to \u00dabeda y Baeza (1)"},"content":{"rendered":"<figure id=\"attachment_1126\" aria-describedby=\"caption-attachment-1126\" style=\"width: 300px\" class=\"wp-caption aligncenter\"><a href=\"http:\/\/felix.ares.fm\/wp-content\/uploads\/2012\/01\/5-restauramte-hotel-dos-hermanas.jpg\"><img loading=\"lazy\" decoding=\"async\" class=\"size-medium wp-image-1126\" title=\"Detalle del restaurante del hotel Dos hermanas\" src=\"http:\/\/felix.ares.fm\/wp-content\/uploads\/2012\/01\/5-restauramte-hotel-dos-hermanas-300x200.jpg\" alt=\"Detalle del restaurante del hotel Dos hermanas\" width=\"300\" height=\"200\" srcset=\"https:\/\/felix.ares.fm\/wp-content\/uploads\/2012\/01\/5-restauramte-hotel-dos-hermanas-300x200.jpg 300w, https:\/\/felix.ares.fm\/wp-content\/uploads\/2012\/01\/5-restauramte-hotel-dos-hermanas.jpg 518w\" sizes=\"auto, (max-width: 300px) 100vw, 300px\" \/><\/a><figcaption id=\"caption-attachment-1126\" class=\"wp-caption-text\">Detalle del restaurante del hotel Dos hermanas<\/figcaption><\/figure>\n<p>Estamos intentando hacer una lista de las mejores ciudades en el tema de tapas y de momento Almer\u00eda, Granada y Fuengirola ocupaban los primeros puestos del ranking. Pero husmeando por Internet descubrimos que algunas personas consideraban que la provincia de Ja\u00e9n, y m\u00e1s concretamente, Linares, La Carolina, \u00dabeda y Baeza eran los mejores sitios del mundo.<\/p>\n<p>Una afirmaci\u00f3n tan contundente exig\u00eda que fu\u00e9ramos a verificarlo.<\/p>\n<p>Ir desde Fuengirola a \u00dabeda no resulta especialmente f\u00e1cil. Hay un viaje directo desde M\u00e1laga a \u00dabeda, pero con muy pocas salidas diarias. Pero, pensamos, si \u00dabeda es de la provincia de Ja\u00e9n habr\u00e1 muchos autobuses que nos lleven desde la capital hasta esa ciudad. Ver\u00edficamos en www.alsa.es y vimos que era ciuerto. hay autobuses casi cada hora. Llegar de M\u00e1laga a Ja\u00e9n tampoco es dif\u00edcil, www.alsa.es ofrece muchos servicios.<\/p>\n<p>Contratamos los autobuses y fuimos a buscar un hotel. Lo hicimos a trav\u00e9s de trivago y conseguimos el hotel \u00abDos Hermanas\u00bb, razonablemente acogedor, por 45 \u20ac la noche a trav\u00e9s de una operadora de turismo alemana. Un peque\u00f1o problema con el alem\u00e1n, que solucionamos inmediatamente diciendo que quer\u00edamos la informaci\u00f3n en ingl\u00e9s.<\/p>\n<p>Llegamos a \u00dabeda. Pedimos un vino e inmediatamente descubrimos que loo que dec\u00edan en Internet no era infundado, nos dieron unas tapas magn\u00edficas. Magn\u00edficas. Y vino y tapa nos costaron 1,80 Euros.<\/p>\n<p>Muy cerca de nuestro hotel hab\u00eda una cafeteria que se llamaba \u00abEl doble\u00bb, entramos pedimos un par de vinos crianza de Rioja, nos los sirvieron y nos pusieron ocho tapas. \u00a1Ocho!. Y no unas tapas cualquiera sino tapas de dise\u00f1o, de un gran cocinero: pat\u00e9 de pato, caviar, patatal ali-oli,&#8230; Y el precio: 1,80 \u20ac. Pocas dudas nos caben de que \u00dabeda est\u00e1 entre lass primeras ciudades en nuestro ranking de ciudades de tapeo.<\/p>\n<p>Pero no todo son tapas. \u00dabeda no es Patrimonio de la humanidad por sus tapas (aunque deber\u00eda serlo) sino por sus monumentos, calles y pasiajes:<\/p>\n<p>He aqu\u00ed algunos:<\/p>\n<figure id=\"attachment_1121\" aria-describedby=\"caption-attachment-1121\" style=\"width: 200px\" class=\"wp-caption aligncenter\"><a href=\"http:\/\/felix.ares.fm\/wp-content\/uploads\/2012\/01\/1-baeza.jpg\"><img loading=\"lazy\" decoding=\"async\" class=\"size-medium wp-image-1121\" title=\"Centro de \u00dabeda por la noche\" src=\"http:\/\/felix.ares.fm\/wp-content\/uploads\/2012\/01\/1-baeza-200x300.jpg\" alt=\"Centro de \u00dabeda por la noche\" width=\"200\" height=\"300\" srcset=\"https:\/\/felix.ares.fm\/wp-content\/uploads\/2012\/01\/1-baeza-200x300.jpg 200w, https:\/\/felix.ares.fm\/wp-content\/uploads\/2012\/01\/1-baeza.jpg 346w\" sizes=\"auto, (max-width: 200px) 100vw, 200px\" \/><\/a><figcaption id=\"caption-attachment-1121\" class=\"wp-caption-text\">Centro de \u00dabeda por la noche<\/figcaption><\/figure>\n<figure id=\"attachment_1122\" aria-describedby=\"caption-attachment-1122\" style=\"width: 200px\" class=\"wp-caption aligncenter\"><a href=\"http:\/\/felix.ares.fm\/wp-content\/uploads\/2012\/01\/2-ubeda.jpg\"><img loading=\"lazy\" decoding=\"async\" class=\"size-medium wp-image-1122\" title=\"Centro de \u00dabeda por la noche\" src=\"http:\/\/felix.ares.fm\/wp-content\/uploads\/2012\/01\/2-ubeda-200x300.jpg\" alt=\"\" width=\"200\" height=\"300\" srcset=\"https:\/\/felix.ares.fm\/wp-content\/uploads\/2012\/01\/2-ubeda-200x300.jpg 200w, https:\/\/felix.ares.fm\/wp-content\/uploads\/2012\/01\/2-ubeda.jpg 346w\" sizes=\"auto, (max-width: 200px) 100vw, 200px\" \/><\/a><figcaption id=\"caption-attachment-1122\" class=\"wp-caption-text\">Centro de \u00dabeda por la noche<\/figcaption><\/figure>\n<figure id=\"attachment_1124\" aria-describedby=\"caption-attachment-1124\" style=\"width: 200px\" class=\"wp-caption aligncenter\"><a href=\"http:\/\/felix.ares.fm\/wp-content\/uploads\/2012\/01\/3-ubeda1.jpg\"><img loading=\"lazy\" decoding=\"async\" class=\"size-medium wp-image-1124\" title=\"Centro de \u00dabeda por la noche\" src=\"http:\/\/felix.ares.fm\/wp-content\/uploads\/2012\/01\/3-ubeda1-200x300.jpg\" alt=\"Centro de \u00dabeda por la noche\" width=\"200\" height=\"300\" srcset=\"https:\/\/felix.ares.fm\/wp-content\/uploads\/2012\/01\/3-ubeda1-200x300.jpg 200w, https:\/\/felix.ares.fm\/wp-content\/uploads\/2012\/01\/3-ubeda1.jpg 346w\" sizes=\"auto, (max-width: 200px) 100vw, 200px\" \/><\/a><figcaption id=\"caption-attachment-1124\" class=\"wp-caption-text\">Centro de \u00dabeda por la noche<\/figcaption><\/figure>\n<figure id=\"attachment_1127\" aria-describedby=\"caption-attachment-1127\" style=\"width: 300px\" class=\"wp-caption aligncenter\"><a href=\"http:\/\/felix.ares.fm\/wp-content\/uploads\/2012\/01\/6-anis-del-mono.jpg\"><img loading=\"lazy\" decoding=\"async\" class=\"size-medium wp-image-1127\" title=\"Anis del mono\" src=\"http:\/\/felix.ares.fm\/wp-content\/uploads\/2012\/01\/6-anis-del-mono-300x200.jpg\" alt=\"Anis del mono\" width=\"300\" height=\"200\" srcset=\"https:\/\/felix.ares.fm\/wp-content\/uploads\/2012\/01\/6-anis-del-mono-300x200.jpg 300w, https:\/\/felix.ares.fm\/wp-content\/uploads\/2012\/01\/6-anis-del-mono.jpg 518w\" sizes=\"auto, (max-width: 300px) 100vw, 300px\" \/><\/a><figcaption id=\"caption-attachment-1127\" class=\"wp-caption-text\">Anis del mono<\/figcaption><\/figure>\n<p>Nos quedamos sorprendidos de que muchas personas, para desayunar, se tomaban un \u00aban\u00eds del mono\u00bb, un carajillo o un co\u00f1ac. Todas estas cosas las record\u00e1bamos de la Espa\u00f1a rural, pero de hace m\u00e1s de cincuenta a\u00f1os. Y resulta que en \u00dabeda es lo est\u00e1ndar. Merecde la pena ver la etiqueta del an\u00eds. el mono tiene la cara de Darwin; est\u00e1 muy claro que Vicente Bosch, el fabricante, odiaba la teor\u00eda de la Selecci\u00f3n Natural de Darwin\/Wallace<\/p>\n<figure id=\"attachment_1129\" aria-describedby=\"caption-attachment-1129\" style=\"width: 300px\" class=\"wp-caption aligncenter\"><a href=\"http:\/\/felix.ares.fm\/wp-content\/uploads\/2012\/01\/7-bar-venta-juanillo.jpg\"><img loading=\"lazy\" decoding=\"async\" class=\"size-medium wp-image-1129\" title=\"Bar venta juanillo\" src=\"http:\/\/felix.ares.fm\/wp-content\/uploads\/2012\/01\/7-bar-venta-juanillo-300x200.jpg\" alt=\"Bar venta juanillo\" width=\"300\" height=\"200\" srcset=\"https:\/\/felix.ares.fm\/wp-content\/uploads\/2012\/01\/7-bar-venta-juanillo-300x200.jpg 300w, https:\/\/felix.ares.fm\/wp-content\/uploads\/2012\/01\/7-bar-venta-juanillo.jpg 518w\" sizes=\"auto, (max-width: 300px) 100vw, 300px\" \/><\/a><figcaption id=\"caption-attachment-1129\" class=\"wp-caption-text\">Bar venta juanillo<\/figcaption><\/figure>\n<p>Nos sorprendi\u00f3 much\u00edsimo ver que en un bar, que estaba cerrado, los clientes estaban a la puerta y en cuanto abrieron entraron a tomar sus carajillos, anises y cazallas&#8230; Despu\u00e9s nos enteramos de que la Venta Juanillo era el bar que antes abr\u00eda de \u00dabeda (a las 7:45 de la ma\u00f1ana). Si no es cirto que es el antes abre, pocas dudas hay de que es uno de los que primero lo hace.<\/p>\n<figure id=\"attachment_1131\" aria-describedby=\"caption-attachment-1131\" style=\"width: 300px\" class=\"wp-caption aligncenter\"><a href=\"http:\/\/felix.ares.fm\/wp-content\/uploads\/2012\/01\/8-por-las-calles-de-ubeda.jpg\"><img loading=\"lazy\" decoding=\"async\" class=\"size-medium wp-image-1131\" title=\"Por las calles de ubeda\" src=\"http:\/\/felix.ares.fm\/wp-content\/uploads\/2012\/01\/8-por-las-calles-de-ubeda-300x200.jpg\" alt=\"Por las calles de ubeda\" width=\"300\" height=\"200\" srcset=\"https:\/\/felix.ares.fm\/wp-content\/uploads\/2012\/01\/8-por-las-calles-de-ubeda-300x200.jpg 300w, https:\/\/felix.ares.fm\/wp-content\/uploads\/2012\/01\/8-por-las-calles-de-ubeda.jpg 518w\" sizes=\"auto, (max-width: 300px) 100vw, 300px\" \/><\/a><figcaption id=\"caption-attachment-1131\" class=\"wp-caption-text\">Por las calles de ubeda<\/figcaption><\/figure>\n<figure id=\"attachment_1132\" aria-describedby=\"caption-attachment-1132\" style=\"width: 300px\" class=\"wp-caption aligncenter\"><a href=\"http:\/\/felix.ares.fm\/wp-content\/uploads\/2012\/01\/A-creo-que-san-pablo.jpg\"><img loading=\"lazy\" decoding=\"async\" class=\"size-medium wp-image-1132\" title=\"Si no nos confundimos: Iglesia de San Pablo en \u00dabeda\" src=\"http:\/\/felix.ares.fm\/wp-content\/uploads\/2012\/01\/A-creo-que-san-pablo-300x200.jpg\" alt=\"Si no nos confundimos: Iglesia de San Pablo en \u00dabeda\" width=\"300\" height=\"200\" srcset=\"https:\/\/felix.ares.fm\/wp-content\/uploads\/2012\/01\/A-creo-que-san-pablo-300x200.jpg 300w, https:\/\/felix.ares.fm\/wp-content\/uploads\/2012\/01\/A-creo-que-san-pablo.jpg 518w\" sizes=\"auto, (max-width: 300px) 100vw, 300px\" \/><\/a><figcaption id=\"caption-attachment-1132\" class=\"wp-caption-text\">Si no nos confundimos: Iglesia de San Pablo en \u00dabeda<\/figcaption><\/figure>\n<figure id=\"attachment_1133\" aria-describedby=\"caption-attachment-1133\" style=\"width: 200px\" class=\"wp-caption aligncenter\"><a href=\"http:\/\/felix.ares.fm\/wp-content\/uploads\/2012\/01\/D-san-pablo.jpg\"><img loading=\"lazy\" decoding=\"async\" class=\"size-medium wp-image-1133\" title=\"Si no nos confundimos: Iglesia de San Pablo en \u00dabeda\" src=\"http:\/\/felix.ares.fm\/wp-content\/uploads\/2012\/01\/D-san-pablo-200x300.jpg\" alt=\"Si no nos confundimos: Iglesia de San Pablo en \u00dabeda\" width=\"200\" height=\"300\" srcset=\"https:\/\/felix.ares.fm\/wp-content\/uploads\/2012\/01\/D-san-pablo-200x300.jpg 200w, https:\/\/felix.ares.fm\/wp-content\/uploads\/2012\/01\/D-san-pablo.jpg 346w\" sizes=\"auto, (max-width: 200px) 100vw, 200px\" \/><\/a><figcaption id=\"caption-attachment-1133\" class=\"wp-caption-text\">Si no nos confundimos: Iglesia de San Pablo en \u00dabeda<\/figcaption><\/figure>\n<figure id=\"attachment_1134\" aria-describedby=\"caption-attachment-1134\" style=\"width: 300px\" class=\"wp-caption aligncenter\"><a href=\"http:\/\/felix.ares.fm\/wp-content\/uploads\/2012\/01\/e-san-pablo.jpg\"><img loading=\"lazy\" decoding=\"async\" class=\"size-medium wp-image-1134\" title=\"Si no nos confundimos: Iglesia de San Pablo en \u00dabeda\" src=\"http:\/\/felix.ares.fm\/wp-content\/uploads\/2012\/01\/e-san-pablo-300x200.jpg\" alt=\"Si no nos confundimos: Iglesia de San Pablo en \u00dabeda\" width=\"300\" height=\"200\" srcset=\"https:\/\/felix.ares.fm\/wp-content\/uploads\/2012\/01\/e-san-pablo-300x200.jpg 300w, https:\/\/felix.ares.fm\/wp-content\/uploads\/2012\/01\/e-san-pablo.jpg 518w\" sizes=\"auto, (max-width: 300px) 100vw, 300px\" \/><\/a><figcaption id=\"caption-attachment-1134\" class=\"wp-caption-text\">Si no nos confundimos: Iglesia de San Pablo en \u00dabeda<\/figcaption><\/figure>\n<figure id=\"attachment_1135\" aria-describedby=\"caption-attachment-1135\" style=\"width: 300px\" class=\"wp-caption aligncenter\"><a href=\"http:\/\/felix.ares.fm\/wp-content\/uploads\/2012\/01\/f-casas-consistoriales.jpg\"><img loading=\"lazy\" decoding=\"async\" class=\"size-medium wp-image-1135\" title=\"Casas consistoriales del siglo XVI\" src=\"http:\/\/felix.ares.fm\/wp-content\/uploads\/2012\/01\/f-casas-consistoriales-300x200.jpg\" alt=\"Casas consistoriales del siglo XVI\" width=\"300\" height=\"200\" srcset=\"https:\/\/felix.ares.fm\/wp-content\/uploads\/2012\/01\/f-casas-consistoriales-300x200.jpg 300w, https:\/\/felix.ares.fm\/wp-content\/uploads\/2012\/01\/f-casas-consistoriales.jpg 518w\" sizes=\"auto, (max-width: 300px) 100vw, 300px\" \/><\/a><figcaption id=\"caption-attachment-1135\" class=\"wp-caption-text\">Casas consistoriales del siglo XVI<\/figcaption><\/figure>\n<figure id=\"attachment_1136\" aria-describedby=\"caption-attachment-1136\" style=\"width: 300px\" class=\"wp-caption aligncenter\"><a href=\"http:\/\/felix.ares.fm\/wp-content\/uploads\/2012\/01\/g-sagrada-capilla-del-salvador-del-mundo.jpg\"><img loading=\"lazy\" decoding=\"async\" class=\"size-medium wp-image-1136\" title=\"Sagrada capilla del salvador del mundo. A la izquierda el Parador Nacional\" src=\"http:\/\/felix.ares.fm\/wp-content\/uploads\/2012\/01\/g-sagrada-capilla-del-salvador-del-mundo-300x200.jpg\" alt=\"Sagrada capilla del salvador del mundo. A la izquierda el Parador Nacional\" width=\"300\" height=\"200\" srcset=\"https:\/\/felix.ares.fm\/wp-content\/uploads\/2012\/01\/g-sagrada-capilla-del-salvador-del-mundo-300x200.jpg 300w, https:\/\/felix.ares.fm\/wp-content\/uploads\/2012\/01\/g-sagrada-capilla-del-salvador-del-mundo.jpg 518w\" sizes=\"auto, (max-width: 300px) 100vw, 300px\" \/><\/a><figcaption id=\"caption-attachment-1136\" class=\"wp-caption-text\">Sagrada capilla del salvador del mundo. A la izquierda el Parador Nacional<\/figcaption><\/figure>\n<figure id=\"attachment_1138\" aria-describedby=\"caption-attachment-1138\" style=\"width: 300px\" class=\"wp-caption aligncenter\"><a href=\"http:\/\/felix.ares.fm\/wp-content\/uploads\/2012\/01\/h-parador-de-turismo.jpg\"><img loading=\"lazy\" decoding=\"async\" class=\"size-medium wp-image-1138\" title=\"Parador de turismo\" src=\"http:\/\/felix.ares.fm\/wp-content\/uploads\/2012\/01\/h-parador-de-turismo-300x200.jpg\" alt=\"Parador de turismo\" width=\"300\" height=\"200\" srcset=\"https:\/\/felix.ares.fm\/wp-content\/uploads\/2012\/01\/h-parador-de-turismo-300x200.jpg 300w, https:\/\/felix.ares.fm\/wp-content\/uploads\/2012\/01\/h-parador-de-turismo.jpg 518w\" sizes=\"auto, (max-width: 300px) 100vw, 300px\" \/><\/a><figcaption id=\"caption-attachment-1138\" class=\"wp-caption-text\">Parador de turismo<\/figcaption><\/figure>\n<figure id=\"attachment_1139\" aria-describedby=\"caption-attachment-1139\" style=\"width: 300px\" class=\"wp-caption aligncenter\"><a href=\"http:\/\/felix.ares.fm\/wp-content\/uploads\/2012\/01\/h-olivos-desde-ubeda.jpg\"><img loading=\"lazy\" decoding=\"async\" class=\"size-medium wp-image-1139\" title=\"Olivos vistos desde ubeda\" src=\"http:\/\/felix.ares.fm\/wp-content\/uploads\/2012\/01\/h-olivos-desde-ubeda-300x200.jpg\" alt=\"Olivos vistos desde ubeda\" width=\"300\" height=\"200\" srcset=\"https:\/\/felix.ares.fm\/wp-content\/uploads\/2012\/01\/h-olivos-desde-ubeda-300x200.jpg 300w, https:\/\/felix.ares.fm\/wp-content\/uploads\/2012\/01\/h-olivos-desde-ubeda.jpg 518w\" sizes=\"auto, (max-width: 300px) 100vw, 300px\" \/><\/a><figcaption id=\"caption-attachment-1139\" class=\"wp-caption-text\">Olivos vistos desde ubeda<\/figcaption><\/figure>\n<figure id=\"attachment_1140\" aria-describedby=\"caption-attachment-1140\" style=\"width: 300px\" class=\"wp-caption aligncenter\"><a href=\"http:\/\/felix.ares.fm\/wp-content\/uploads\/2012\/01\/j-y-todavia-mas-olivos.jpg\"><img loading=\"lazy\" decoding=\"async\" class=\"size-medium wp-image-1140\" title=\"Y todavia mas olivos\" src=\"http:\/\/felix.ares.fm\/wp-content\/uploads\/2012\/01\/j-y-todavia-mas-olivos-300x200.jpg\" alt=\"Y todavia mas olivos\" width=\"300\" height=\"200\" srcset=\"https:\/\/felix.ares.fm\/wp-content\/uploads\/2012\/01\/j-y-todavia-mas-olivos-300x200.jpg 300w, https:\/\/felix.ares.fm\/wp-content\/uploads\/2012\/01\/j-y-todavia-mas-olivos.jpg 518w\" sizes=\"auto, (max-width: 300px) 100vw, 300px\" \/><\/a><figcaption id=\"caption-attachment-1140\" class=\"wp-caption-text\">Y todavia mas olivos<\/figcaption><\/figure>\n<figure id=\"attachment_1141\" aria-describedby=\"caption-attachment-1141\" style=\"width: 300px\" class=\"wp-caption aligncenter\"><a href=\"http:\/\/felix.ares.fm\/wp-content\/uploads\/2012\/01\/k-y-mas-olivos.jpg\"><img loading=\"lazy\" decoding=\"async\" class=\"size-medium wp-image-1141\" title=\"... y mas olivos\" src=\"http:\/\/felix.ares.fm\/wp-content\/uploads\/2012\/01\/k-y-mas-olivos-300x200.jpg\" alt=\"... y mas olivos\" width=\"300\" height=\"200\" srcset=\"https:\/\/felix.ares.fm\/wp-content\/uploads\/2012\/01\/k-y-mas-olivos-300x200.jpg 300w, https:\/\/felix.ares.fm\/wp-content\/uploads\/2012\/01\/k-y-mas-olivos.jpg 518w\" sizes=\"auto, (max-width: 300px) 100vw, 300px\" \/><\/a><figcaption id=\"caption-attachment-1141\" class=\"wp-caption-text\">... y mas olivos<\/figcaption><\/figure>\n<figure id=\"attachment_1142\" aria-describedby=\"caption-attachment-1142\" style=\"width: 300px\" class=\"wp-caption aligncenter\"><a href=\"http:\/\/felix.ares.fm\/wp-content\/uploads\/2012\/01\/m-otra-calle-de-ubeda.jpg\"><img loading=\"lazy\" decoding=\"async\" class=\"size-medium wp-image-1142\" title=\"Otra calle de \u00dabeda\" src=\"http:\/\/felix.ares.fm\/wp-content\/uploads\/2012\/01\/m-otra-calle-de-ubeda-300x200.jpg\" alt=\"Otra calle de \u00dabeda\" width=\"300\" height=\"200\" srcset=\"https:\/\/felix.ares.fm\/wp-content\/uploads\/2012\/01\/m-otra-calle-de-ubeda-300x200.jpg 300w, https:\/\/felix.ares.fm\/wp-content\/uploads\/2012\/01\/m-otra-calle-de-ubeda.jpg 518w\" sizes=\"auto, (max-width: 300px) 100vw, 300px\" \/><\/a><figcaption id=\"caption-attachment-1142\" class=\"wp-caption-text\">Otra calle de \u00dabeda<\/figcaption><\/figure>\n<figure id=\"attachment_1144\" aria-describedby=\"caption-attachment-1144\" style=\"width: 300px\" class=\"wp-caption aligncenter\"><a href=\"http:\/\/felix.ares.fm\/wp-content\/uploads\/2012\/01\/n-otra-calle-de-ubeda.jpg\"><img loading=\"lazy\" decoding=\"async\" class=\"size-medium wp-image-1144\" title=\"Otra calle de \u00dabeda\" src=\"http:\/\/felix.ares.fm\/wp-content\/uploads\/2012\/01\/n-otra-calle-de-ubeda-300x200.jpg\" alt=\"Otra calle de \u00dabeda\" width=\"300\" height=\"200\" srcset=\"https:\/\/felix.ares.fm\/wp-content\/uploads\/2012\/01\/n-otra-calle-de-ubeda-300x200.jpg 300w, https:\/\/felix.ares.fm\/wp-content\/uploads\/2012\/01\/n-otra-calle-de-ubeda.jpg 518w\" sizes=\"auto, (max-width: 300px) 100vw, 300px\" \/><\/a><figcaption id=\"caption-attachment-1144\" class=\"wp-caption-text\">Otra calle de \u00dabeda<\/figcaption><\/figure>\n<figure id=\"attachment_1145\" aria-describedby=\"caption-attachment-1145\" style=\"width: 200px\" class=\"wp-caption aligncenter\"><a href=\"http:\/\/felix.ares.fm\/wp-content\/uploads\/2012\/01\/p-otra-calle.jpg\"><img loading=\"lazy\" decoding=\"async\" class=\"size-medium wp-image-1145\" title=\"Otra calle de \u00dabeda\" src=\"http:\/\/felix.ares.fm\/wp-content\/uploads\/2012\/01\/p-otra-calle-200x300.jpg\" alt=\"Otra calle de \u00dabeda\" width=\"200\" height=\"300\" srcset=\"https:\/\/felix.ares.fm\/wp-content\/uploads\/2012\/01\/p-otra-calle-200x300.jpg 200w, https:\/\/felix.ares.fm\/wp-content\/uploads\/2012\/01\/p-otra-calle.jpg 346w\" sizes=\"auto, (max-width: 200px) 100vw, 200px\" \/><\/a><figcaption id=\"caption-attachment-1145\" class=\"wp-caption-text\">Otra calle de \u00dabeda<\/figcaption><\/figure>\n<figure id=\"attachment_1146\" aria-describedby=\"caption-attachment-1146\" style=\"width: 300px\" class=\"wp-caption aligncenter\"><a href=\"http:\/\/felix.ares.fm\/wp-content\/uploads\/2012\/01\/q-otra-iglesia.jpg\"><img loading=\"lazy\" decoding=\"async\" class=\"size-medium wp-image-1146\" title=\"Otra iglesia de \u00dabeda\" src=\"http:\/\/felix.ares.fm\/wp-content\/uploads\/2012\/01\/q-otra-iglesia-300x200.jpg\" alt=\"Otra iglesia de \u00dabeda\" width=\"300\" height=\"200\" srcset=\"https:\/\/felix.ares.fm\/wp-content\/uploads\/2012\/01\/q-otra-iglesia-300x200.jpg 300w, https:\/\/felix.ares.fm\/wp-content\/uploads\/2012\/01\/q-otra-iglesia.jpg 518w\" sizes=\"auto, (max-width: 300px) 100vw, 300px\" \/><\/a><figcaption id=\"caption-attachment-1146\" class=\"wp-caption-text\">Otra iglesia de \u00dabeda<\/figcaption><\/figure>\n<figure id=\"attachment_1148\" aria-describedby=\"caption-attachment-1148\" style=\"width: 300px\" class=\"wp-caption aligncenter\"><a href=\"http:\/\/felix.ares.fm\/wp-content\/uploads\/2012\/01\/r-una-panoramica.jpg\"><img loading=\"lazy\" decoding=\"async\" class=\"size-medium wp-image-1148\" title=\"Una panor\u00e1mica\" src=\"http:\/\/felix.ares.fm\/wp-content\/uploads\/2012\/01\/r-una-panoramica-300x200.jpg\" alt=\"Una panor\u00e1mica\" width=\"300\" height=\"200\" srcset=\"https:\/\/felix.ares.fm\/wp-content\/uploads\/2012\/01\/r-una-panoramica-300x200.jpg 300w, https:\/\/felix.ares.fm\/wp-content\/uploads\/2012\/01\/r-una-panoramica.jpg 518w\" sizes=\"auto, (max-width: 300px) 100vw, 300px\" \/><\/a><figcaption id=\"caption-attachment-1148\" class=\"wp-caption-text\">Una panor\u00e1mica<\/figcaption><\/figure>\n<figure id=\"attachment_1149\" aria-describedby=\"caption-attachment-1149\" style=\"width: 300px\" class=\"wp-caption aligncenter\"><a href=\"http:\/\/felix.ares.fm\/wp-content\/uploads\/2012\/01\/s-murallas-de-ubeda.jpg\"><img loading=\"lazy\" decoding=\"async\" class=\"size-medium wp-image-1149\" title=\"Murallas de \u00dabeda\" src=\"http:\/\/felix.ares.fm\/wp-content\/uploads\/2012\/01\/s-murallas-de-ubeda-300x200.jpg\" alt=\"Murallas de \u00dabeda\" width=\"300\" height=\"200\" srcset=\"https:\/\/felix.ares.fm\/wp-content\/uploads\/2012\/01\/s-murallas-de-ubeda-300x200.jpg 300w, https:\/\/felix.ares.fm\/wp-content\/uploads\/2012\/01\/s-murallas-de-ubeda.jpg 518w\" sizes=\"auto, (max-width: 300px) 100vw, 300px\" \/><\/a><figcaption id=\"caption-attachment-1149\" class=\"wp-caption-text\">Murallas de \u00dabeda<\/figcaption><\/figure>\n<figure id=\"attachment_1150\" aria-describedby=\"caption-attachment-1150\" style=\"width: 300px\" class=\"wp-caption aligncenter\"><a href=\"http:\/\/felix.ares.fm\/wp-content\/uploads\/2012\/01\/t-colegita-de-los-reales-alcaceres.jpg\"><img loading=\"lazy\" decoding=\"async\" class=\"size-medium wp-image-1150\" title=\"Colegiata de los reales alc\u00e1ceres\" src=\"http:\/\/felix.ares.fm\/wp-content\/uploads\/2012\/01\/t-colegita-de-los-reales-alcaceres-300x200.jpg\" alt=\"Colegiata de los reales alc\u00e1ceres\" width=\"300\" height=\"200\" srcset=\"https:\/\/felix.ares.fm\/wp-content\/uploads\/2012\/01\/t-colegita-de-los-reales-alcaceres-300x200.jpg 300w, https:\/\/felix.ares.fm\/wp-content\/uploads\/2012\/01\/t-colegita-de-los-reales-alcaceres.jpg 518w\" sizes=\"auto, (max-width: 300px) 100vw, 300px\" \/><\/a><figcaption id=\"caption-attachment-1150\" class=\"wp-caption-text\">Colegiata de los reales alc\u00e1ceres<\/figcaption><\/figure>\n<figure id=\"attachment_1151\" aria-describedby=\"caption-attachment-1151\" style=\"width: 200px\" class=\"wp-caption aligncenter\"><a href=\"http:\/\/felix.ares.fm\/wp-content\/uploads\/2012\/01\/u-interior-colegiata.jpg\"><img loading=\"lazy\" decoding=\"async\" class=\"size-medium wp-image-1151\" title=\"Interior colegiata\" src=\"http:\/\/felix.ares.fm\/wp-content\/uploads\/2012\/01\/u-interior-colegiata-200x300.jpg\" alt=\"Interior Colegiata\" width=\"200\" height=\"300\" srcset=\"https:\/\/felix.ares.fm\/wp-content\/uploads\/2012\/01\/u-interior-colegiata-200x300.jpg 200w, https:\/\/felix.ares.fm\/wp-content\/uploads\/2012\/01\/u-interior-colegiata.jpg 346w\" sizes=\"auto, (max-width: 200px) 100vw, 200px\" \/><\/a><figcaption id=\"caption-attachment-1151\" class=\"wp-caption-text\">Interior Colegiata<\/figcaption><\/figure>\n<figure id=\"attachment_1154\" aria-describedby=\"caption-attachment-1154\" style=\"width: 145px\" class=\"wp-caption aligncenter\"><a href=\"http:\/\/felix.ares.fm\/wp-content\/uploads\/2012\/01\/v-interior-colegita.jpg\"><img loading=\"lazy\" decoding=\"async\" class=\"size-medium wp-image-1154\" title=\"Interior Colegiata\" src=\"http:\/\/felix.ares.fm\/wp-content\/uploads\/2012\/01\/v-interior-colegita-145x300.jpg\" alt=\"Interior Colegiata\" width=\"145\" height=\"300\" \/><\/a><figcaption id=\"caption-attachment-1154\" class=\"wp-caption-text\">Interior Colegiata<\/figcaption><\/figure>\n<figure id=\"attachment_1155\" aria-describedby=\"caption-attachment-1155\" style=\"width: 300px\" class=\"wp-caption aligncenter\"><a href=\"http:\/\/felix.ares.fm\/wp-content\/uploads\/2012\/01\/x-interior-colegiata.jpg\"><img loading=\"lazy\" decoding=\"async\" class=\"size-medium wp-image-1155\" title=\"Interior Colegiata\" src=\"http:\/\/felix.ares.fm\/wp-content\/uploads\/2012\/01\/x-interior-colegiata-300x200.jpg\" alt=\"Interior Colegiata\" width=\"300\" height=\"200\" srcset=\"https:\/\/felix.ares.fm\/wp-content\/uploads\/2012\/01\/x-interior-colegiata-300x200.jpg 300w, https:\/\/felix.ares.fm\/wp-content\/uploads\/2012\/01\/x-interior-colegiata.jpg 518w\" sizes=\"auto, (max-width: 300px) 100vw, 300px\" \/><\/a><figcaption id=\"caption-attachment-1155\" class=\"wp-caption-text\">Interior Colegiata<\/figcaption><\/figure>\n<figure id=\"attachment_1152\" aria-describedby=\"caption-attachment-1152\" style=\"width: 300px\" class=\"wp-caption aligncenter\"><a href=\"http:\/\/felix.ares.fm\/wp-content\/uploads\/2012\/01\/t-palacio-de-vazquez-de-molina.jpg\"><img loading=\"lazy\" decoding=\"async\" class=\"size-medium wp-image-1152\" title=\"Palacio de V\u00e1zquez de Molina\" src=\"http:\/\/felix.ares.fm\/wp-content\/uploads\/2012\/01\/t-palacio-de-vazquez-de-molina-300x200.jpg\" alt=\"Palacio de V\u00e1zquez de Molina\" width=\"300\" height=\"200\" srcset=\"https:\/\/felix.ares.fm\/wp-content\/uploads\/2012\/01\/t-palacio-de-vazquez-de-molina-300x200.jpg 300w, https:\/\/felix.ares.fm\/wp-content\/uploads\/2012\/01\/t-palacio-de-vazquez-de-molina.jpg 518w\" sizes=\"auto, (max-width: 300px) 100vw, 300px\" \/><\/a><figcaption id=\"caption-attachment-1152\" class=\"wp-caption-text\">Palacio de V\u00e1zquez de Molina<\/figcaption><\/figure>\n<figure id=\"attachment_1153\" aria-describedby=\"caption-attachment-1153\" style=\"width: 200px\" class=\"wp-caption aligncenter\"><a href=\"http:\/\/felix.ares.fm\/wp-content\/uploads\/2012\/01\/v-alfareria-de-tito.jpg\"><img loading=\"lazy\" decoding=\"async\" class=\"size-medium wp-image-1153\" title=\"Alfarer\u00eda de Tito\" src=\"http:\/\/felix.ares.fm\/wp-content\/uploads\/2012\/01\/v-alfareria-de-tito-200x300.jpg\" alt=\"Alfarer\u00eda de Tito\" width=\"200\" height=\"300\" srcset=\"https:\/\/felix.ares.fm\/wp-content\/uploads\/2012\/01\/v-alfareria-de-tito-200x300.jpg 200w, https:\/\/felix.ares.fm\/wp-content\/uploads\/2012\/01\/v-alfareria-de-tito.jpg 346w\" sizes=\"auto, (max-width: 200px) 100vw, 200px\" \/><\/a><figcaption id=\"caption-attachment-1153\" class=\"wp-caption-text\">Alfarer\u00eda de Tito<\/figcaption><\/figure>\n<p>La alafer\u00eda de Tito es un excelente lugar donde comprar cer\u00e1mica art\u00edstica. O si no se tiene dinero, o espacio en casa, o&#8230; para comprar, merece la pena echar una ojeada a las obras de arte.<\/p>\n<figure id=\"attachment_1156\" aria-describedby=\"caption-attachment-1156\" style=\"width: 300px\" class=\"wp-caption aligncenter\"><a href=\"http:\/\/felix.ares.fm\/wp-content\/uploads\/2012\/01\/y-otro-de-talle-de-las-calles.jpg\"><img loading=\"lazy\" decoding=\"async\" class=\"size-medium wp-image-1156\" title=\"Otro de talle de las calles de \u00dabeda\" src=\"http:\/\/felix.ares.fm\/wp-content\/uploads\/2012\/01\/y-otro-de-talle-de-las-calles-300x200.jpg\" alt=\"Otro de talle de las calles de \u00dabeda\" width=\"300\" height=\"200\" srcset=\"https:\/\/felix.ares.fm\/wp-content\/uploads\/2012\/01\/y-otro-de-talle-de-las-calles-300x200.jpg 300w, https:\/\/felix.ares.fm\/wp-content\/uploads\/2012\/01\/y-otro-de-talle-de-las-calles.jpg 518w\" sizes=\"auto, (max-width: 300px) 100vw, 300px\" \/><\/a><figcaption id=\"caption-attachment-1156\" class=\"wp-caption-text\">Otro de talle de las calles de \u00dabeda<\/figcaption><\/figure>\n<p>Despu\u00e9s de \u00dabeda nos decidimos ir a Baeza, ya que las dos son Patrimonio de la Humanidad. Las dos ciudades est\u00e1n muy pr\u00f3ximas, separadas por unos diez kil\u00f3metros. Los taxis tienen precio fijo: \u00dabeda a Baeza o viceversa 12 \u20ac.<\/p>\n<p>Ahora nos vamos a Baeza, pero eso se lo contaremos en un pr\u00f3ximo post.<\/p>\n<figure id=\"attachment_1158\" aria-describedby=\"caption-attachment-1158\" style=\"width: 300px\" class=\"wp-caption aligncenter\"><a href=\"http:\/\/felix.ares.fm\/wp-content\/uploads\/2012\/01\/z1-paisaje-entre-baeza-y-ubeda.jpg\"><img loading=\"lazy\" decoding=\"async\" class=\"size-medium wp-image-1158\" title=\"Paisaje entre \u00dabeda y Baeza\" src=\"http:\/\/felix.ares.fm\/wp-content\/uploads\/2012\/01\/z1-paisaje-entre-baeza-y-ubeda-300x200.jpg\" alt=\"Paisaje entre \u00dabeda y Baeza\" width=\"300\" height=\"200\" srcset=\"https:\/\/felix.ares.fm\/wp-content\/uploads\/2012\/01\/z1-paisaje-entre-baeza-y-ubeda-300x200.jpg 300w, https:\/\/felix.ares.fm\/wp-content\/uploads\/2012\/01\/z1-paisaje-entre-baeza-y-ubeda.jpg 518w\" sizes=\"auto, (max-width: 300px) 100vw, 300px\" \/><\/a><figcaption id=\"caption-attachment-1158\" class=\"wp-caption-text\">Paisaje entre \u00dabeda y Baeza<\/figcaption><\/figure>\n","protected":false},"excerpt":{"rendered":"<p>Estamos intentando hacer una lista de las mejores ciudades en el tema de tapas y de momento Almer\u00eda, Granada y Fuengirola ocupaban los primeros puestos del ranking. Pero husmeando por Internet descubrimos que algunas personas consideraban que la provincia de Ja\u00e9n, y m\u00e1s concretamente, Linares, La Carolina, \u00dabeda y Baeza eran los mejores sitios del &hellip; <a href=\"https:\/\/felix.ares.fm\/?p=1115\" class=\"more-link\">Seguir leyendo <span class=\"screen-reader-text\">From Fuengirola to \u00dabeda y Baeza (1)<\/span> <span class=\"meta-nav\">&rarr;<\/span><\/a><\/p>\n","protected":false},"author":1,"featured_media":0,"comment_status":"open","ping_status":"open","sticky":false,"template":"","format":"standard","meta":{"footnotes":""},"categories":[1],"tags":[],"class_list":["post-1115","post","type-post","status-publish","format-standard","hentry","category-bares-y-restaurantes-en-fuengirola"],"_links":{"self":[{"href":"https:\/\/felix.ares.fm\/index.php?rest_route=\/wp\/v2\/posts\/1115","targetHints":{"allow":["GET"]}}],"collection":[{"href":"https:\/\/felix.ares.fm\/index.php?rest_route=\/wp\/v2\/posts"}],"about":[{"href":"https:\/\/felix.ares.fm\/index.php?rest_route=\/wp\/v2\/types\/post"}],"author":[{"embeddable":true,"href":"https:\/\/felix.ares.fm\/index.php?rest_route=\/wp\/v2\/users\/1"}],"replies":[{"embeddable":true,"href":"https:\/\/felix.ares.fm\/index.php?rest_route=%2Fwp%2Fv2%2Fcomments&post=1115"}],"version-history":[{"count":0,"href":"https:\/\/felix.ares.fm\/index.php?rest_route=\/wp\/v2\/posts\/1115\/revisions"}],"wp:attachment":[{"href":"https:\/\/felix.ares.fm\/index.php?rest_route=%2Fwp%2Fv2%2Fmedia&parent=1115"}],"wp:term":[{"taxonomy":"category","embeddable":true,"href":"https:\/\/felix.ares.fm\/index.php?rest_route=%2Fwp%2Fv2%2Fcategories&post=1115"},{"taxonomy":"post_tag","embeddable":true,"href":"https:\/\/felix.ares.fm\/index.php?rest_route=%2Fwp%2Fv2%2Ftags&post=1115"}],"curies":[{"name":"wp","href":"https:\/\/api.w.org\/{rel}","templated":true}]}}