{"id":10980,"date":"2017-03-07T09:26:12","date_gmt":"2017-03-07T07:26:12","guid":{"rendered":"http:\/\/felix.ares.fm\/?p=10980"},"modified":"2017-03-07T14:50:48","modified_gmt":"2017-03-07T12:50:48","slug":"asociacion-de-jubilados-y-asamblea-de-socios-2017","status":"publish","type":"post","link":"https:\/\/felix.ares.fm\/?p=10980","title":{"rendered":"Asociaci\u00f3n de Jubilados y&#8230; ASAMBLEA de socios 2017"},"content":{"rendered":"<h4>Martes 7 de marzo de 2017<\/h4>\n<p>Tal como estaba previsto, ayer, lunes d\u00eda 6, se celebr\u00f3 la Asamblea Anual de Socios. Todo transcurri\u00f3 normalmente. Simplemente pongo una fotos como recuerdo.<\/p>\n<figure id=\"attachment_10981\" aria-describedby=\"caption-attachment-10981\" style=\"width: 640px\" class=\"wp-caption aligncenter\"><a href=\"http:\/\/felix.ares.fm\/?attachment_id=10981\" rel=\"attachment wp-att-10981\"><img loading=\"lazy\" decoding=\"async\" class=\"size-full wp-image-10981\" src=\"http:\/\/felix.ares.fm\/wp-content\/uploads\/2017\/03\/IMG_5617.jpg\" alt=\"El presidente dirigi\u00e9ndose a la Asamblea\" width=\"640\" height=\"480\" \/><\/a><figcaption id=\"caption-attachment-10981\" class=\"wp-caption-text\">El presidente dirigi\u00e9ndose a la Asamblea<\/figcaption><\/figure>\n<figure id=\"attachment_10983\" aria-describedby=\"caption-attachment-10983\" style=\"width: 640px\" class=\"wp-caption aligncenter\"><a href=\"http:\/\/felix.ares.fm\/?attachment_id=10983\" rel=\"attachment wp-att-10983\"><img loading=\"lazy\" decoding=\"async\" class=\"wp-image-10983 size-full\" src=\"http:\/\/felix.ares.fm\/wp-content\/uploads\/2017\/03\/IMG_5621.jpg\" alt=\"IMG_5621\" width=\"640\" height=\"480\" \/><\/a><figcaption id=\"caption-attachment-10983\" class=\"wp-caption-text\">Se comentaron las actividades realizadas en 2016 y las previstas para 2017<\/figcaption><\/figure>\n<figure id=\"attachment_10985\" aria-describedby=\"caption-attachment-10985\" style=\"width: 640px\" class=\"wp-caption aligncenter\"><a href=\"http:\/\/felix.ares.fm\/?attachment_id=10985\" rel=\"attachment wp-att-10985\"><img loading=\"lazy\" decoding=\"async\" class=\"size-full wp-image-10985\" src=\"http:\/\/felix.ares.fm\/wp-content\/uploads\/2017\/03\/IMG_5624.jpg\" alt=\"Se explicaron las cuentas.\" width=\"640\" height=\"480\" \/><\/a><figcaption id=\"caption-attachment-10985\" class=\"wp-caption-text\">Se explicaron las cuentas.<\/figcaption><\/figure>\n<figure id=\"attachment_10987\" aria-describedby=\"caption-attachment-10987\" style=\"width: 640px\" class=\"wp-caption aligncenter\"><a href=\"http:\/\/felix.ares.fm\/?attachment_id=10987\" rel=\"attachment wp-att-10987\"><img loading=\"lazy\" decoding=\"async\" class=\"size-full wp-image-10987\" src=\"http:\/\/felix.ares.fm\/wp-content\/uploads\/2017\/03\/IMG_5626.jpg\" alt=\"Los socios escucharon atentamente\" width=\"640\" height=\"480\" \/><\/a><figcaption id=\"caption-attachment-10987\" class=\"wp-caption-text\">Los socios escucharon atentamente<\/figcaption><\/figure>\n<figure id=\"attachment_10988\" aria-describedby=\"caption-attachment-10988\" style=\"width: 640px\" class=\"wp-caption aligncenter\"><a href=\"http:\/\/felix.ares.fm\/?attachment_id=10988\" rel=\"attachment wp-att-10988\"><img loading=\"lazy\" decoding=\"async\" class=\"size-full wp-image-10988\" src=\"http:\/\/felix.ares.fm\/wp-content\/uploads\/2017\/03\/IMG_5627.jpg\" alt=\"En el turno de ruegos y preguntas hubo algunas sugerencias muy interesantes.\" width=\"640\" height=\"480\" \/><\/a><figcaption id=\"caption-attachment-10988\" class=\"wp-caption-text\">En el turno de ruegos y preguntas hubo algunas sugerencias muy interesantes.<\/figcaption><\/figure>\n<p><a href=\"http:\/\/felix.ares.fm\/?attachment_id=10990\" rel=\"attachment wp-att-10990\"><img loading=\"lazy\" decoding=\"async\" class=\"aligncenter size-full wp-image-10990\" src=\"http:\/\/felix.ares.fm\/wp-content\/uploads\/2017\/03\/IMG_5629.jpg\" alt=\"IMG_5629\" width=\"640\" height=\"480\" \/><\/a><\/p>\n<figure id=\"attachment_10995\" aria-describedby=\"caption-attachment-10995\" style=\"width: 640px\" class=\"wp-caption aligncenter\"><a href=\"http:\/\/felix.ares.fm\/?attachment_id=10995\" rel=\"attachment wp-att-10995\"><img loading=\"lazy\" decoding=\"async\" class=\"size-full wp-image-10995\" src=\"http:\/\/felix.ares.fm\/wp-content\/uploads\/2017\/03\/IMG_5630_curv.jpg\" alt=\"Los miembros de la mesa respondiendo a las preguntas\" width=\"640\" height=\"480\" \/><\/a><figcaption id=\"caption-attachment-10995\" class=\"wp-caption-text\">Los miembros de la mesa respondiendo a las preguntas.<\/figcaption><\/figure>\n<ul>\n<li style=\"text-align: center;\">+ &#8211;<\/li>\n<\/ul>\n<h6><span style=\"color: #ff0000;\"><span style=\"color: #008000;\">PARA PONEROS EN CONTACTO CONMIGO, NO CON LA ASOCIACI\u00d3N, POD\u00c9IS USAR EL SIGUIENTE FORMULARIO:<\/span><\/span><\/h6>\n<p>[contact_bank form_id=1 show_title=true show_desc=false]<\/p>\n<p><span style=\"border-radius: 2px; text-indent: 20px; width: auto; padding: 0px 4px 0px 0px; text-align: center; font: bold 11px\/20px 'Helvetica Neue',Helvetica,sans-serif; color: #ffffff; background: #bd081c no-repeat scroll 3px 50% \/ 14px 14px; position: absolute; opacity: 1; z-index: 8675309; display: none; cursor: pointer;\">Guardar<\/span><\/p>\n<p><span style=\"border-radius: 2px; text-indent: 20px; width: auto; padding: 0px 4px 0px 0px; text-align: center; font: bold 11px\/20px 'Helvetica Neue',Helvetica,sans-serif; color: #ffffff; background: #bd081c no-repeat scroll 3px 50% \/ 14px 14px; position: absolute; opacity: 1; z-index: 8675309; display: none; cursor: pointer; top: 2808px; left: 20px;\">Guardar<\/span><\/p>\n<p><span style=\"border-radius: 2px; text-indent: 20px; width: auto; padding: 0px 4px 0px 0px; text-align: center; font: bold 11px\/20px 'Helvetica Neue',Helvetica,sans-serif; color: #ffffff; background: #bd081c  no-repeat scroll 3px 50% \/ 14px 14px; position: absolute; opacity: 1; z-index: 8675309; display: none; cursor: pointer; top: 3314px; left: 20px;\">Guardar<\/span><\/p>\n","protected":false},"excerpt":{"rendered":"<p>Martes 7 de marzo de 2017 Tal como estaba previsto, ayer, lunes d\u00eda 6, se celebr\u00f3 la Asamblea Anual de Socios. Todo transcurri\u00f3 normalmente. Simplemente pongo una fotos como recuerdo. + &#8211; PARA PONEROS EN CONTACTO CONMIGO, NO CON LA ASOCIACI\u00d3N, POD\u00c9IS USAR EL SIGUIENTE FORMULARIO: [contact_bank form_id=1 show_title=true show_desc=false] Guardar Guardar Guardar<\/p>\n","protected":false},"author":1,"featured_media":0,"comment_status":"closed","ping_status":"open","sticky":false,"template":"","format":"standard","meta":{"footnotes":""},"categories":[564],"tags":[],"class_list":["post-10980","post","type-post","status-publish","format-standard","hentry","category-asociacion-de-jubilados-y-pensionistas-de-fuengirola"],"_links":{"self":[{"href":"https:\/\/felix.ares.fm\/index.php?rest_route=\/wp\/v2\/posts\/10980","targetHints":{"allow":["GET"]}}],"collection":[{"href":"https:\/\/felix.ares.fm\/index.php?rest_route=\/wp\/v2\/posts"}],"about":[{"href":"https:\/\/felix.ares.fm\/index.php?rest_route=\/wp\/v2\/types\/post"}],"author":[{"embeddable":true,"href":"https:\/\/felix.ares.fm\/index.php?rest_route=\/wp\/v2\/users\/1"}],"replies":[{"embeddable":true,"href":"https:\/\/felix.ares.fm\/index.php?rest_route=%2Fwp%2Fv2%2Fcomments&post=10980"}],"version-history":[{"count":5,"href":"https:\/\/felix.ares.fm\/index.php?rest_route=\/wp\/v2\/posts\/10980\/revisions"}],"predecessor-version":[{"id":10997,"href":"https:\/\/felix.ares.fm\/index.php?rest_route=\/wp\/v2\/posts\/10980\/revisions\/10997"}],"wp:attachment":[{"href":"https:\/\/felix.ares.fm\/index.php?rest_route=%2Fwp%2Fv2%2Fmedia&parent=10980"}],"wp:term":[{"taxonomy":"category","embeddable":true,"href":"https:\/\/felix.ares.fm\/index.php?rest_route=%2Fwp%2Fv2%2Fcategories&post=10980"},{"taxonomy":"post_tag","embeddable":true,"href":"https:\/\/felix.ares.fm\/index.php?rest_route=%2Fwp%2Fv2%2Ftags&post=10980"}],"curies":[{"name":"wp","href":"https:\/\/api.w.org\/{rel}","templated":true}]}}