{"id":10935,"date":"2017-03-03T10:33:10","date_gmt":"2017-03-03T08:33:10","guid":{"rendered":"http:\/\/felix.ares.fm\/?p=10935"},"modified":"2017-03-04T21:51:50","modified_gmt":"2017-03-04T19:51:50","slug":"la-cazuela-de-la-abuela-2017-magnifica","status":"publish","type":"post","link":"https:\/\/felix.ares.fm\/?p=10935","title":{"rendered":"La \u00abCazuela de la abuela\u00bb 2017: \u00a1Magn\u00edfica!"},"content":{"rendered":"<p><strong>\u00abViernes 3 de marzo de 2017<\/strong><\/p>\n<p>Como muy bien saben ustedes, \u00abLa Cazuela de la Abuela\u00bb es una iniciativa del ayuntamiento de Fuengirola en la cual los establecimientos adheridos ofrecen una bebida y una\u00a0\u00abcazuela de la abuela\u00bb por un precio fijo de 2\u20ac.\u00a0 Se celebr\u00f3 del 10 al 26 de febrero de 2017.<\/p>\n<p>Varios a\u00f1os hemos tratado de ir exponiendo los resultados de nuestra exploraci\u00f3n seg\u00fan se produc\u00edan. Nos explicamos, si \u00edbamos a un bar, lo coment\u00e1bamos. El a\u00f1o pasado, las \u00abcazuelas\u00bb fueron tan repetitivas que decidimos no decir nada. Sin embargo este a\u00f1o ha sido estupendo: hab\u00eda cazuelas muy variadas y siempre abundantes. Este a\u00f1o las cazuelas han merecido la pena. Los concursante se han esforzado.<\/p>\n<p><strong>Lamentablemente<\/strong>, nosotros no hemos tenido tiempo de ir comentado d\u00eda a d\u00eda, muchas veces no est\u00e1bamos aqu\u00ed sino en el Pa\u00eds Vasco, pero s\u00ed que queremos agradecer a todos los participantes por la gran calidad que ha habido este a\u00f1o.<\/p>\n<p>Obviamente, nosotros no hemos podido visitar todos los establecimientos, pero la t\u00f3nica general de los que hemos visto era espl\u00e9ndida.<\/p>\n<p>En unos d\u00edas se nombrar\u00e1n los ganadores, que son elegidos por los clientes. Al margen de lo que diga el premio oficial, nosotros queremos dar<strong><span style=\"color: #ff0000;\"> NUESTRO PREMIO<\/span><\/strong> al que nos ha parecido el mejor de los que hemos visitado (insistimos en este punto: de los <strong>POCOS<\/strong> que hemos visitado).<\/p>\n<h6>EL PRIMER PREMIO SE LO DAMOS A:<span id=\"transmark\" style=\"display: none; width: 0px; height: 0px;\"><\/span><\/h6>\n<figure id=\"attachment_10938\" aria-describedby=\"caption-attachment-10938\" style=\"width: 270px\" class=\"wp-caption aligncenter\"><img loading=\"lazy\" decoding=\"async\" class=\"size-full wp-image-10938\" src=\"http:\/\/felix.ares.fm\/wp-content\/uploads\/2017\/03\/IMG_20170210_142341.jpg\" alt=\"Taper\u00eda Salamanca\" width=\"270\" height=\"480\" srcset=\"https:\/\/felix.ares.fm\/wp-content\/uploads\/2017\/03\/IMG_20170210_142341.jpg 270w, https:\/\/felix.ares.fm\/wp-content\/uploads\/2017\/03\/IMG_20170210_142341-169x300.jpg 169w, https:\/\/felix.ares.fm\/wp-content\/uploads\/2017\/03\/IMG_20170210_142341-17x30.jpg 17w\" sizes=\"auto, (max-width: 270px) 100vw, 270px\" \/><figcaption id=\"caption-attachment-10938\" class=\"wp-caption-text\">Taper\u00eda del Salamanca<\/figcaption><\/figure>\n<p>Se presentaban con la tapa<\/p>\n<figure id=\"attachment_10939\" aria-describedby=\"caption-attachment-10939\" style=\"width: 640px\" class=\"wp-caption aligncenter\"><a href=\"http:\/\/felix.ares.fm\/?attachment_id=10939\" rel=\"attachment wp-att-10939\"><img loading=\"lazy\" decoding=\"async\" class=\"size-full wp-image-10939\" src=\"http:\/\/felix.ares.fm\/wp-content\/uploads\/2017\/03\/IMG_20170210_144214.jpg\" alt=\"Plato monta\u00f1\u00e9s.\" width=\"640\" height=\"360\" srcset=\"https:\/\/felix.ares.fm\/wp-content\/uploads\/2017\/03\/IMG_20170210_144214.jpg 640w, https:\/\/felix.ares.fm\/wp-content\/uploads\/2017\/03\/IMG_20170210_144214-300x169.jpg 300w, https:\/\/felix.ares.fm\/wp-content\/uploads\/2017\/03\/IMG_20170210_144214-30x17.jpg 30w\" sizes=\"auto, (max-width: 640px) 100vw, 640px\" \/><\/a><figcaption id=\"caption-attachment-10939\" class=\"wp-caption-text\">Plato monta\u00f1\u00e9s.<\/figcaption><\/figure>\n<p>Lo mejor para que ustedes vean lo que es el \u00abPlato monta\u00f1\u00e9s\u00bb es que pongamos una foto:<\/p>\n<figure id=\"attachment_10940\" aria-describedby=\"caption-attachment-10940\" style=\"width: 640px\" class=\"wp-caption aligncenter\"><a href=\"http:\/\/felix.ares.fm\/?attachment_id=10940\" rel=\"attachment wp-att-10940\"><img loading=\"lazy\" decoding=\"async\" class=\"size-full wp-image-10940\" src=\"http:\/\/felix.ares.fm\/wp-content\/uploads\/2017\/03\/IMG_20170210_143107.jpg\" alt=\"Plato monta\u00f1\u00e9s.\" width=\"640\" height=\"360\" srcset=\"https:\/\/felix.ares.fm\/wp-content\/uploads\/2017\/03\/IMG_20170210_143107.jpg 640w, https:\/\/felix.ares.fm\/wp-content\/uploads\/2017\/03\/IMG_20170210_143107-300x169.jpg 300w, https:\/\/felix.ares.fm\/wp-content\/uploads\/2017\/03\/IMG_20170210_143107-30x17.jpg 30w\" sizes=\"auto, (max-width: 640px) 100vw, 640px\" \/><\/a><figcaption id=\"caption-attachment-10940\" class=\"wp-caption-text\">Plato monta\u00f1\u00e9s.<\/figcaption><\/figure>\n<p>Ya ven ustedes, una base de patatas guisadas con chorizo, un trocito de lomo asado, un huevo encima&#8230;<\/p>\n<p>Quiz\u00e1 la foto no haga justicia con el tama\u00f1o; aqu\u00ed parece muy peque\u00f1a, pero no lo es. Mostramos otra foto, de otro d\u00eda, para tratar de dar cuenta del tama\u00f1o:<\/p>\n<p><a href=\"http:\/\/felix.ares.fm\/?attachment_id=10941\" rel=\"attachment wp-att-10941\"><img loading=\"lazy\" decoding=\"async\" class=\"aligncenter size-full wp-image-10941\" src=\"http:\/\/felix.ares.fm\/wp-content\/uploads\/2017\/03\/IMG_20170223_150933-2.jpg\" alt=\"IMG_20170223_150933-2\" width=\"640\" height=\"360\" srcset=\"https:\/\/felix.ares.fm\/wp-content\/uploads\/2017\/03\/IMG_20170223_150933-2.jpg 640w, https:\/\/felix.ares.fm\/wp-content\/uploads\/2017\/03\/IMG_20170223_150933-2-300x169.jpg 300w, https:\/\/felix.ares.fm\/wp-content\/uploads\/2017\/03\/IMG_20170223_150933-2-30x17.jpg 30w\" sizes=\"auto, (max-width: 640px) 100vw, 640px\" \/><\/a><\/p>\n<p><strong>PERO<\/strong> tener\u00a0 que decidirnos por un concursante nos ha dolido, pues hemos dejado atr\u00e1s otros que lo han hecho muy, muy, muy bien.<\/p>\n<p>Nos han llamado la atenci\u00f3n, para bien, el <strong>Kavana la fruter\u00eda<\/strong>, en la calle Alemania 7, que nos ha propuesto unas patatas a la riojana que estaban excelentes:<\/p>\n<p><a href=\"http:\/\/felix.ares.fm\/?attachment_id=10944\" rel=\"attachment wp-att-10944\"><img loading=\"lazy\" decoding=\"async\" class=\"aligncenter size-full wp-image-10944\" src=\"http:\/\/felix.ares.fm\/wp-content\/uploads\/2017\/03\/IMG_20170210_141739.jpg\" alt=\"IMG_20170210_141739\" width=\"270\" height=\"480\" srcset=\"https:\/\/felix.ares.fm\/wp-content\/uploads\/2017\/03\/IMG_20170210_141739.jpg 270w, https:\/\/felix.ares.fm\/wp-content\/uploads\/2017\/03\/IMG_20170210_141739-169x300.jpg 169w, https:\/\/felix.ares.fm\/wp-content\/uploads\/2017\/03\/IMG_20170210_141739-17x30.jpg 17w\" sizes=\"auto, (max-width: 270px) 100vw, 270px\" \/><\/a><\/p>\n<figure id=\"attachment_10946\" aria-describedby=\"caption-attachment-10946\" style=\"width: 640px\" class=\"wp-caption aligncenter\"><a href=\"http:\/\/felix.ares.fm\/?attachment_id=10946\" rel=\"attachment wp-att-10946\"><img loading=\"lazy\" decoding=\"async\" class=\"wp-image-10946 size-full\" src=\"http:\/\/felix.ares.fm\/wp-content\/uploads\/2017\/03\/IMG_20170210_140624.jpg\" alt=\"IMG_20170210_140624\" width=\"640\" height=\"360\" srcset=\"https:\/\/felix.ares.fm\/wp-content\/uploads\/2017\/03\/IMG_20170210_140624.jpg 640w, https:\/\/felix.ares.fm\/wp-content\/uploads\/2017\/03\/IMG_20170210_140624-300x169.jpg 300w, https:\/\/felix.ares.fm\/wp-content\/uploads\/2017\/03\/IMG_20170210_140624-30x17.jpg 30w\" sizes=\"auto, (max-width: 640px) 100vw, 640px\" \/><\/a><figcaption id=\"caption-attachment-10946\" class=\"wp-caption-text\">Patatas a la riojana del Kavana.<\/figcaption><\/figure>\n<p>O la <strong>Sopa Castellana <\/strong>del \u00ab<strong>Mes\u00f3n El Encuentro\u00bb<\/strong>, en la Avenida de Jes\u00fas Cautivo, muy cerca de El Corte Ingl\u00e9s.<\/p>\n<p><a href=\"http:\/\/felix.ares.fm\/?attachment_id=10948\" rel=\"attachment wp-att-10948\"><img loading=\"lazy\" decoding=\"async\" class=\"aligncenter size-full wp-image-10948\" src=\"http:\/\/felix.ares.fm\/wp-content\/uploads\/2017\/03\/1.jpg\" alt=\"1\" width=\"270\" height=\"480\" srcset=\"https:\/\/felix.ares.fm\/wp-content\/uploads\/2017\/03\/1.jpg 270w, https:\/\/felix.ares.fm\/wp-content\/uploads\/2017\/03\/1-169x300.jpg 169w, https:\/\/felix.ares.fm\/wp-content\/uploads\/2017\/03\/1-17x30.jpg 17w\" sizes=\"auto, (max-width: 270px) 100vw, 270px\" \/><\/a> <a href=\"http:\/\/felix.ares.fm\/?attachment_id=10949\" rel=\"attachment wp-att-10949\"><img loading=\"lazy\" decoding=\"async\" class=\"aligncenter size-full wp-image-10949\" src=\"http:\/\/felix.ares.fm\/wp-content\/uploads\/2017\/03\/2.jpg\" alt=\"2\" width=\"640\" height=\"360\" srcset=\"https:\/\/felix.ares.fm\/wp-content\/uploads\/2017\/03\/2.jpg 640w, https:\/\/felix.ares.fm\/wp-content\/uploads\/2017\/03\/2-300x169.jpg 300w, https:\/\/felix.ares.fm\/wp-content\/uploads\/2017\/03\/2-30x17.jpg 30w\" sizes=\"auto, (max-width: 640px) 100vw, 640px\" \/><\/a> <a href=\"http:\/\/felix.ares.fm\/?attachment_id=10950\" rel=\"attachment wp-att-10950\"><img loading=\"lazy\" decoding=\"async\" class=\"aligncenter size-full wp-image-10950\" src=\"http:\/\/felix.ares.fm\/wp-content\/uploads\/2017\/03\/3.jpg\" alt=\"3\" width=\"640\" height=\"360\" srcset=\"https:\/\/felix.ares.fm\/wp-content\/uploads\/2017\/03\/3.jpg 640w, https:\/\/felix.ares.fm\/wp-content\/uploads\/2017\/03\/3-300x169.jpg 300w, https:\/\/felix.ares.fm\/wp-content\/uploads\/2017\/03\/3-30x17.jpg 30w\" sizes=\"auto, (max-width: 640px) 100vw, 640px\" \/><\/a> <a href=\"http:\/\/felix.ares.fm\/?attachment_id=10951\" rel=\"attachment wp-att-10951\"><img loading=\"lazy\" decoding=\"async\" class=\"aligncenter size-full wp-image-10951\" src=\"http:\/\/felix.ares.fm\/wp-content\/uploads\/2017\/03\/IMG_20170221_212504_enf.jpg\" alt=\"IMG_20170221_212504_enf\" width=\"640\" height=\"360\" srcset=\"https:\/\/felix.ares.fm\/wp-content\/uploads\/2017\/03\/IMG_20170221_212504_enf.jpg 640w, https:\/\/felix.ares.fm\/wp-content\/uploads\/2017\/03\/IMG_20170221_212504_enf-300x169.jpg 300w, https:\/\/felix.ares.fm\/wp-content\/uploads\/2017\/03\/IMG_20170221_212504_enf-30x17.jpg 30w\" sizes=\"auto, (max-width: 640px) 100vw, 640px\" \/><\/a><\/p>\n<p>Hemos estado en muchos sitios muy buenos, pero no quisi\u00e9ramos dejar de mencionar \u00abLa Esquinita\u00bb y el \u00ab<strong>Mes\u00f3n Salvador<\/strong>\u00ab. Vamos a este \u00faltimo, su apuesta fue por la originalidad y la calidad. Si no le <strong>hemos<\/strong> dado nuestro primer premio es porque a uno de nosotros no nos gustan demasiado las setas, pero de verdad que era un plato muy bien elaborado, muy bien presentado y la atenci\u00f3n, como siempre, fue muy correcta y amable.<\/p>\n<figure id=\"attachment_10952\" aria-describedby=\"caption-attachment-10952\" style=\"width: 640px\" class=\"wp-caption aligncenter\"><a href=\"http:\/\/felix.ares.fm\/?attachment_id=10952\" rel=\"attachment wp-att-10952\"><img loading=\"lazy\" decoding=\"async\" class=\"size-full wp-image-10952\" src=\"http:\/\/felix.ares.fm\/wp-content\/uploads\/2017\/03\/IMG_20170218_150547.jpg\" alt=\"Mes\u00f3n Salvador. Avenida de los Boliche 97 (barrio de Los Boliches)\" width=\"640\" height=\"360\" srcset=\"https:\/\/felix.ares.fm\/wp-content\/uploads\/2017\/03\/IMG_20170218_150547.jpg 640w, https:\/\/felix.ares.fm\/wp-content\/uploads\/2017\/03\/IMG_20170218_150547-300x169.jpg 300w, https:\/\/felix.ares.fm\/wp-content\/uploads\/2017\/03\/IMG_20170218_150547-30x17.jpg 30w\" sizes=\"auto, (max-width: 640px) 100vw, 640px\" \/><\/a><figcaption id=\"caption-attachment-10952\" class=\"wp-caption-text\">Mes\u00f3n Salvador. Avenida de los Boliche 97 (barrio de Los Boliches)<\/figcaption><\/figure>\n<p><a href=\"http:\/\/felix.ares.fm\/?attachment_id=10953\" rel=\"attachment wp-att-10953\"><img loading=\"lazy\" decoding=\"async\" class=\"aligncenter size-full wp-image-10953\" src=\"http:\/\/felix.ares.fm\/wp-content\/uploads\/2017\/03\/IMG_20170218_145446.jpg\" alt=\"IMG_20170218_145446\" width=\"640\" height=\"360\" srcset=\"https:\/\/felix.ares.fm\/wp-content\/uploads\/2017\/03\/IMG_20170218_145446.jpg 640w, https:\/\/felix.ares.fm\/wp-content\/uploads\/2017\/03\/IMG_20170218_145446-300x169.jpg 300w, https:\/\/felix.ares.fm\/wp-content\/uploads\/2017\/03\/IMG_20170218_145446-30x17.jpg 30w\" sizes=\"auto, (max-width: 640px) 100vw, 640px\" \/><\/a> <a href=\"http:\/\/felix.ares.fm\/?attachment_id=10954\" rel=\"attachment wp-att-10954\"><img loading=\"lazy\" decoding=\"async\" class=\"aligncenter size-full wp-image-10954\" src=\"http:\/\/felix.ares.fm\/wp-content\/uploads\/2017\/03\/IMG_20170218_145542.jpg\" alt=\"IMG_20170218_145542\" width=\"270\" height=\"480\" srcset=\"https:\/\/felix.ares.fm\/wp-content\/uploads\/2017\/03\/IMG_20170218_145542.jpg 270w, https:\/\/felix.ares.fm\/wp-content\/uploads\/2017\/03\/IMG_20170218_145542-169x300.jpg 169w, https:\/\/felix.ares.fm\/wp-content\/uploads\/2017\/03\/IMG_20170218_145542-17x30.jpg 17w\" sizes=\"auto, (max-width: 270px) 100vw, 270px\" \/><\/a><\/p>\n<p>Volvemos a decir que <strong>este a\u00f1o la calidad ha sido magn\u00edfica. Queremos dar las gracias a todos los participantes.<\/strong> Y pedimos perd\u00f3n por atrevernos a se\u00f1alar un ganador.<\/p>\n<p>Gracias.<\/p>\n<p style=\"text-align: center;\">*+*<\/p>\n<div class=\"inline\">\n<p><strong>Nota fotos y texto<\/strong>. Salvo las fotos que tienen un agradecimiento espec\u00edfico, como por ejemplo Wikipedia, son nuestras y las licenciamos con<\/p>\n<p><a href=\"http:\/\/creativecommons.org\/licenses\/by\/3.0\/deed.es_ES\" rel=\"license\"><img decoding=\"async\" src=\"http:\/\/i.creativecommons.org\/l\/by\/3.0\/88x31.png\" alt=\"Licencia de Creative Commons\" \/><\/a><br \/>\n<a href=\"viajes.ares.fm\" rel=\"cc:attributionURL\">F\u00e9lix Ares y Maricarmen Garmendia<\/a>\u00a0is licensed under a\u00a0<a href=\"http:\/\/creativecommons.org\/licenses\/by\/3.0\/deed.es_ES\" rel=\"license\">Creative Commons Reconocimiento 3.0 Unported License<\/a>.<br \/>\nCreado a partir de la obra en\u00a0<a href=\"viajes.ares.fm\" rel=\"dct:source\">felix.ares.fm<\/a>.<\/p>\n<p>Contacto con nosotros; el motivo de que no sea una imagen clara es para evitar que los robots la descubran y nos inunden el buz\u00f3n de basura.<\/p>\n<p><a href=\"http:\/\/felix.ares.fm\/?attachment_id=7476\" rel=\"attachment wp-att-7476\"><img loading=\"lazy\" decoding=\"async\" class=\"aligncenter size-full wp-image-7476\" src=\"http:\/\/felix.ares.fm\/wp-content\/uploads\/2016\/02\/tapas.ares_.fm_.2.jpg\" alt=\"tapas.ares.fm.2\" width=\"703\" height=\"499\" srcset=\"https:\/\/felix.ares.fm\/wp-content\/uploads\/2016\/02\/tapas.ares_.fm_.2.jpg 703w, https:\/\/felix.ares.fm\/wp-content\/uploads\/2016\/02\/tapas.ares_.fm_.2-300x213.jpg 300w\" sizes=\"auto, (max-width: 703px) 100vw, 703px\" \/><\/a>[contact_bank form_id=1 show_title=true show_desc=false]<\/p>\n<p>Si quieren que les avisemos por e-mail de las actualizaciones de esta p\u00e1gina, h\u00e1ganos llegar su direcci\u00f3n de e-mail.<\/p>\n<\/div>\n<p>&nbsp;<\/p>\n<p><span style=\"border-radius: 2px; text-indent: 20px; width: auto; padding: 0px 4px 0px 0px; text-align: center; font: bold 11px\/20px 'Helvetica Neue',Helvetica,sans-serif; color: #ffffff; background: #bd081c no-repeat scroll 3px 50% \/ 14px 14px; position: absolute; opacity: 1; z-index: 8675309; display: none; cursor: pointer; top: 2313px; left: 20px;\">Guardar<\/span><\/p>\n<p><span style=\"border-radius: 2px; text-indent: 20px; width: auto; padding: 0px 4px 0px 0px; text-align: center; font: bold 11px\/20px 'Helvetica Neue',Helvetica,sans-serif; color: #ffffff; background: #bd081c no-repeat scroll 3px 50% \/ 14px 14px; position: absolute; opacity: 1; z-index: 8675309; display: none; cursor: pointer; top: 3383px; left: 20px;\">Guardar<\/span><\/p>\n<p><span style=\"border-radius: 2px; text-indent: 20px; width: auto; padding: 0px 4px 0px 0px; text-align: center; font: bold 11px\/20px 'Helvetica Neue',Helvetica,sans-serif; color: #ffffff; background: #bd081c no-repeat scroll 3px 50% \/ 14px 14px; position: absolute; opacity: 1; z-index: 8675309; display: none; cursor: pointer; top: 6365px; left: 187px;\">Guardar<\/span><\/p>\n<p><span style=\"border-radius: 2px; text-indent: 20px; width: auto; padding: 0px 4px 0px 0px; text-align: center; font: bold 11px\/20px 'Helvetica Neue',Helvetica,sans-serif; color: #ffffff; background: #bd081c no-repeat scroll 3px 50% \/ 14px 14px; position: absolute; opacity: 1; z-index: 8675309; display: none; cursor: pointer; top: 7337px; left: 20px;\">Guardar<\/span><\/p>\n<p><span style=\"border-radius: 2px; text-indent: 20px; width: auto; padding: 0px 4px 0px 0px; text-align: center; font: bold 11px\/20px 'Helvetica Neue',Helvetica,sans-serif; color: #ffffff; background: #bd081c no-repeat scroll 3px 50% \/ 14px 14px; position: absolute; opacity: 1; z-index: 8675309; display: none; cursor: pointer;\">Guardar<\/span><\/p>\n<p><span style=\"border-radius: 2px; text-indent: 20px; width: auto; padding: 0px 4px 0px 0px; text-align: center; font: bold 11px\/20px 'Helvetica Neue',Helvetica,sans-serif; color: #ffffff; background: #bd081c no-repeat scroll 3px 50% \/ 14px 14px; position: absolute; opacity: 1; z-index: 8675309; display: none; cursor: pointer; top: 6341px; left: 187px;\">Guardar<\/span><\/p>\n<p><span style=\"border-radius: 2px; text-indent: 20px; width: auto; padding: 0px 4px 0px 0px; text-align: center; font: bold 11px\/20px 'Helvetica Neue',Helvetica,sans-serif; color: #ffffff; background: #bd081c no-repeat scroll 3px 50% \/ 14px 14px; position: absolute; opacity: 1; z-index: 8675309; display: none; cursor: pointer; top: 6341px; left: 187px;\">Guardar<\/span><\/p>\n<p><span style=\"border-radius: 2px; text-indent: 20px; width: auto; padding: 0px 4px 0px 0px; text-align: center; font: bold 11px\/20px 'Helvetica Neue',Helvetica,sans-serif; color: #ffffff; background: #bd081c no-repeat scroll 3px 50% \/ 14px 14px; position: absolute; opacity: 1; z-index: 8675309; display: none; cursor: pointer;\">Guardar<\/span><\/p>\n<p><span style=\"border-radius: 2px; text-indent: 20px; width: auto; padding: 0px 4px 0px 0px; text-align: center; font: bold 11px\/20px 'Helvetica Neue',Helvetica,sans-serif; color: #ffffff; background: #bd081c no-repeat scroll 3px 50% \/ 14px 14px; position: absolute; opacity: 1; z-index: 8675309; display: none; cursor: pointer;\">Guardar<\/span><\/p>\n<p><span style=\"border-radius: 2px; text-indent: 20px; width: auto; padding: 0px 4px 0px 0px; text-align: center; font: bold 11px\/20px 'Helvetica Neue',Helvetica,sans-serif; color: #ffffff; background: #bd081c no-repeat scroll 3px 50% \/ 14px 14px; position: absolute; opacity: 1; z-index: 8675309; display: none; cursor: pointer; top: 5972px; left: 20px;\">Guardar<\/span><\/p>\n<p><span style=\"border-radius: 2px; text-indent: 20px; width: auto; padding: 0px 4px 0px 0px; text-align: center; font: bold 11px\/20px 'Helvetica Neue',Helvetica,sans-serif; color: #ffffff; background: #bd081c no-repeat scroll 3px 50% \/ 14px 14px; position: absolute; opacity: 1; z-index: 8675309; display: none; cursor: pointer;\">Guardar<\/span><\/p>\n","protected":false},"excerpt":{"rendered":"<p>\u00abViernes 3 de marzo de 2017 Como muy bien saben ustedes, \u00abLa Cazuela de la Abuela\u00bb es una iniciativa del ayuntamiento de Fuengirola en la cual los establecimientos adheridos ofrecen una bebida y una\u00a0\u00abcazuela de la abuela\u00bb por un precio fijo de 2\u20ac.\u00a0 Se celebr\u00f3 del 10 al 26 de febrero de 2017. Varios a\u00f1os &hellip; <a href=\"https:\/\/felix.ares.fm\/?p=10935\" class=\"more-link\">Seguir leyendo <span class=\"screen-reader-text\">La \u00abCazuela de la abuela\u00bb 2017: \u00a1Magn\u00edfica!<\/span> <span class=\"meta-nav\">&rarr;<\/span><\/a><\/p>\n","protected":false},"author":1,"featured_media":0,"comment_status":"closed","ping_status":"open","sticky":false,"template":"","format":"standard","meta":{"footnotes":""},"categories":[429,428,221],"tags":[],"class_list":["post-10935","post","type-post","status-publish","format-standard","hentry","category-la-cazuela-de-la-abuela","category-cazuela-de-la-abuela","category-taperia"],"_links":{"self":[{"href":"https:\/\/felix.ares.fm\/index.php?rest_route=\/wp\/v2\/posts\/10935","targetHints":{"allow":["GET"]}}],"collection":[{"href":"https:\/\/felix.ares.fm\/index.php?rest_route=\/wp\/v2\/posts"}],"about":[{"href":"https:\/\/felix.ares.fm\/index.php?rest_route=\/wp\/v2\/types\/post"}],"author":[{"embeddable":true,"href":"https:\/\/felix.ares.fm\/index.php?rest_route=\/wp\/v2\/users\/1"}],"replies":[{"embeddable":true,"href":"https:\/\/felix.ares.fm\/index.php?rest_route=%2Fwp%2Fv2%2Fcomments&post=10935"}],"version-history":[{"count":16,"href":"https:\/\/felix.ares.fm\/index.php?rest_route=\/wp\/v2\/posts\/10935\/revisions"}],"predecessor-version":[{"id":10978,"href":"https:\/\/felix.ares.fm\/index.php?rest_route=\/wp\/v2\/posts\/10935\/revisions\/10978"}],"wp:attachment":[{"href":"https:\/\/felix.ares.fm\/index.php?rest_route=%2Fwp%2Fv2%2Fmedia&parent=10935"}],"wp:term":[{"taxonomy":"category","embeddable":true,"href":"https:\/\/felix.ares.fm\/index.php?rest_route=%2Fwp%2Fv2%2Fcategories&post=10935"},{"taxonomy":"post_tag","embeddable":true,"href":"https:\/\/felix.ares.fm\/index.php?rest_route=%2Fwp%2Fv2%2Ftags&post=10935"}],"curies":[{"name":"wp","href":"https:\/\/api.w.org\/{rel}","templated":true}]}}