{"id":10933,"date":"2017-03-02T09:26:12","date_gmt":"2017-03-02T07:26:12","guid":{"rendered":"http:\/\/felix.ares.fm\/?p=10933"},"modified":"2017-03-02T10:28:49","modified_gmt":"2017-03-02T08:28:49","slug":"asociacion-de-jubilados-y-notificacion-asamblea-2","status":"publish","type":"post","link":"https:\/\/felix.ares.fm\/?p=10933","title":{"rendered":"Asociaci\u00f3n de Jubilados y&#8230; Notificaci\u00f3n: ASAMBLEA"},"content":{"rendered":"<h4>Jueves 2 de marzo de 2017<\/h4>\n<h4>La <a href=\"http:\/\/www.paginasamarillas.es\/f\/fuengirola\/asociacion-de-jubilados-y-pensionistas-de-fuengirola_201362985_000000001.html\" target=\"_blank\">Asociaci\u00f3n de Jubilados y Pensionistas de Fuengirola<\/a>, nos hace llegar un\u00a0 <span style=\"color: #ff00ff;\">comunicado<\/span> cuyo resumen es que <span style=\"color: #ff0000;\">las Asambleas Anual ordinaria y extraordinaria de la Asociaci\u00f3n se celebrar\u00e1 el d\u00eda 6 de marzo,\u00a0en la Casa de la Cultura, sita en la Avenida de Juan G\u00f3mez \u00abJuanito\u00bb de Fuengirola, a las 18:00h en primera convocatoria y a las 18:30 horas en segunda convocatoria.<\/span><\/h4>\n<h6><span style=\"color: #000000;\">El texto completo de la convocatoria dice [he procurado no equivocarme al transcribirlo; pero tengan en cuenta que <span style=\"color: #ff0000;\">esto no es la convocatoria oficial<\/span>, se trata simplemente de una copia que he hecho yo &#8211;F\u00e9lix Ares&#8211; y puedo haberme equivocado. Lo oficial es lo que hay\u00e1is recibido desde la Asociaci\u00f3n] :<\/span><\/h6>\n<h6>En cumplimiento de lo estipulado en nuestros Estatutos te convocamos a las Asamblea Ordinaria y Extraordinaria de nuestra Asociaci\u00f3n a celebrar el d\u00eda 6\u00a0 de marzo del 2017, en la Casa de la Cultura, sita en la Avenida de Juan G\u00f3mez \u00abJuanito\u00bb de Fuengirola, a las 18:00 h en primera convocatoria y a las 18:30 horas en segunda convocatoria, con el siguiente Orden del D\u00eda:<\/h6>\n<h6 style=\"padding-left: 30px;\">1.- Lectura Acta anterior.<br \/>\n2.- Resumen de Actas de la Junta Directiva durante el a\u00f1o 2016.<br \/>\n3.- Presentaci\u00f3n Estado cuentas al 31 de diciembre del 2016.<br \/>\n4.- Presentaci\u00f3n de la Memoria de actividades de 2016.<br \/>\n5.- Presupuesto y proyecto de actividades 2017.<br \/>\n6.- Elecci\u00f3n de Nueva Junta.<br \/>\n7.- Renovaci\u00f3n de cargos<br \/>\n8.- Ruegos y preguntas<\/h6>\n<h6>&#8212;&#8212;&#8212;&#8212;&#8212;&#8212;&#8212;&#8212;&#8212;&#8212;&#8212;&#8212;&#8212;&#8212;&#8211;<br \/>\nLas candidaturas para los cargos de la Junta Directiva deber\u00e1n ser presentadas a la secretar\u00eda, por escrito, desde hoy hasta 24 horas antes de la celebraci\u00f3n de esta Asamblea.<\/h6>\n<h6>El Secretario,\u00a0\u00a0\u00a0\u00a0\u00a0\u00a0\u00a0\u00a0\u00a0\u00a0\u00a0\u00a0\u00a0\u00a0\u00a0\u00a0\u00a0\u00a0\u00a0\u00a0\u00a0\u00a0\u00a0\u00a0\u00a0\u00a0\u00a0\u00a0\u00a0\u00a0\u00a0\u00a0\u00a0\u00a0\u00a0\u00a0\u00a0\u00a0\u00a0\u00a0\u00a0\u00a0\u00a0\u00a0\u00a0\u00a0\u00a0\u00a0\u00a0\u00a0\u00a0\u00a0\u00a0\u00a0\u00a0\u00a0\u00a0\u00a0\u00a0\u00a0\u00a0\u00a0\u00a0\u00a0\u00a0\u00a0\u00a0\u00a0\u00a0\u00a0\u00a0\u00a0\u00a0\u00a0\u00a0\u00a0\u00a0\u00a0\u00a0\u00a0\u00a0 Vo Bo El Presidente<br \/>\nRam\u00f3n Ram\u00f3n Ma\u00f1osa\u00a0\u00a0\u00a0\u00a0\u00a0\u00a0\u00a0\u00a0\u00a0\u00a0\u00a0\u00a0\u00a0\u00a0\u00a0\u00a0\u00a0\u00a0\u00a0\u00a0\u00a0\u00a0\u00a0\u00a0\u00a0\u00a0\u00a0\u00a0\u00a0\u00a0\u00a0\u00a0\u00a0\u00a0\u00a0\u00a0\u00a0\u00a0\u00a0\u00a0\u00a0\u00a0\u00a0\u00a0\u00a0\u00a0 Salvador Rodr\u00edguez Portillo<\/h6>\n<h6>Fuengirola, a 20 de enero del 2017<\/h6>\n<h6>Declaro que estoy al corriente de la cuota, y en virtud de la facultad que me confiere la ley, nombro<br \/>\nal Soci@ ____________________________________________________<br \/>\nCon D.N.I______________como representante para que asista en mi nombre y proceda a emitir el voto correspondiente a los asuntos a tratar en el Orden del D\u00eda de las Asambleas General Ordinaria y Extraordinaria que se celebraran el pr\u00f3ximo de febrero de 2016 a las 18:00 horas en primera<br \/>\nconvocatoria y a las 18:30 horas en segunda convocatoria la Asamblea Ordinaria y a continuaci\u00f3n la Asamblea Extraordinaria.<br \/>\nFirma:<\/h6>\n<h6>Firma:<br \/>\nSoci@ _________________________________________________D.N.I.__________<br \/>\nSoci@_________________________________________________D.N.I.___________<br \/>\n( Nota a entregar antes de inicio Asamblea ) _<\/h6>\n<h6>Fuengirola a 20 de enero del 2017 . Blanca Paloma, no 4 &#8211; 29640 Fuengirola, Tlf\/Fax 952588776 e. mail: ajpfuengirola63 [ARR_OBA] yahoo.com<span style=\"color: #ff0000;\"> [No pongo la direcci\u00f3n en forma exacta para evitar el Spam, pero usted es inteligente y sabe lo que hay que poner]<\/span><br \/>\nASOCIACI\u00d3N DE JUBILADOS Y PENSIONISTAS DE FUENGIROLA<\/h6>\n<h6><span style=\"color: #ff0000;\"><span style=\"color: #008000;\">PARA PONEROS EN CONTACTO CONMIGO, NO CON LA ASOCIACI\u00d3N, POD\u00c9IS USAR EL SIGUIENTE FORMULARIO:<\/span><\/span><\/h6>\n<p>[contact_bank form_id=1 show_title=true show_desc=false]<\/p>\n","protected":false},"excerpt":{"rendered":"<p>Jueves 2 de marzo de 2017 La Asociaci\u00f3n de Jubilados y Pensionistas de Fuengirola, nos hace llegar un\u00a0 comunicado cuyo resumen es que las Asambleas Anual ordinaria y extraordinaria de la Asociaci\u00f3n se celebrar\u00e1 el d\u00eda 6 de marzo,\u00a0en la Casa de la Cultura, sita en la Avenida de Juan G\u00f3mez \u00abJuanito\u00bb de Fuengirola, a &hellip; <a href=\"https:\/\/felix.ares.fm\/?p=10933\" class=\"more-link\">Seguir leyendo <span class=\"screen-reader-text\">Asociaci\u00f3n de Jubilados y&#8230; Notificaci\u00f3n: ASAMBLEA<\/span> <span class=\"meta-nav\">&rarr;<\/span><\/a><\/p>\n","protected":false},"author":1,"featured_media":0,"comment_status":"closed","ping_status":"open","sticky":false,"template":"","format":"standard","meta":{"footnotes":""},"categories":[564,855],"tags":[],"class_list":["post-10933","post","type-post","status-publish","format-standard","hentry","category-asociacion-de-jubilados-y-pensionistas-de-fuengirola","category-comunicado-urgente"],"_links":{"self":[{"href":"https:\/\/felix.ares.fm\/index.php?rest_route=\/wp\/v2\/posts\/10933","targetHints":{"allow":["GET"]}}],"collection":[{"href":"https:\/\/felix.ares.fm\/index.php?rest_route=\/wp\/v2\/posts"}],"about":[{"href":"https:\/\/felix.ares.fm\/index.php?rest_route=\/wp\/v2\/types\/post"}],"author":[{"embeddable":true,"href":"https:\/\/felix.ares.fm\/index.php?rest_route=\/wp\/v2\/users\/1"}],"replies":[{"embeddable":true,"href":"https:\/\/felix.ares.fm\/index.php?rest_route=%2Fwp%2Fv2%2Fcomments&post=10933"}],"version-history":[{"count":1,"href":"https:\/\/felix.ares.fm\/index.php?rest_route=\/wp\/v2\/posts\/10933\/revisions"}],"predecessor-version":[{"id":10934,"href":"https:\/\/felix.ares.fm\/index.php?rest_route=\/wp\/v2\/posts\/10933\/revisions\/10934"}],"wp:attachment":[{"href":"https:\/\/felix.ares.fm\/index.php?rest_route=%2Fwp%2Fv2%2Fmedia&parent=10933"}],"wp:term":[{"taxonomy":"category","embeddable":true,"href":"https:\/\/felix.ares.fm\/index.php?rest_route=%2Fwp%2Fv2%2Fcategories&post=10933"},{"taxonomy":"post_tag","embeddable":true,"href":"https:\/\/felix.ares.fm\/index.php?rest_route=%2Fwp%2Fv2%2Ftags&post=10933"}],"curies":[{"name":"wp","href":"https:\/\/api.w.org\/{rel}","templated":true}]}}