{"id":10848,"date":"2017-02-24T10:26:12","date_gmt":"2017-02-24T08:26:12","guid":{"rendered":"http:\/\/felix.ares.fm\/?p=10848"},"modified":"2017-02-27T11:13:59","modified_gmt":"2017-02-27T09:13:59","slug":"asociacion-de-jubilados-y-detalles-del-viaje-a-benidorm-guadalest-alicante","status":"publish","type":"post","link":"https:\/\/felix.ares.fm\/?p=10848","title":{"rendered":"Asociaci\u00f3n de Jubilados y&#8230; Detalles del viaje a Benidorm,  Guadalest (Alicante)"},"content":{"rendered":"<h4>S\u00e1bado 28 de enero de 2017<\/h4>\n<h4>La <a href=\"http:\/\/www.paginasamarillas.es\/f\/fuengirola\/asociacion-de-jubilados-y-pensionistas-de-fuengirola_201362985_000000001.html\">Asociaci\u00f3n de Jubilados y Pensionistas de Fuengirola<\/a> organiz\u00f3 un viaje a Benidorm y alrededores. El viaje fue desde el 25 de enero hasta el 29.<\/h4>\n<p>Esta es la <strong>novena<\/strong> entrega\u00a0del viaje.<\/p>\n<p><strong>Agenda con el plan de todas las entregas:<\/strong> \u00a0La <span style=\"color: #ff00ff;\">primera<\/span> entrega pueden verla AQU\u00cd:<a href=\"http:\/\/felix.ares.fm\/?p=10492\" target=\"_blank\">\u00a0http:\/\/felix.ares.fm\/?p=10492\u00a0\u00a0<\/a>(Visi\u00f3n panor\u00e1mica del viaje 1) La <span style=\"color: #ff00ff;\">segunda<\/span> aqu\u00ed:<a href=\"http:\/\/felix.ares.fm\/?p=10564\" target=\"_blank\">\u00a0http:\/\/felix.ares.fm\/?p=10564<\/a>\u00a0(Visi\u00f3n Panor\u00e1mica del viaje 2). La <span style=\"color: #ff00ff;\">tercera<\/span> aqu\u00ed:\u00a0<a href=\"http:\/\/felix.ares.fm\/?p=10608\" target=\"_blank\">http:\/\/felix.ares.fm\/?p=10608<\/a>\u00a0(Ayuntamiento de Alicante y el San Ju\u00e1n de Dal\u00ed). La <span style=\"color: #ff00ff;\">cuarta<\/span> aqu\u00ed:<a href=\"http:\/\/felix.ares.fm\/?p=10722\" target=\"_blank\"> http:\/\/felix.ares.fm\/?p=10722<\/a> (Museo de las hogueras). La <span style=\"color: #ff00ff;\">quinta<\/span>: <a href=\"http:\/\/felix.ares.fm\/?p=10674\">http:\/\/felix.ares.fm\/?p=10674\u00a0<\/a>(Villajoyosa, f\u00e1brica de chocolates Valor). La <span style=\"color: #ff00ff;\">sexta<\/span>:<a href=\"http:\/\/felix.ares.fm\/?p=10764\" target=\"_blank\"> http:\/\/felix.ares.fm\/?p=10764<\/a> (parque infantil calle de las setas). La <span style=\"color: #ff00ff;\">s\u00e9ptima<\/span>\u00a0: <a href=\"http:\/\/felix.ares.fm\/?p=10787\" target=\"_blank\">http:\/\/felix.ares.fm\/?p=10787<\/a>\u00a0 \u00a0\u00a0(Iglesia concatedral de San Nicol\u00e1s). La <span style=\"color: #ff00ff;\">octava<\/span>:<a href=\"http:\/\/felix.ares.fm\/?p=10814\" target=\"_blank\">\u00a0http:\/\/felix.ares.fm\/?p=10814<\/a> (Monumento al r\u00edo Turia en Valencia). <span style=\"color: #ff00ff;\">Novena<\/span>:\u00a0<a href=\"http:\/\/felix.ares.fm\/?p=10848\" target=\"_blank\">http:\/\/felix.ares.fm\/?p=10848<\/a> (Guadalest). <span style=\"color: #ff00ff;\">D\u00e9cima y \u00faltima<\/span>:<a href=\"http:\/\/felix.ares.fm\/?p=10888\" target=\"_blank\">\u00a0http:\/\/felix.ares.fm\/?p=10888<\/a> (Nuestro grupo).<\/p>\n<h6>GUADALEST<\/h6>\n<p>Reconozco mi ignorancia, nunca antes de este viaje hab\u00eda o\u00eddo hablar de <a href=\"https:\/\/es.wikipedia.org\/wiki\/Guadalest\" target=\"_blank\">Guadalest<\/a> lo que una vez visto resulta imperdonable, pues es un pueblecito de monta\u00f1a con unas vistas preciosas, un castillo excelente y nada menos que ocho interesantes museos. Se trata de un pueblo con 227 habitantes y \u00a1ocho museos!<\/p>\n<p>Pero empecemos por el principio, \u00bfd\u00f3nde est\u00e1 Guadalest, en el siguiente mapa podemos ver la ruta que seguimos. Est\u00e1 a un poco menos de 25 km de Benidorm, hacia el norte, hacia las monta\u00f1as. Est\u00e1 entre las monta\u00f1as m\u00e1s altas de la provincia.<\/p>\n<p><a href=\"http:\/\/felix.ares.fm\/?attachment_id=10852\" rel=\"attachment wp-att-10852\"><img loading=\"lazy\" decoding=\"async\" class=\"aligncenter size-full wp-image-10852\" src=\"http:\/\/felix.ares.fm\/wp-content\/uploads\/2017\/02\/benidrom-guadalest.jpg\" alt=\"benidrom-guadalest\" width=\"746\" height=\"672\" srcset=\"https:\/\/felix.ares.fm\/wp-content\/uploads\/2017\/02\/benidrom-guadalest.jpg 746w, https:\/\/felix.ares.fm\/wp-content\/uploads\/2017\/02\/benidrom-guadalest-300x270.jpg 300w, https:\/\/felix.ares.fm\/wp-content\/uploads\/2017\/02\/benidrom-guadalest-30x27.jpg 30w\" sizes=\"auto, (max-width: 746px) 100vw, 746px\" \/><\/a><\/p>\n<p>Siempre me han llamado poderosamente la atenci\u00f3n los pueblos que est\u00e1n en un valle y tienen altas monta\u00f1as a sus lados. Sobre todo siempre me ha sorprendido al amanecer y al anochecer, cuando el sol solo ilumina las cumbres de las monta\u00f1as, los cambios de color y de luminosidad. Y este es el caso de Guadalest que est\u00e1 en valle producido por el r\u00edo Guadalest y que tambi\u00e9n recibe el nombre de valle del Guadalest.<\/p>\n<p>Guadalest, guadalest, guadalest&#8230; \u00bfQu\u00e9 significa ese nombre? El \u00abguada\u00bb est\u00e1 muy claro, es el wada \u00e1rabe que significa r\u00edo. Pero \u00ablest\u00bb est\u00e1 mucho menos claro. Y no solo para m\u00ed, est\u00e1 poco claro para los especialistas, Carme Barcelo, por ejemplo, nos dice que \u00ablest\u00bb es un top\u00f3nimo anterior a los \u00e1rabes y que podr\u00eda ser incluso prerromano. <a href=\"http:\/\/www.levante-emv.com\/comunitat-valenciana\/2008\/10\/10\/tierra-moriscos\/505083.html\">(http:\/\/www.levante-emv.com\/comunitat-valenciana\/2008\/10\/10\/tierra-moriscos\/505083.html<\/a>). Es decir, que salvo que se trata e un r\u00edo no tenemos ni idea de lo que significa.<\/p>\n<figure id=\"attachment_10853\" aria-describedby=\"caption-attachment-10853\" style=\"width: 640px\" class=\"wp-caption aligncenter\"><a href=\"http:\/\/felix.ares.fm\/?attachment_id=10853\" rel=\"attachment wp-att-10853\"><img loading=\"lazy\" decoding=\"async\" class=\"size-full wp-image-10853\" src=\"http:\/\/felix.ares.fm\/wp-content\/uploads\/2017\/02\/IMG_5436_bb.jpg\" alt=\"Al atardecer el sol deje en sombra el valle e ilumina las cumbres. Valle de Guadalest.\" width=\"640\" height=\"480\" srcset=\"https:\/\/felix.ares.fm\/wp-content\/uploads\/2017\/02\/IMG_5436_bb.jpg 640w, https:\/\/felix.ares.fm\/wp-content\/uploads\/2017\/02\/IMG_5436_bb-300x225.jpg 300w, https:\/\/felix.ares.fm\/wp-content\/uploads\/2017\/02\/IMG_5436_bb-30x23.jpg 30w\" sizes=\"auto, (max-width: 640px) 100vw, 640px\" \/><\/a><figcaption id=\"caption-attachment-10853\" class=\"wp-caption-text\">Al atardecer el sol deje en sombra el valle e ilumina las cumbres. Valle de Guadalest.<\/figcaption><\/figure>\n<p><a href=\"http:\/\/felix.ares.fm\/?attachment_id=10859\" rel=\"attachment wp-att-10859\"><img loading=\"lazy\" decoding=\"async\" class=\"aligncenter size-full wp-image-10859\" src=\"http:\/\/felix.ares.fm\/wp-content\/uploads\/2017\/02\/IMG_5446_hsv.jpg\" alt=\"IMG_5446_hsv\" width=\"640\" height=\"480\" srcset=\"https:\/\/felix.ares.fm\/wp-content\/uploads\/2017\/02\/IMG_5446_hsv.jpg 640w, https:\/\/felix.ares.fm\/wp-content\/uploads\/2017\/02\/IMG_5446_hsv-300x225.jpg 300w, https:\/\/felix.ares.fm\/wp-content\/uploads\/2017\/02\/IMG_5446_hsv-30x23.jpg 30w\" sizes=\"auto, (max-width: 640px) 100vw, 640px\" \/><\/a><\/p>\n<p>De repente, tras una curva, nos encontramos con un alto risco en el que se ven los restos de una muralla. Se trata del castillo de Guadalest.<\/p>\n<figure id=\"attachment_10854\" aria-describedby=\"caption-attachment-10854\" style=\"width: 480px\" class=\"wp-caption aligncenter\"><a href=\"http:\/\/felix.ares.fm\/?attachment_id=10854\" rel=\"attachment wp-att-10854\"><img loading=\"lazy\" decoding=\"async\" class=\"size-full wp-image-10854\" src=\"http:\/\/felix.ares.fm\/wp-content\/uploads\/2017\/02\/IMG_5437.jpg\" alt=\"Castillo del Rey de Guadalest.\" width=\"480\" height=\"640\" srcset=\"https:\/\/felix.ares.fm\/wp-content\/uploads\/2017\/02\/IMG_5437.jpg 480w, https:\/\/felix.ares.fm\/wp-content\/uploads\/2017\/02\/IMG_5437-225x300.jpg 225w, https:\/\/felix.ares.fm\/wp-content\/uploads\/2017\/02\/IMG_5437-23x30.jpg 23w\" sizes=\"auto, (max-width: 480px) 100vw, 480px\" \/><\/a><figcaption id=\"caption-attachment-10854\" class=\"wp-caption-text\">Castillo del Rey de Guadalest.<\/figcaption><\/figure>\n<p>Aparcamos y nos dirigimos hacia el castillo. Nada m\u00e1s llegar vemos el primer museo.<\/p>\n<p><a href=\"http:\/\/felix.ares.fm\/?attachment_id=10856\" rel=\"attachment wp-att-10856\"><img loading=\"lazy\" decoding=\"async\" class=\"aligncenter size-full wp-image-10856\" src=\"http:\/\/felix.ares.fm\/wp-content\/uploads\/2017\/02\/IMG_5438.jpg\" alt=\"IMG_5438\" width=\"640\" height=\"480\" srcset=\"https:\/\/felix.ares.fm\/wp-content\/uploads\/2017\/02\/IMG_5438.jpg 640w, https:\/\/felix.ares.fm\/wp-content\/uploads\/2017\/02\/IMG_5438-300x225.jpg 300w, https:\/\/felix.ares.fm\/wp-content\/uploads\/2017\/02\/IMG_5438-30x23.jpg 30w\" sizes=\"auto, (max-width: 640px) 100vw, 640px\" \/><\/a><\/p>\n<p>Se trata del museo microgigante donde hay cosas micro, por ejemplo, el Kremlin en una diminuta concha (micro) o la escalera que sube al primer piso que es una enorme concha (gigante).<\/p>\n<p>Seguimos andando y un poco antes de llegar a las escaleras que nos suben a la ciudad antigua nos abord\u00f3 una persona que a mi me dio toda la sensaci\u00f3n de un charlat\u00e1n, de un vendedor de aceite de serpiente, y continu\u00e9 mi camino. Despu\u00e9s me dijeron que se trataba de Antonio Marco, que tiene un excelente museo. Los que entraron dicen que merec\u00eda la pena. Lo lamento, pues me hubiera gustado entrar, pero el tono de vendedor de aceite curalotodo pudo conmigo.<\/p>\n<figure id=\"attachment_10857\" aria-describedby=\"caption-attachment-10857\" style=\"width: 640px\" class=\"wp-caption aligncenter\"><a href=\"http:\/\/felix.ares.fm\/?attachment_id=10857\" rel=\"attachment wp-att-10857\"><img loading=\"lazy\" decoding=\"async\" class=\"size-full wp-image-10857\" src=\"http:\/\/felix.ares.fm\/wp-content\/uploads\/2017\/02\/IMG_5443_desen.jpg\" alt=\"Antonio Marco en pleno discurso a nuestro grupo.\" width=\"640\" height=\"480\" \/><\/a><figcaption id=\"caption-attachment-10857\" class=\"wp-caption-text\">Antonio Marco en pleno discurso a nuestro grupo. Discurso que me pareci\u00f3 el de un vendedor de aceite de serpientes (y creo que estaba equivocado).<\/figcaption><\/figure>\n<figure id=\"attachment_10860\" aria-describedby=\"caption-attachment-10860\" style=\"width: 360px\" class=\"wp-caption aligncenter\"><a href=\"http:\/\/felix.ares.fm\/?attachment_id=10860\" rel=\"attachment wp-att-10860\"><img loading=\"lazy\" decoding=\"async\" class=\"size-full wp-image-10860\" src=\"http:\/\/felix.ares.fm\/wp-content\/uploads\/2017\/02\/IMG_5441_rc.jpg\" alt=\"Preciosa imagen de la ciudad antigua desde el museo de Marcos.\" width=\"360\" height=\"480\" srcset=\"https:\/\/felix.ares.fm\/wp-content\/uploads\/2017\/02\/IMG_5441_rc.jpg 360w, https:\/\/felix.ares.fm\/wp-content\/uploads\/2017\/02\/IMG_5441_rc-225x300.jpg 225w, https:\/\/felix.ares.fm\/wp-content\/uploads\/2017\/02\/IMG_5441_rc-23x30.jpg 23w\" sizes=\"auto, (max-width: 360px) 100vw, 360px\" \/><\/a><figcaption id=\"caption-attachment-10860\" class=\"wp-caption-text\">Preciosa imagen de la ciudad antigua desde el museo de Marco.<\/figcaption><\/figure>\n<p>Las escaleras para subir all\u00ed arriba se mostraban amenazadoras, pero le echamos valor y empezamos a subir, hasta llegar a la puerta de la ciudad.<\/p>\n<figure id=\"attachment_10861\" aria-describedby=\"caption-attachment-10861\" style=\"width: 360px\" class=\"wp-caption aligncenter\"><a href=\"http:\/\/felix.ares.fm\/?attachment_id=10861\" rel=\"attachment wp-att-10861\"><img loading=\"lazy\" decoding=\"async\" class=\"size-full wp-image-10861\" src=\"http:\/\/felix.ares.fm\/wp-content\/uploads\/2017\/02\/IMG_5447_col.jpg\" alt=\"Puerta de entrada a la ciudad antigua.\" width=\"360\" height=\"480\" srcset=\"https:\/\/felix.ares.fm\/wp-content\/uploads\/2017\/02\/IMG_5447_col.jpg 360w, https:\/\/felix.ares.fm\/wp-content\/uploads\/2017\/02\/IMG_5447_col-225x300.jpg 225w, https:\/\/felix.ares.fm\/wp-content\/uploads\/2017\/02\/IMG_5447_col-23x30.jpg 23w\" sizes=\"auto, (max-width: 360px) 100vw, 360px\" \/><\/a><figcaption id=\"caption-attachment-10861\" class=\"wp-caption-text\">Puerta de entrada a la ciudad antigua.<\/figcaption><\/figure>\n<p>Estaba a punto de desfallecer cuando v\u00ed a D. Jos\u00e9 Mar\u00eda con much\u00edsimos m\u00e1s a\u00f1os que yo, que sub\u00eda tan tranquilo.<\/p>\n<figure id=\"attachment_10862\" aria-describedby=\"caption-attachment-10862\" style=\"width: 360px\" class=\"wp-caption aligncenter\"><a href=\"http:\/\/felix.ares.fm\/?attachment_id=10862\" rel=\"attachment wp-att-10862\"><img loading=\"lazy\" decoding=\"async\" class=\"wp-image-10862 size-full\" src=\"http:\/\/felix.ares.fm\/wp-content\/uploads\/2017\/02\/IMG_5449_rc.jpg\" alt=\"IMG_5449_rc\" width=\"360\" height=\"480\" srcset=\"https:\/\/felix.ares.fm\/wp-content\/uploads\/2017\/02\/IMG_5449_rc.jpg 360w, https:\/\/felix.ares.fm\/wp-content\/uploads\/2017\/02\/IMG_5449_rc-225x300.jpg 225w, https:\/\/felix.ares.fm\/wp-content\/uploads\/2017\/02\/IMG_5449_rc-23x30.jpg 23w\" sizes=\"auto, (max-width: 360px) 100vw, 360px\" \/><\/a><figcaption id=\"caption-attachment-10862\" class=\"wp-caption-text\">Jos\u00e9 Mar\u00eda en la puerta de San Jos\u00e9, acceso a la fortaleza.<\/figcaption><\/figure>\n<p>Y me dije: \u00abSi \u00e9l puede yo tambi\u00e9n\u00bb. Y comenc\u00e9 el ascenso.<\/p>\n<p>Una vieja puerta de madera, hoy inutilizada (vean la barra de hierro que impide que se mueva), nos llevaba a otra \u00e9poca, cuando moros y cristianos andaban a la gre\u00f1a.<\/p>\n<p><a href=\"http:\/\/felix.ares.fm\/?attachment_id=10863\" rel=\"attachment wp-att-10863\"><img loading=\"lazy\" decoding=\"async\" class=\"aligncenter size-full wp-image-10863\" src=\"http:\/\/felix.ares.fm\/wp-content\/uploads\/2017\/02\/IMG_5451.jpg\" alt=\"IMG_5451\" width=\"480\" height=\"640\" srcset=\"https:\/\/felix.ares.fm\/wp-content\/uploads\/2017\/02\/IMG_5451.jpg 480w, https:\/\/felix.ares.fm\/wp-content\/uploads\/2017\/02\/IMG_5451-225x300.jpg 225w, https:\/\/felix.ares.fm\/wp-content\/uploads\/2017\/02\/IMG_5451-23x30.jpg 23w\" sizes=\"auto, (max-width: 480px) 100vw, 480px\" \/><\/a><\/p>\n<p>Tras la puerta un amenazador t\u00fanel. \u00bfSe lo imaginan por la noche, sin luz?<\/p>\n<p><a href=\"http:\/\/felix.ares.fm\/?attachment_id=10864\" rel=\"attachment wp-att-10864\"><img loading=\"lazy\" decoding=\"async\" class=\"aligncenter size-full wp-image-10864\" src=\"http:\/\/felix.ares.fm\/wp-content\/uploads\/2017\/02\/IMG_5452.jpg\" alt=\"IMG_5452\" width=\"480\" height=\"640\" srcset=\"https:\/\/felix.ares.fm\/wp-content\/uploads\/2017\/02\/IMG_5452.jpg 480w, https:\/\/felix.ares.fm\/wp-content\/uploads\/2017\/02\/IMG_5452-225x300.jpg 225w, https:\/\/felix.ares.fm\/wp-content\/uploads\/2017\/02\/IMG_5452-23x30.jpg 23w\" sizes=\"auto, (max-width: 480px) 100vw, 480px\" \/><\/a><\/p>\n<p>Nada m\u00e1s cruzar el umbral nos encontramos con una iglesia.<\/p>\n<figure id=\"attachment_10866\" aria-describedby=\"caption-attachment-10866\" style=\"width: 480px\" class=\"wp-caption aligncenter\"><a href=\"http:\/\/felix.ares.fm\/?attachment_id=10866\" rel=\"attachment wp-att-10866\"><img loading=\"lazy\" decoding=\"async\" class=\"size-full wp-image-10866\" src=\"http:\/\/felix.ares.fm\/wp-content\/uploads\/2017\/02\/IMG_5456.jpg\" alt=\"Iglesia de Guadalest.\" width=\"480\" height=\"640\" srcset=\"https:\/\/felix.ares.fm\/wp-content\/uploads\/2017\/02\/IMG_5456.jpg 480w, https:\/\/felix.ares.fm\/wp-content\/uploads\/2017\/02\/IMG_5456-225x300.jpg 225w, https:\/\/felix.ares.fm\/wp-content\/uploads\/2017\/02\/IMG_5456-23x30.jpg 23w\" sizes=\"auto, (max-width: 480px) 100vw, 480px\" \/><\/a><figcaption id=\"caption-attachment-10866\" class=\"wp-caption-text\">Iglesia de Guadalest. De estilo barroco del sglo XVIII. Se cree que el arquitecto fue Jos\u00e9 Sierra.<\/figcaption><\/figure>\n<p>Me encantan las iglesias de pueblo, por la misma raz\u00f3n que me encantan las iglesias rom\u00e1nicas o las visigodas: su sencillez, casi me atrever\u00eda a decir que su <strong>candidez<\/strong>.<\/p>\n<p>Al entrar vemos una iglesia sumamente sencilla, de planta rectangular y con un altar mayor minimalista.<\/p>\n<p><a href=\"http:\/\/felix.ares.fm\/?attachment_id=10867\" rel=\"attachment wp-att-10867\"><img loading=\"lazy\" decoding=\"async\" class=\"aligncenter size-full wp-image-10867\" src=\"http:\/\/felix.ares.fm\/wp-content\/uploads\/2017\/02\/IMG_5458.jpg\" alt=\"IMG_5458\" width=\"480\" height=\"640\" srcset=\"https:\/\/felix.ares.fm\/wp-content\/uploads\/2017\/02\/IMG_5458.jpg 480w, https:\/\/felix.ares.fm\/wp-content\/uploads\/2017\/02\/IMG_5458-225x300.jpg 225w, https:\/\/felix.ares.fm\/wp-content\/uploads\/2017\/02\/IMG_5458-23x30.jpg 23w\" sizes=\"auto, (max-width: 480px) 100vw, 480px\" \/><\/a><\/p>\n<p>Y f\u00edjense al fondo, una virgen en colores p\u00e1lidos, una cruz debajo de sus pies y dos cuadros a izquierda y derecha. Simple. Sencillo. Pero fij\u00e9monos en la virgen y sus colores.<\/p>\n<p><a href=\"http:\/\/felix.ares.fm\/?attachment_id=10868\" rel=\"attachment wp-att-10868\"><img loading=\"lazy\" decoding=\"async\" class=\"aligncenter size-full wp-image-10868\" src=\"http:\/\/felix.ares.fm\/wp-content\/uploads\/2017\/02\/IMG_5459.jpg\" alt=\"IMG_5459\" width=\"480\" height=\"640\" srcset=\"https:\/\/felix.ares.fm\/wp-content\/uploads\/2017\/02\/IMG_5459.jpg 480w, https:\/\/felix.ares.fm\/wp-content\/uploads\/2017\/02\/IMG_5459-225x300.jpg 225w, https:\/\/felix.ares.fm\/wp-content\/uploads\/2017\/02\/IMG_5459-23x30.jpg 23w\" sizes=\"auto, (max-width: 480px) 100vw, 480px\" \/><\/a><\/p>\n<p>Los colores tan suaves se confunden con el fondo; las sombras producen el efecto de que est\u00e1 flotando.<\/p>\n<p>La imagen me parece de una hechura sencilla, la cara parece un simple esbozo, pero los colores y el fondo hacen que todo ello sea extra\u00f1amente convincente. He tratado de imagin\u00e1rmela con colores m\u00e1s vivos, pero el resultado es menos et\u00e9reo&#8230; No se confunde con el fondo, aunque sigue dando la sensaci\u00f3n de flotar.<\/p>\n<p><a href=\"http:\/\/felix.ares.fm\/?attachment_id=10870\" rel=\"attachment wp-att-10870\"><img loading=\"lazy\" decoding=\"async\" class=\"aligncenter size-full wp-image-10870\" src=\"http:\/\/felix.ares.fm\/wp-content\/uploads\/2017\/02\/IMG_5459_rc_con_texto.jpg\" alt=\"IMG_5459_rc_con_texto\" width=\"360\" height=\"480\" srcset=\"https:\/\/felix.ares.fm\/wp-content\/uploads\/2017\/02\/IMG_5459_rc_con_texto.jpg 360w, https:\/\/felix.ares.fm\/wp-content\/uploads\/2017\/02\/IMG_5459_rc_con_texto-225x300.jpg 225w, https:\/\/felix.ares.fm\/wp-content\/uploads\/2017\/02\/IMG_5459_rc_con_texto-23x30.jpg 23w\" sizes=\"auto, (max-width: 360px) 100vw, 360px\" \/><\/a>Me recuerda a una virgen del rom\u00e1nico, aunque los pliegues de las telas lo desmienten. Y, hasta cierto punto, a un boceto del nacimiento de Venus.<\/p>\n<p><a href=\"http:\/\/felix.ares.fm\/?attachment_id=10871\" rel=\"attachment wp-att-10871\"><img loading=\"lazy\" decoding=\"async\" class=\"aligncenter size-full wp-image-10871\" src=\"http:\/\/felix.ares.fm\/wp-content\/uploads\/2017\/02\/IMG_5459_umbral.jpg\" alt=\"IMG_5459_umbral\" width=\"360\" height=\"480\" srcset=\"https:\/\/felix.ares.fm\/wp-content\/uploads\/2017\/02\/IMG_5459_umbral.jpg 360w, https:\/\/felix.ares.fm\/wp-content\/uploads\/2017\/02\/IMG_5459_umbral-225x300.jpg 225w, https:\/\/felix.ares.fm\/wp-content\/uploads\/2017\/02\/IMG_5459_umbral-23x30.jpg 23w\" sizes=\"auto, (max-width: 360px) 100vw, 360px\" \/><\/a><\/p>\n<figure id=\"attachment_10872\" aria-describedby=\"caption-attachment-10872\" style=\"width: 480px\" class=\"wp-caption aligncenter\"><a href=\"http:\/\/felix.ares.fm\/?attachment_id=10872\" rel=\"attachment wp-att-10872\"><img loading=\"lazy\" decoding=\"async\" class=\"size-full wp-image-10872\" src=\"http:\/\/felix.ares.fm\/wp-content\/uploads\/2017\/02\/IMG_5461.jpg\" alt=\"A su izquierda, a nuestra derecha, Jesucristo en la cruz.\" width=\"480\" height=\"640\" srcset=\"https:\/\/felix.ares.fm\/wp-content\/uploads\/2017\/02\/IMG_5461.jpg 480w, https:\/\/felix.ares.fm\/wp-content\/uploads\/2017\/02\/IMG_5461-225x300.jpg 225w, https:\/\/felix.ares.fm\/wp-content\/uploads\/2017\/02\/IMG_5461-23x30.jpg 23w\" sizes=\"auto, (max-width: 480px) 100vw, 480px\" \/><\/a><figcaption id=\"caption-attachment-10872\" class=\"wp-caption-text\">A su izquierda, a nuestra derecha, Jesucristo en la cruz.<\/figcaption><\/figure>\n<figure id=\"attachment_10873\" aria-describedby=\"caption-attachment-10873\" style=\"width: 480px\" class=\"wp-caption aligncenter\"><a href=\"http:\/\/felix.ares.fm\/?attachment_id=10873\" rel=\"attachment wp-att-10873\"><img loading=\"lazy\" decoding=\"async\" class=\"size-full wp-image-10873\" src=\"http:\/\/felix.ares.fm\/wp-content\/uploads\/2017\/02\/IMG_5462.jpg\" alt=\"dfsde\" width=\"480\" height=\"640\" srcset=\"https:\/\/felix.ares.fm\/wp-content\/uploads\/2017\/02\/IMG_5462.jpg 480w, https:\/\/felix.ares.fm\/wp-content\/uploads\/2017\/02\/IMG_5462-225x300.jpg 225w, https:\/\/felix.ares.fm\/wp-content\/uploads\/2017\/02\/IMG_5462-23x30.jpg 23w\" sizes=\"auto, (max-width: 480px) 100vw, 480px\" \/><\/a><figcaption id=\"caption-attachment-10873\" class=\"wp-caption-text\">A su izquierda, nuestra derecha, el nacimiento de Cristo.<\/figcaption><\/figure>\n<p>Seguimos nuestra cuesta arriba para llegar al castillo.<\/p>\n<p><a href=\"http:\/\/felix.ares.fm\/?attachment_id=10875\" rel=\"attachment wp-att-10875\"><img loading=\"lazy\" decoding=\"async\" class=\"aligncenter size-full wp-image-10875\" src=\"http:\/\/felix.ares.fm\/wp-content\/uploads\/2017\/02\/IMG_5469_bb.jpg\" alt=\"IMG_5469_bb\" width=\"640\" height=\"480\" srcset=\"https:\/\/felix.ares.fm\/wp-content\/uploads\/2017\/02\/IMG_5469_bb.jpg 640w, https:\/\/felix.ares.fm\/wp-content\/uploads\/2017\/02\/IMG_5469_bb-300x225.jpg 300w, https:\/\/felix.ares.fm\/wp-content\/uploads\/2017\/02\/IMG_5469_bb-30x23.jpg 30w\" sizes=\"auto, (max-width: 640px) 100vw, 640px\" \/><\/a><\/p>\n<p>&nbsp;<\/p>\n<p><a href=\"http:\/\/felix.ares.fm\/?attachment_id=10876\" rel=\"attachment wp-att-10876\"><img loading=\"lazy\" decoding=\"async\" class=\"aligncenter size-full wp-image-10876\" src=\"http:\/\/felix.ares.fm\/wp-content\/uploads\/2017\/02\/IMG_5470_bb.jpg\" alt=\"IMG_5470_bb\" width=\"640\" height=\"480\" srcset=\"https:\/\/felix.ares.fm\/wp-content\/uploads\/2017\/02\/IMG_5470_bb.jpg 640w, https:\/\/felix.ares.fm\/wp-content\/uploads\/2017\/02\/IMG_5470_bb-300x225.jpg 300w, https:\/\/felix.ares.fm\/wp-content\/uploads\/2017\/02\/IMG_5470_bb-30x23.jpg 30w\" sizes=\"auto, (max-width: 640px) 100vw, 640px\" \/><\/a><\/p>\n<p>El castillo del Rey.<\/p>\n<p>No son los \u00fanicos vestigios de fortalezas que quedan en Guadalest, tambi\u00e9n tenemos esta torre desde la que se contempla el embalse de Guadalest.<\/p>\n<p><a href=\"http:\/\/felix.ares.fm\/?attachment_id=10877\" rel=\"attachment wp-att-10877\"><img loading=\"lazy\" decoding=\"async\" class=\"aligncenter size-full wp-image-10877\" src=\"http:\/\/felix.ares.fm\/wp-content\/uploads\/2017\/02\/IMG_5464_rc.jpg\" alt=\"IMG_5464_rc\" width=\"640\" height=\"480\" srcset=\"https:\/\/felix.ares.fm\/wp-content\/uploads\/2017\/02\/IMG_5464_rc.jpg 640w, https:\/\/felix.ares.fm\/wp-content\/uploads\/2017\/02\/IMG_5464_rc-300x225.jpg 300w, https:\/\/felix.ares.fm\/wp-content\/uploads\/2017\/02\/IMG_5464_rc-30x23.jpg 30w\" sizes=\"auto, (max-width: 640px) 100vw, 640px\" \/><\/a><\/p>\n<p>Tal vez no vean la torre en el risco, \u00bfla ven? Nos acercamos para que no haya duda.<\/p>\n<p><a href=\"http:\/\/felix.ares.fm\/?attachment_id=10878\" rel=\"attachment wp-att-10878\"><img loading=\"lazy\" decoding=\"async\" class=\"aligncenter size-full wp-image-10878\" src=\"http:\/\/felix.ares.fm\/wp-content\/uploads\/2017\/02\/IMG_5465_bb.jpg\" alt=\"IMG_5465_bb\" width=\"640\" height=\"480\" srcset=\"https:\/\/felix.ares.fm\/wp-content\/uploads\/2017\/02\/IMG_5465_bb.jpg 640w, https:\/\/felix.ares.fm\/wp-content\/uploads\/2017\/02\/IMG_5465_bb-300x225.jpg 300w, https:\/\/felix.ares.fm\/wp-content\/uploads\/2017\/02\/IMG_5465_bb-30x23.jpg 30w\" sizes=\"auto, (max-width: 640px) 100vw, 640px\" \/><\/a><\/p>\n<p>En la plaza del ayuntamiento, que se llama de San Gregorio, nos encontramos con una escultura curiosa, estilizada, extra\u00f1a,&#8230; suponemos que se trata de San Gregorio.<\/p>\n<figure id=\"attachment_10880\" aria-describedby=\"caption-attachment-10880\" style=\"width: 480px\" class=\"wp-caption aligncenter\"><a href=\"http:\/\/felix.ares.fm\/?attachment_id=10880\" rel=\"attachment wp-att-10880\"><img loading=\"lazy\" decoding=\"async\" class=\"size-full wp-image-10880\" src=\"http:\/\/felix.ares.fm\/wp-content\/uploads\/2017\/02\/IMG_5467.jpg\" alt=\"\u00bfSan Gregorio?\" width=\"480\" height=\"640\" srcset=\"https:\/\/felix.ares.fm\/wp-content\/uploads\/2017\/02\/IMG_5467.jpg 480w, https:\/\/felix.ares.fm\/wp-content\/uploads\/2017\/02\/IMG_5467-225x300.jpg 225w, https:\/\/felix.ares.fm\/wp-content\/uploads\/2017\/02\/IMG_5467-23x30.jpg 23w\" sizes=\"auto, (max-width: 480px) 100vw, 480px\" \/><\/a><figcaption id=\"caption-attachment-10880\" class=\"wp-caption-text\">San Gregorio. Se trata de uno de los patrones del Castell de Gaudalest. agradezco la informaci\u00f3n a\u00a0 Isabel Ferri de la oficina de turismo de Guadalest. \u00a1Muchas gracias!<span id=\"transmark\" style=\"display: none; width: 0px; height: 0px;\"><\/span><\/figcaption><\/figure>\n<p>La verdad es que esos cables de la electricidad le quitan gran parte del encanto.<\/p>\n<figure id=\"attachment_10881\" aria-describedby=\"caption-attachment-10881\" style=\"width: 480px\" class=\"wp-caption aligncenter\"><a href=\"http:\/\/felix.ares.fm\/?attachment_id=10881\" rel=\"attachment wp-att-10881\"><img loading=\"lazy\" decoding=\"async\" class=\"size-full wp-image-10881\" src=\"http:\/\/felix.ares.fm\/wp-content\/uploads\/2017\/02\/IMG_5467_sin_cables.jpg\" alt=\"Espero haber quitado los cables.\" width=\"480\" height=\"640\" srcset=\"https:\/\/felix.ares.fm\/wp-content\/uploads\/2017\/02\/IMG_5467_sin_cables.jpg 480w, https:\/\/felix.ares.fm\/wp-content\/uploads\/2017\/02\/IMG_5467_sin_cables-225x300.jpg 225w, https:\/\/felix.ares.fm\/wp-content\/uploads\/2017\/02\/IMG_5467_sin_cables-23x30.jpg 23w\" sizes=\"auto, (max-width: 480px) 100vw, 480px\" \/><\/a><figcaption id=\"caption-attachment-10881\" class=\"wp-caption-text\">Espero haber quitado los cables.<\/figcaption><\/figure>\n<p>Entre una cosa y otra el atardecer se ha convertido en noche, las farolas se han encendido y nosotros debemos pensar en volver a nuestro autob\u00fas.<\/p>\n<figure id=\"attachment_10883\" aria-describedby=\"caption-attachment-10883\" style=\"width: 640px\" class=\"wp-caption aligncenter\"><a href=\"http:\/\/felix.ares.fm\/?attachment_id=10883\" rel=\"attachment wp-att-10883\"><img loading=\"lazy\" decoding=\"async\" class=\"size-full wp-image-10883\" src=\"http:\/\/felix.ares.fm\/wp-content\/uploads\/2017\/02\/IMG_5481_tiny.jpg\" alt=\"La noche ha llegado y las farolas se han encndido.\" width=\"640\" height=\"480\" srcset=\"https:\/\/felix.ares.fm\/wp-content\/uploads\/2017\/02\/IMG_5481_tiny.jpg 640w, https:\/\/felix.ares.fm\/wp-content\/uploads\/2017\/02\/IMG_5481_tiny-300x225.jpg 300w, https:\/\/felix.ares.fm\/wp-content\/uploads\/2017\/02\/IMG_5481_tiny-30x23.jpg 30w\" sizes=\"auto, (max-width: 640px) 100vw, 640px\" \/><\/a><figcaption id=\"caption-attachment-10883\" class=\"wp-caption-text\">La noche ha llegado y las farolas se han encendido.<\/figcaption><\/figure>\n<figure id=\"attachment_10884\" aria-describedby=\"caption-attachment-10884\" style=\"width: 640px\" class=\"wp-caption aligncenter\"><a href=\"http:\/\/felix.ares.fm\/?attachment_id=10884\" rel=\"attachment wp-att-10884\"><img loading=\"lazy\" decoding=\"async\" class=\"size-full wp-image-10884\" src=\"http:\/\/felix.ares.fm\/wp-content\/uploads\/2017\/02\/IMG_5487_tiny.jpg\" alt=\"Nuestro autob\u00fas nos espera.\" width=\"640\" height=\"480\" srcset=\"https:\/\/felix.ares.fm\/wp-content\/uploads\/2017\/02\/IMG_5487_tiny.jpg 640w, https:\/\/felix.ares.fm\/wp-content\/uploads\/2017\/02\/IMG_5487_tiny-300x225.jpg 300w, https:\/\/felix.ares.fm\/wp-content\/uploads\/2017\/02\/IMG_5487_tiny-30x23.jpg 30w\" sizes=\"auto, (max-width: 640px) 100vw, 640px\" \/><\/a><figcaption id=\"caption-attachment-10884\" class=\"wp-caption-text\">Nuestro autob\u00fas nos espera.<\/figcaption><\/figure>\n<p><a href=\"http:\/\/felix.ares.fm\/?attachment_id=10885\" rel=\"attachment wp-att-10885\"><img loading=\"lazy\" decoding=\"async\" class=\"aligncenter size-full wp-image-10885\" src=\"http:\/\/felix.ares.fm\/wp-content\/uploads\/2017\/02\/IMG_5489_tiny.jpg\" alt=\"IMG_5489_tiny\" width=\"640\" height=\"480\" srcset=\"https:\/\/felix.ares.fm\/wp-content\/uploads\/2017\/02\/IMG_5489_tiny.jpg 640w, https:\/\/felix.ares.fm\/wp-content\/uploads\/2017\/02\/IMG_5489_tiny-300x225.jpg 300w, https:\/\/felix.ares.fm\/wp-content\/uploads\/2017\/02\/IMG_5489_tiny-30x23.jpg 30w\" sizes=\"auto, (max-width: 640px) 100vw, 640px\" \/><\/a><\/p>\n<p>Cuando nos vamos dejamos atr\u00e1s este magn\u00edfico e inesperado pueblo. Prometemos volver.<\/p>\n<p style=\"text-align: center;\">*+*<\/p>\n<div class=\"inline\">\n<p><strong>Nota fotos y texto<\/strong>. Salvo las fotos que tienen un agradecimiento espec\u00edfico, como por ejemplo Wikipedia, son nuestras y las licenciamos con<\/p>\n<p><a href=\"http:\/\/creativecommons.org\/licenses\/by\/3.0\/deed.es_ES\" rel=\"license\"><img decoding=\"async\" src=\"http:\/\/i.creativecommons.org\/l\/by\/3.0\/88x31.png\" alt=\"Licencia de Creative Commons\" \/><\/a><br \/>\n<a href=\"viajes.ares.fm\" rel=\"cc:attributionURL\">F\u00e9lix Ares y Maricarmen Garmendia<\/a>\u00a0is licensed under a\u00a0<a href=\"http:\/\/creativecommons.org\/licenses\/by\/3.0\/deed.es_ES\" rel=\"license\">Creative Commons Reconocimiento 3.0 Unported License<\/a>.<br \/>\nCreado a partir de la obra en\u00a0<a href=\"viajes.ares.fm\" rel=\"dct:source\">felix.ares.fm<\/a>.<\/p>\n<p>Contacto con nosotros; el motivo de que no sea una imagen clara es para evitar que los robots la descubran y nos inunden el buz\u00f3n de basura.<\/p>\n<p><a href=\"http:\/\/felix.ares.fm\/?attachment_id=7476\" rel=\"attachment wp-att-7476\"><img loading=\"lazy\" decoding=\"async\" class=\"aligncenter size-full wp-image-7476\" src=\"http:\/\/felix.ares.fm\/wp-content\/uploads\/2016\/02\/tapas.ares_.fm_.2.jpg\" alt=\"tapas.ares.fm.2\" width=\"703\" height=\"499\" srcset=\"https:\/\/felix.ares.fm\/wp-content\/uploads\/2016\/02\/tapas.ares_.fm_.2.jpg 703w, https:\/\/felix.ares.fm\/wp-content\/uploads\/2016\/02\/tapas.ares_.fm_.2-300x213.jpg 300w\" sizes=\"auto, (max-width: 703px) 100vw, 703px\" \/><\/a>[contact_bank form_id=1 show_title=true show_desc=false]<\/p>\n<p>Si quieren que les avisemos por e-mail de las actualizaciones de esta p\u00e1gina, h\u00e1ganos llegar su direcci\u00f3n de e-mail.<\/p>\n<\/div>\n<p>&nbsp;<\/p>\n<p><span style=\"border-radius: 2px; text-indent: 20px; width: auto; padding: 0px 4px 0px 0px; text-align: center; font: bold 11px\/20px 'Helvetica Neue',Helvetica,sans-serif; color: #ffffff; background: #bd081c no-repeat scroll 3px 50% \/ 14px 14px; position: absolute; opacity: 1; z-index: 8675309; display: none; cursor: pointer;\">Guardar<\/span><\/p>\n<p><span style=\"border-radius: 2px; text-indent: 20px; width: auto; padding: 0px 4px 0px 0px; text-align: center; font: bold 11px\/20px 'Helvetica Neue',Helvetica,sans-serif; color: #ffffff; background: #bd081c no-repeat scroll 3px 50% \/ 14px 14px; position: absolute; opacity: 1; z-index: 8675309; display: none; cursor: pointer;\">Guardar<\/span><\/p>\n<p><span style=\"border-radius: 2px; text-indent: 20px; width: auto; padding: 0px 4px 0px 0px; text-align: center; font: bold 11px\/20px 'Helvetica Neue',Helvetica,sans-serif; color: #ffffff; background: #bd081c no-repeat scroll 3px 50% \/ 14px 14px; position: absolute; opacity: 1; z-index: 8675309; display: none; cursor: pointer; top: 11810px; left: 20px;\">Guardar<\/span><\/p>\n<p><span style=\"border-radius: 2px; text-indent: 20px; width: auto; padding: 0px 4px 0px 0px; text-align: center; font: bold 11px\/20px 'Helvetica Neue',Helvetica,sans-serif; color: #ffffff; background: #bd081c no-repeat scroll 3px 50% \/ 14px 14px; position: absolute; opacity: 1; z-index: 8675309; display: none; cursor: pointer;\">Guardar<\/span><\/p>\n<p><span style=\"border-radius: 2px; text-indent: 20px; width: auto; padding: 0px 4px 0px 0px; text-align: center; font: bold 11px\/20px 'Helvetica Neue',Helvetica,sans-serif; color: #ffffff; background: #bd081c no-repeat scroll 3px 50% \/ 14px 14px; position: absolute; opacity: 1; z-index: 8675309; display: none; cursor: pointer;\">Guardar<\/span><\/p>\n<p><span style=\"border-radius: 2px; text-indent: 20px; width: auto; padding: 0px 4px 0px 0px; text-align: center; font: bold 11px\/20px 'Helvetica Neue',Helvetica,sans-serif; color: #ffffff; background: #bd081c no-repeat scroll 3px 50% \/ 14px 14px; position: absolute; opacity: 1; z-index: 8675309; display: none; cursor: pointer;\">Guardar<\/span><\/p>\n<p><span style=\"border-radius: 2px; text-indent: 20px; width: auto; padding: 0px 4px 0px 0px; text-align: center; font: bold 11px\/20px 'Helvetica Neue',Helvetica,sans-serif; color: #ffffff; background: #bd081c no-repeat scroll 3px 50% \/ 14px 14px; position: absolute; opacity: 1; z-index: 8675309; display: none; cursor: pointer; top: 8749px; left: 20px;\">Guardar<\/span><\/p>\n<p><span style=\"border-radius: 2px; text-indent: 20px; width: auto; padding: 0px 4px 0px 0px; text-align: center; font: bold 11px\/20px 'Helvetica Neue',Helvetica,sans-serif; color: #ffffff; background: #bd081c no-repeat scroll 3px 50% \/ 14px 14px; position: absolute; opacity: 1; z-index: 8675309; display: none; cursor: pointer;\">Guardar<\/span><\/p>\n<p><span style=\"border-radius: 2px; text-indent: 20px; width: auto; padding: 0px 4px 0px 0px; text-align: center; font: bold 11px\/20px 'Helvetica Neue',Helvetica,sans-serif; color: #ffffff; background: #bd081c no-repeat scroll 3px 50% \/ 14px 14px; position: absolute; opacity: 1; z-index: 8675309; display: none; cursor: pointer; top: 7428px; left: 20px;\">Guardar<\/span><\/p>\n<p><span style=\"border-radius: 2px; text-indent: 20px; width: auto; padding: 0px 4px 0px 0px; text-align: center; font: bold 11px\/20px 'Helvetica Neue',Helvetica,sans-serif; color: #ffffff; background: #bd081c no-repeat scroll 3px 50% \/ 14px 14px; position: absolute; opacity: 1; z-index: 8675309; display: none; cursor: pointer; top: 2767px; left: 20px;\">Guardar<\/span><\/p>\n","protected":false},"excerpt":{"rendered":"<p>S\u00e1bado 28 de enero de 2017 La Asociaci\u00f3n de Jubilados y Pensionistas de Fuengirola organiz\u00f3 un viaje a Benidorm y alrededores. El viaje fue desde el 25 de enero hasta el 29. Esta es la novena entrega\u00a0del viaje. Agenda con el plan de todas las entregas: \u00a0La primera entrega pueden verla AQU\u00cd:\u00a0http:\/\/felix.ares.fm\/?p=10492\u00a0\u00a0(Visi\u00f3n panor\u00e1mica del viaje &hellip; <a href=\"https:\/\/felix.ares.fm\/?p=10848\" class=\"more-link\">Seguir leyendo <span class=\"screen-reader-text\">Asociaci\u00f3n de Jubilados y&#8230; Detalles del viaje a Benidorm,  Guadalest (Alicante)<\/span> <span class=\"meta-nav\">&rarr;<\/span><\/a><\/p>\n","protected":false},"author":1,"featured_media":0,"comment_status":"closed","ping_status":"open","sticky":false,"template":"","format":"standard","meta":{"footnotes":""},"categories":[865,564,882],"tags":[],"class_list":["post-10848","post","type-post","status-publish","format-standard","hentry","category-alicante","category-asociacion-de-jubilados-y-pensionistas-de-fuengirola","category-guadalest"],"_links":{"self":[{"href":"https:\/\/felix.ares.fm\/index.php?rest_route=\/wp\/v2\/posts\/10848","targetHints":{"allow":["GET"]}}],"collection":[{"href":"https:\/\/felix.ares.fm\/index.php?rest_route=\/wp\/v2\/posts"}],"about":[{"href":"https:\/\/felix.ares.fm\/index.php?rest_route=\/wp\/v2\/types\/post"}],"author":[{"embeddable":true,"href":"https:\/\/felix.ares.fm\/index.php?rest_route=\/wp\/v2\/users\/1"}],"replies":[{"embeddable":true,"href":"https:\/\/felix.ares.fm\/index.php?rest_route=%2Fwp%2Fv2%2Fcomments&post=10848"}],"version-history":[{"count":15,"href":"https:\/\/felix.ares.fm\/index.php?rest_route=\/wp\/v2\/posts\/10848\/revisions"}],"predecessor-version":[{"id":10925,"href":"https:\/\/felix.ares.fm\/index.php?rest_route=\/wp\/v2\/posts\/10848\/revisions\/10925"}],"wp:attachment":[{"href":"https:\/\/felix.ares.fm\/index.php?rest_route=%2Fwp%2Fv2%2Fmedia&parent=10848"}],"wp:term":[{"taxonomy":"category","embeddable":true,"href":"https:\/\/felix.ares.fm\/index.php?rest_route=%2Fwp%2Fv2%2Fcategories&post=10848"},{"taxonomy":"post_tag","embeddable":true,"href":"https:\/\/felix.ares.fm\/index.php?rest_route=%2Fwp%2Fv2%2Ftags&post=10848"}],"curies":[{"name":"wp","href":"https:\/\/api.w.org\/{rel}","templated":true}]}}