{"id":10787,"date":"2017-02-21T10:26:12","date_gmt":"2017-02-21T08:26:12","guid":{"rendered":"http:\/\/felix.ares.fm\/?p=10787"},"modified":"2017-02-25T21:26:28","modified_gmt":"2017-02-25T19:26:28","slug":"asociacion-de-jubilados-y-detalles-del-viaje-a-benidorm-alicante-concatedral","status":"publish","type":"post","link":"https:\/\/felix.ares.fm\/?p=10787","title":{"rendered":"Asociaci\u00f3n de Jubilados y&#8230; Detalles del viaje a Benidorm, Alicante, Concatedral"},"content":{"rendered":"<h4>Viernes 27 de enero de 2017<\/h4>\n<h4>La <a href=\"http:\/\/www.paginasamarillas.es\/f\/fuengirola\/asociacion-de-jubilados-y-pensionistas-de-fuengirola_201362985_000000001.html\">Asociaci\u00f3n de Jubilados y Pensionistas de Fuengirola<\/a> organiz\u00f3 un viaje a Benidorm y alrededores. El viaje fue desde el 25 de enero hasta el 29.<\/h4>\n<p>Esta es la <strong>s\u00e9ptima<\/strong>\u00a0entrega de<\/p>\n<p><strong>Agenda con el plan de todas las entregas:<\/strong> \u00a0La <span style=\"color: #ff00ff;\">primera<\/span> entrega pueden verla AQU\u00cd:<a href=\"http:\/\/felix.ares.fm\/?p=10492\" target=\"_blank\">\u00a0http:\/\/felix.ares.fm\/?p=10492\u00a0\u00a0<\/a>(Visi\u00f3n panor\u00e1mica del viaje 1) La <span style=\"color: #ff00ff;\">segunda<\/span> aqu\u00ed:<a href=\"http:\/\/felix.ares.fm\/?p=10564\" target=\"_blank\">\u00a0http:\/\/felix.ares.fm\/?p=10564<\/a>\u00a0(Visi\u00f3n Panor\u00e1mica del viaje 2). La <span style=\"color: #ff00ff;\">tercera<\/span> aqu\u00ed:\u00a0<a href=\"http:\/\/felix.ares.fm\/?p=10608\" target=\"_blank\">http:\/\/felix.ares.fm\/?p=10608<\/a>\u00a0(Ayuntamiento de Alicante y el San Ju\u00e1n de Dal\u00ed). La <span style=\"color: #ff00ff;\">cuarta<\/span> aqu\u00ed:<a href=\"http:\/\/felix.ares.fm\/?p=10722\" target=\"_blank\"> http:\/\/felix.ares.fm\/?p=10722<\/a> (Museo de las hogueras). La <span style=\"color: #ff00ff;\">quinta<\/span>: <a href=\"http:\/\/felix.ares.fm\/?p=10674\">http:\/\/felix.ares.fm\/?p=10674\u00a0<\/a>(Villajoyosa, f\u00e1brica de chocolates Valor). La <span style=\"color: #ff00ff;\">sexta<\/span>:<a href=\"http:\/\/felix.ares.fm\/?p=10764\" target=\"_blank\"> http:\/\/felix.ares.fm\/?p=10764<\/a> (parque infantil calle de las setas). La <span style=\"color: #ff00ff;\">s\u00e9ptima<\/span>\u00a0: \u00a0\u00a0<a href=\"http:\/\/felix.ares.fm\/?p=10787\" target=\"_blank\">http:\/\/felix.ares.fm\/?p=10787<\/a> (Iglesia concatedral de San Nicol\u00e1s). La <span style=\"color: #ff00ff;\">octava<\/span>:<a href=\"http:\/\/felix.ares.fm\/?p=10814\" target=\"_blank\">\u00a0http:\/\/felix.ares.fm\/?p=10814<\/a> (Monumento al r\u00edo Turia en Valencia). <span style=\"color: #ff00ff;\">Novena<\/span>:\u00a0<a href=\"http:\/\/felix.ares.fm\/?p=10848\" target=\"_blank\">http:\/\/felix.ares.fm\/?p=10848<\/a> (Guadalest). <span style=\"color: #ff00ff;\">D\u00e9cima y \u00faltima<\/span>:<a href=\"http:\/\/felix.ares.fm\/?p=10888\" target=\"_blank\">\u00a0http:\/\/felix.ares.fm\/?p=10888<\/a> (Nuestro grupo).<\/p>\n<h6>IGLESIA CONCATEDRAL DE SAN NICOL\u00c1S<\/h6>\n<p><a href=\"http:\/\/felix.ares.fm\/?attachment_id=10791\" rel=\"attachment wp-att-10791\"><img loading=\"lazy\" decoding=\"async\" class=\"aligncenter size-full wp-image-10791\" src=\"http:\/\/felix.ares.fm\/wp-content\/uploads\/2017\/02\/IMG_4866.jpg\" alt=\"IMG_4866\" width=\"640\" height=\"480\" srcset=\"https:\/\/felix.ares.fm\/wp-content\/uploads\/2017\/02\/IMG_4866.jpg 640w, https:\/\/felix.ares.fm\/wp-content\/uploads\/2017\/02\/IMG_4866-300x225.jpg 300w, https:\/\/felix.ares.fm\/wp-content\/uploads\/2017\/02\/IMG_4866-30x23.jpg 30w\" sizes=\"auto, (max-width: 640px) 100vw, 640px\" \/><\/a><\/p>\n<p>Nuestra siguiente parada fue la iglesia Concatedral de San Nicol\u00e1s. A m\u00ed me entr\u00f3 una duda: \u00bfPor qu\u00e9 la catedral de Alicante es Concatedral y no Catedral? Tuve que echar un vistazo por internet para descubrirlo. La di\u00f3cesis en la que est\u00e1 Alicante se llama \u00abdi\u00f3cesis de Orihuela Alicante\u00bb. Hay dos catedrales una el Orihuela y la otra en Alicante, por eso son concatedrales. La de Alicante se llama de San Nicol\u00e1s pues est\u00e1 dedicada a Nicol\u00e1s de Bari.<\/p>\n<p>El exterior se trata de un edificio feote, que pasa bastante desapercibido. Incluso la fachada principal no vale gran cosa:<\/p>\n<figure id=\"attachment_10792\" aria-describedby=\"caption-attachment-10792\" style=\"width: 480px\" class=\"wp-caption aligncenter\"><a href=\"http:\/\/felix.ares.fm\/?attachment_id=10792\" rel=\"attachment wp-att-10792\"><img loading=\"lazy\" decoding=\"async\" class=\"size-full wp-image-10792\" src=\"http:\/\/felix.ares.fm\/wp-content\/uploads\/2017\/02\/IMG_4867_pers.jpg\" alt=\"la fachada principal de la iglesia concatedral.\" width=\"480\" height=\"640\" srcset=\"https:\/\/felix.ares.fm\/wp-content\/uploads\/2017\/02\/IMG_4867_pers.jpg 480w, https:\/\/felix.ares.fm\/wp-content\/uploads\/2017\/02\/IMG_4867_pers-225x300.jpg 225w, https:\/\/felix.ares.fm\/wp-content\/uploads\/2017\/02\/IMG_4867_pers-23x30.jpg 23w\" sizes=\"auto, (max-width: 480px) 100vw, 480px\" \/><\/a><figcaption id=\"caption-attachment-10792\" class=\"wp-caption-text\">la fachada principal de la iglesia concatedral. En la hornacina que est\u00e1 encima de la puerta est\u00e1 la virgen y el ni\u00f1o. Un ni\u00f1o muy hermoso.<\/figcaption><\/figure>\n<p>Se trata de una obra c<span id=\"txt_autor\">onstruida entre 1616 y1662, seg\u00fan plano de Agust\u00edn Bernardino y que fue construida sobre una mezquita. (<a href=\"http:\/\/esculturayarte.com\/026665\/Concatedral-de-San-Nicolas-1-en-Alicante.html\" target=\"_blank\">http:\/\/esculturayarte.com\/026665\/Concatedral-de-San-Nicolas-1-en-Alicante.html<\/a>). Su estilo arquitect\u00f3nico se sit\u00faa entre un neocl\u00e1sico tard\u00edo y un aut\u00e9ntico barroco, aunque su claustro es del siglo XV y es de estilo g\u00f3tico.<\/span><\/p>\n<p>El interior es un gran nave es la que llama la atenci\u00f3n la sobriedad y el color blanco.<\/p>\n<figure id=\"attachment_10793\" aria-describedby=\"caption-attachment-10793\" style=\"width: 618px\" class=\"wp-caption aligncenter\"><a href=\"http:\/\/felix.ares.fm\/?attachment_id=10793\" rel=\"attachment wp-att-10793\"><img loading=\"lazy\" decoding=\"async\" class=\"size-full wp-image-10793\" src=\"http:\/\/felix.ares.fm\/wp-content\/uploads\/2017\/02\/IMG_4920_curv_rot.jpg\" alt=\"Interior de la iglesia concatedral de Alicante.\" width=\"618\" height=\"460\" srcset=\"https:\/\/felix.ares.fm\/wp-content\/uploads\/2017\/02\/IMG_4920_curv_rot.jpg 618w, https:\/\/felix.ares.fm\/wp-content\/uploads\/2017\/02\/IMG_4920_curv_rot-300x223.jpg 300w, https:\/\/felix.ares.fm\/wp-content\/uploads\/2017\/02\/IMG_4920_curv_rot-30x22.jpg 30w\" sizes=\"auto, (max-width: 618px) 100vw, 618px\" \/><\/a><figcaption id=\"caption-attachment-10793\" class=\"wp-caption-text\">Interior de la iglesia concatedral de Alicante.<\/figcaption><\/figure>\n<p><a href=\"http:\/\/felix.ares.fm\/?attachment_id=10796\" rel=\"attachment wp-att-10796\"><img loading=\"lazy\" decoding=\"async\" class=\"aligncenter size-full wp-image-10796\" src=\"http:\/\/felix.ares.fm\/wp-content\/uploads\/2017\/02\/IMG_4924.jpg\" alt=\"IMG_4924\" width=\"640\" height=\"480\" srcset=\"https:\/\/felix.ares.fm\/wp-content\/uploads\/2017\/02\/IMG_4924.jpg 640w, https:\/\/felix.ares.fm\/wp-content\/uploads\/2017\/02\/IMG_4924-300x225.jpg 300w, https:\/\/felix.ares.fm\/wp-content\/uploads\/2017\/02\/IMG_4924-30x23.jpg 30w\" sizes=\"auto, (max-width: 640px) 100vw, 640px\" \/><\/a><\/p>\n<p>Una de las cosas que destacan es la c\u00fapula realizada por el arquitecto alicantino Miguel del Real. La c\u00fapula tiene casi 45 m de altura.<\/p>\n<figure id=\"attachment_10809\" aria-describedby=\"caption-attachment-10809\" style=\"width: 640px\" class=\"wp-caption aligncenter\"><a href=\"http:\/\/felix.ares.fm\/?attachment_id=10809\" rel=\"attachment wp-att-10809\"><img loading=\"lazy\" decoding=\"async\" class=\"size-full wp-image-10809\" src=\"http:\/\/felix.ares.fm\/wp-content\/uploads\/2017\/02\/IMG_4932_bb_2.jpg\" alt=\"C\u00fapula del arquitecto Miguel del Real.\" width=\"640\" height=\"480\" srcset=\"https:\/\/felix.ares.fm\/wp-content\/uploads\/2017\/02\/IMG_4932_bb_2.jpg 640w, https:\/\/felix.ares.fm\/wp-content\/uploads\/2017\/02\/IMG_4932_bb_2-300x225.jpg 300w, https:\/\/felix.ares.fm\/wp-content\/uploads\/2017\/02\/IMG_4932_bb_2-30x23.jpg 30w\" sizes=\"auto, (max-width: 640px) 100vw, 640px\" \/><\/a><figcaption id=\"caption-attachment-10809\" class=\"wp-caption-text\">C\u00fapula del arquitecto Miguel del Real.<\/figcaption><\/figure>\n<p>Desde el exterior, la c\u00fapula est\u00e1 cubierta por la teja vidriada azul y blanca tan t\u00edpica de la zona.<\/p>\n<figure id=\"attachment_10808\" aria-describedby=\"caption-attachment-10808\" style=\"width: 450px\" class=\"wp-caption aligncenter\"><a href=\"http:\/\/felix.ares.fm\/?attachment_id=10808\" rel=\"attachment wp-att-10808\"><img loading=\"lazy\" decoding=\"async\" class=\"size-full wp-image-10808\" src=\"http:\/\/felix.ares.fm\/wp-content\/uploads\/2017\/02\/450px-Alacant_039.jpg\" alt=\"La concatedral vista por fuera. Observen la c\u00fapula con tejas vidriadas azules. La foto fue tomada en 2008 por joanbanjo y est\u00e1 licencia como Creative Commons de dominio p\u00fablico. Gentileza de Wikimedia.\" width=\"450\" height=\"600\" srcset=\"https:\/\/felix.ares.fm\/wp-content\/uploads\/2017\/02\/450px-Alacant_039.jpg 450w, https:\/\/felix.ares.fm\/wp-content\/uploads\/2017\/02\/450px-Alacant_039-225x300.jpg 225w, https:\/\/felix.ares.fm\/wp-content\/uploads\/2017\/02\/450px-Alacant_039-23x30.jpg 23w\" sizes=\"auto, (max-width: 450px) 100vw, 450px\" \/><\/a><figcaption id=\"caption-attachment-10808\" class=\"wp-caption-text\">La concatedral vista por fuera. Observen la c\u00fapula con tejas vidriadas azules. La foto fue tomada en 2008 por joanbanjo y est\u00e1 licencia como Creative Commons de dominio p\u00fablico. Gentileza de Wikimedia.<\/figcaption><\/figure>\n<p><a href=\"http:\/\/felix.ares.fm\/?attachment_id=10794\" rel=\"attachment wp-att-10794\"><img loading=\"lazy\" decoding=\"async\" class=\"aligncenter size-full wp-image-10794\" src=\"http:\/\/felix.ares.fm\/wp-content\/uploads\/2017\/02\/IMG_4921_luz.jpg\" alt=\"IMG_4921_luz\" width=\"480\" height=\"640\" srcset=\"https:\/\/felix.ares.fm\/wp-content\/uploads\/2017\/02\/IMG_4921_luz.jpg 480w, https:\/\/felix.ares.fm\/wp-content\/uploads\/2017\/02\/IMG_4921_luz-225x300.jpg 225w, https:\/\/felix.ares.fm\/wp-content\/uploads\/2017\/02\/IMG_4921_luz-23x30.jpg 23w\" sizes=\"auto, (max-width: 480px) 100vw, 480px\" \/><\/a><\/p>\n<p>A veces la iluminaci\u00f3n hace que realmente no se pueda ver lo que quieren destacar.<\/p>\n<p><span style=\"color: #ff00ff;\">EL \u00d3RGANO ES UNA DE LAS JOYAS DE LA CONCATEDRAL<\/span><\/p>\n<figure id=\"attachment_10795\" aria-describedby=\"caption-attachment-10795\" style=\"width: 438px\" class=\"wp-caption aligncenter\"><a href=\"http:\/\/felix.ares.fm\/?attachment_id=10795\" rel=\"attachment wp-att-10795\"><img loading=\"lazy\" decoding=\"async\" class=\"wp-image-10795 size-full\" src=\"http:\/\/felix.ares.fm\/wp-content\/uploads\/2017\/02\/IMG_4922_l_rrr.jpg\" alt=\"El \u00f3rgano.\" width=\"438\" height=\"623\" srcset=\"https:\/\/felix.ares.fm\/wp-content\/uploads\/2017\/02\/IMG_4922_l_rrr.jpg 438w, https:\/\/felix.ares.fm\/wp-content\/uploads\/2017\/02\/IMG_4922_l_rrr-211x300.jpg 211w, https:\/\/felix.ares.fm\/wp-content\/uploads\/2017\/02\/IMG_4922_l_rrr-21x30.jpg 21w\" sizes=\"auto, (max-width: 438px) 100vw, 438px\" \/><\/a><figcaption id=\"caption-attachment-10795\" class=\"wp-caption-text\"><span id=\"transmark\" style=\"display: none; width: 0px; height: 0px;\"><\/span> El \u00f3rgano es del siglo XVI, lo que le convierte en el m\u00e1s antiguo de la Comunidad Valenciana y uno de los m\u00e1s antiguos de Espa\u00f1a <a href=\"http:\/\/www.foroxerbar.com\/viewtopic.php?t=8182)\" target=\"_blank\">(http:\/\/www.foroxerbar.com\/viewtopic.php?t=8182<\/a>).<\/figcaption><\/figure>\n<figure id=\"attachment_10797\" aria-describedby=\"caption-attachment-10797\" style=\"width: 480px\" class=\"wp-caption aligncenter\"><a href=\"http:\/\/felix.ares.fm\/?attachment_id=10797\" rel=\"attachment wp-att-10797\"><img loading=\"lazy\" decoding=\"async\" class=\"size-full wp-image-10797\" src=\"http:\/\/felix.ares.fm\/wp-content\/uploads\/2017\/02\/IMG_4929_bb.jpg\" alt=\"La virgen del altar mayor.\" width=\"480\" height=\"640\" srcset=\"https:\/\/felix.ares.fm\/wp-content\/uploads\/2017\/02\/IMG_4929_bb.jpg 480w, https:\/\/felix.ares.fm\/wp-content\/uploads\/2017\/02\/IMG_4929_bb-225x300.jpg 225w, https:\/\/felix.ares.fm\/wp-content\/uploads\/2017\/02\/IMG_4929_bb-23x30.jpg 23w\" sizes=\"auto, (max-width: 480px) 100vw, 480px\" \/><\/a><figcaption id=\"caption-attachment-10797\" class=\"wp-caption-text\">La virgen del altar mayor.<\/figcaption><\/figure>\n<figure id=\"attachment_10798\" aria-describedby=\"caption-attachment-10798\" style=\"width: 401px\" class=\"wp-caption aligncenter\"><a href=\"http:\/\/felix.ares.fm\/?attachment_id=10798\" rel=\"attachment wp-att-10798\"><img loading=\"lazy\" decoding=\"async\" class=\"size-full wp-image-10798\" src=\"http:\/\/felix.ares.fm\/wp-content\/uploads\/2017\/02\/IMG_4931_ciz.jpg\" alt=\"Cristalera con la misma virgen del altar mayor.\" width=\"401\" height=\"551\" srcset=\"https:\/\/felix.ares.fm\/wp-content\/uploads\/2017\/02\/IMG_4931_ciz.jpg 401w, https:\/\/felix.ares.fm\/wp-content\/uploads\/2017\/02\/IMG_4931_ciz-218x300.jpg 218w, https:\/\/felix.ares.fm\/wp-content\/uploads\/2017\/02\/IMG_4931_ciz-22x30.jpg 22w\" sizes=\"auto, (max-width: 401px) 100vw, 401px\" \/><\/a><figcaption id=\"caption-attachment-10798\" class=\"wp-caption-text\">Cristalera con la misma virgen del altar mayor.<\/figcaption><\/figure>\n<figure id=\"attachment_10800\" aria-describedby=\"caption-attachment-10800\" style=\"width: 640px\" class=\"wp-caption aligncenter\"><a href=\"http:\/\/felix.ares.fm\/?attachment_id=10800\" rel=\"attachment wp-att-10800\"><img loading=\"lazy\" decoding=\"async\" class=\"size-full wp-image-10800\" src=\"http:\/\/felix.ares.fm\/wp-content\/uploads\/2017\/02\/IMG_4933_bb.jpg\" alt=\"Las tres cruces\" width=\"640\" height=\"480\" srcset=\"https:\/\/felix.ares.fm\/wp-content\/uploads\/2017\/02\/IMG_4933_bb.jpg 640w, https:\/\/felix.ares.fm\/wp-content\/uploads\/2017\/02\/IMG_4933_bb-300x225.jpg 300w, https:\/\/felix.ares.fm\/wp-content\/uploads\/2017\/02\/IMG_4933_bb-30x23.jpg 30w\" sizes=\"auto, (max-width: 640px) 100vw, 640px\" \/><\/a><figcaption id=\"caption-attachment-10800\" class=\"wp-caption-text\">Las tres cruces<\/figcaption><\/figure>\n<figure id=\"attachment_10801\" aria-describedby=\"caption-attachment-10801\" style=\"width: 640px\" class=\"wp-caption aligncenter\"><a href=\"http:\/\/felix.ares.fm\/?attachment_id=10801\" rel=\"attachment wp-att-10801\"><img loading=\"lazy\" decoding=\"async\" class=\"size-full wp-image-10801\" src=\"http:\/\/felix.ares.fm\/wp-content\/uploads\/2017\/02\/IMG_4934.jpg\" alt=\"Cristo con la cruz.\" width=\"640\" height=\"480\" srcset=\"https:\/\/felix.ares.fm\/wp-content\/uploads\/2017\/02\/IMG_4934.jpg 640w, https:\/\/felix.ares.fm\/wp-content\/uploads\/2017\/02\/IMG_4934-300x225.jpg 300w, https:\/\/felix.ares.fm\/wp-content\/uploads\/2017\/02\/IMG_4934-30x23.jpg 30w\" sizes=\"auto, (max-width: 640px) 100vw, 640px\" \/><\/a><figcaption id=\"caption-attachment-10801\" class=\"wp-caption-text\">Cristo con la cruz.<\/figcaption><\/figure>\n<p>Hice un primer plano a la cara del Cristo pero me ha salido un poco movida. A pesar de todo, el dramatismo de la expresi\u00f3n es tan bueno, que prefiero publicarla con desenfoque y todo.<\/p>\n<p><a href=\"http:\/\/felix.ares.fm\/?attachment_id=10802\" rel=\"attachment wp-att-10802\"><img loading=\"lazy\" decoding=\"async\" class=\"aligncenter size-full wp-image-10802\" src=\"http:\/\/felix.ares.fm\/wp-content\/uploads\/2017\/02\/IMG_4935_enf.jpg\" alt=\"IMG_4935_enf\" width=\"640\" height=\"480\" srcset=\"https:\/\/felix.ares.fm\/wp-content\/uploads\/2017\/02\/IMG_4935_enf.jpg 640w, https:\/\/felix.ares.fm\/wp-content\/uploads\/2017\/02\/IMG_4935_enf-300x225.jpg 300w, https:\/\/felix.ares.fm\/wp-content\/uploads\/2017\/02\/IMG_4935_enf-30x23.jpg 30w\" sizes=\"auto, (max-width: 640px) 100vw, 640px\" \/><\/a><\/p>\n<p><a href=\"http:\/\/felix.ares.fm\/?attachment_id=10803\" rel=\"attachment wp-att-10803\"><img loading=\"lazy\" decoding=\"async\" class=\"aligncenter size-full wp-image-10803\" src=\"http:\/\/felix.ares.fm\/wp-content\/uploads\/2017\/02\/IMG_4936.jpg\" alt=\"IMG_4936\" width=\"640\" height=\"480\" srcset=\"https:\/\/felix.ares.fm\/wp-content\/uploads\/2017\/02\/IMG_4936.jpg 640w, https:\/\/felix.ares.fm\/wp-content\/uploads\/2017\/02\/IMG_4936-300x225.jpg 300w, https:\/\/felix.ares.fm\/wp-content\/uploads\/2017\/02\/IMG_4936-30x23.jpg 30w\" sizes=\"auto, (max-width: 640px) 100vw, 640px\" \/><\/a><\/p>\n<figure id=\"attachment_10804\" aria-describedby=\"caption-attachment-10804\" style=\"width: 480px\" class=\"wp-caption aligncenter\"><a href=\"http:\/\/felix.ares.fm\/?attachment_id=10804\" rel=\"attachment wp-att-10804\"><img loading=\"lazy\" decoding=\"async\" class=\"wp-image-10804 size-full\" src=\"http:\/\/felix.ares.fm\/wp-content\/uploads\/2017\/02\/IMG_4938.jpg\" alt=\"IMG_4938\" width=\"480\" height=\"640\" srcset=\"https:\/\/felix.ares.fm\/wp-content\/uploads\/2017\/02\/IMG_4938.jpg 480w, https:\/\/felix.ares.fm\/wp-content\/uploads\/2017\/02\/IMG_4938-225x300.jpg 225w, https:\/\/felix.ares.fm\/wp-content\/uploads\/2017\/02\/IMG_4938-23x30.jpg 23w\" sizes=\"auto, (max-width: 480px) 100vw, 480px\" \/><\/a><figcaption id=\"caption-attachment-10804\" class=\"wp-caption-text\">No estoy seguro pero creo que es el arc\u00e1ngel San Gabriel pisoteando al diablo.<\/figcaption><\/figure>\n<p>La expresi\u00f3n del diablo me ha parecido muy bien conseguida.<\/p>\n<p><a href=\"http:\/\/felix.ares.fm\/?attachment_id=10805\" rel=\"attachment wp-att-10805\"><img loading=\"lazy\" decoding=\"async\" class=\"aligncenter size-full wp-image-10805\" src=\"http:\/\/felix.ares.fm\/wp-content\/uploads\/2017\/02\/IMG_4938_rrr.jpg\" alt=\"IMG_4938_rrr\" width=\"640\" height=\"424\" srcset=\"https:\/\/felix.ares.fm\/wp-content\/uploads\/2017\/02\/IMG_4938_rrr.jpg 640w, https:\/\/felix.ares.fm\/wp-content\/uploads\/2017\/02\/IMG_4938_rrr-300x199.jpg 300w, https:\/\/felix.ares.fm\/wp-content\/uploads\/2017\/02\/IMG_4938_rrr-30x20.jpg 30w\" sizes=\"auto, (max-width: 640px) 100vw, 640px\" \/><\/a><\/p>\n<p><a href=\"http:\/\/felix.ares.fm\/?attachment_id=10806\" rel=\"attachment wp-att-10806\"><img loading=\"lazy\" decoding=\"async\" class=\"aligncenter size-full wp-image-10806\" src=\"http:\/\/felix.ares.fm\/wp-content\/uploads\/2017\/02\/IMG_4939.jpg\" alt=\"IMG_4939\" width=\"480\" height=\"640\" srcset=\"https:\/\/felix.ares.fm\/wp-content\/uploads\/2017\/02\/IMG_4939.jpg 480w, https:\/\/felix.ares.fm\/wp-content\/uploads\/2017\/02\/IMG_4939-225x300.jpg 225w, https:\/\/felix.ares.fm\/wp-content\/uploads\/2017\/02\/IMG_4939-23x30.jpg 23w\" sizes=\"auto, (max-width: 480px) 100vw, 480px\" \/><\/a><\/p>\n<p>Con esto dimos por concluida nuestra visita a la iglesia concatedral de Alicante.<\/p>\n<p style=\"text-align: center;\">*+*<\/p>\n<div class=\"inline\">\n<p><strong>Nota fotos y texto<\/strong>. Salvo las fotos que tienen un agradecimiento espec\u00edfico, como por ejemplo Wikipedia, son nuestras y las licenciamos con<\/p>\n<p><a href=\"http:\/\/creativecommons.org\/licenses\/by\/3.0\/deed.es_ES\" rel=\"license\"><img decoding=\"async\" src=\"http:\/\/i.creativecommons.org\/l\/by\/3.0\/88x31.png\" alt=\"Licencia de Creative Commons\" \/><\/a><br \/>\n<a href=\"viajes.ares.fm\" rel=\"cc:attributionURL\">F\u00e9lix Ares y Maricarmen Garmendia<\/a>\u00a0is licensed under a\u00a0<a href=\"http:\/\/creativecommons.org\/licenses\/by\/3.0\/deed.es_ES\" rel=\"license\">Creative Commons Reconocimiento 3.0 Unported License<\/a>.<br \/>\nCreado a partir de la obra en\u00a0<a href=\"viajes.ares.fm\" rel=\"dct:source\">felix.ares.fm<\/a>.<\/p>\n<p>Contacto con nosotros; el motivo de que no sea una imagen clara es para evitar que los robots la descubran y nos inunden el buz\u00f3n de basura.<\/p>\n<p><a href=\"http:\/\/felix.ares.fm\/?attachment_id=7476\" rel=\"attachment wp-att-7476\"><img loading=\"lazy\" decoding=\"async\" class=\"aligncenter size-full wp-image-7476\" src=\"http:\/\/felix.ares.fm\/wp-content\/uploads\/2016\/02\/tapas.ares_.fm_.2.jpg\" alt=\"tapas.ares.fm.2\" width=\"703\" height=\"499\" srcset=\"https:\/\/felix.ares.fm\/wp-content\/uploads\/2016\/02\/tapas.ares_.fm_.2.jpg 703w, https:\/\/felix.ares.fm\/wp-content\/uploads\/2016\/02\/tapas.ares_.fm_.2-300x213.jpg 300w\" sizes=\"auto, (max-width: 703px) 100vw, 703px\" \/><\/a>[contact_bank form_id=1 show_title=true show_desc=false]<\/p>\n<p>Si quieren que les avisemos por e-mail de las actualizaciones de esta p\u00e1gina, h\u00e1ganos llegar su direcci\u00f3n de e-mail.<\/p>\n<\/div>\n<p>&nbsp;<\/p>\n","protected":false},"excerpt":{"rendered":"<p>Viernes 27 de enero de 2017 La Asociaci\u00f3n de Jubilados y Pensionistas de Fuengirola organiz\u00f3 un viaje a Benidorm y alrededores. El viaje fue desde el 25 de enero hasta el 29. Esta es la s\u00e9ptima\u00a0entrega de Agenda con el plan de todas las entregas: \u00a0La primera entrega pueden verla AQU\u00cd:\u00a0http:\/\/felix.ares.fm\/?p=10492\u00a0\u00a0(Visi\u00f3n panor\u00e1mica del viaje 1) &hellip; <a href=\"https:\/\/felix.ares.fm\/?p=10787\" class=\"more-link\">Seguir leyendo <span class=\"screen-reader-text\">Asociaci\u00f3n de Jubilados y&#8230; Detalles del viaje a Benidorm, Alicante, Concatedral<\/span> <span class=\"meta-nav\">&rarr;<\/span><\/a><\/p>\n","protected":false},"author":1,"featured_media":0,"comment_status":"closed","ping_status":"open","sticky":false,"template":"","format":"standard","meta":{"footnotes":""},"categories":[865,564,880],"tags":[],"class_list":["post-10787","post","type-post","status-publish","format-standard","hentry","category-alicante","category-asociacion-de-jubilados-y-pensionistas-de-fuengirola","category-concatedral"],"_links":{"self":[{"href":"https:\/\/felix.ares.fm\/index.php?rest_route=\/wp\/v2\/posts\/10787","targetHints":{"allow":["GET"]}}],"collection":[{"href":"https:\/\/felix.ares.fm\/index.php?rest_route=\/wp\/v2\/posts"}],"about":[{"href":"https:\/\/felix.ares.fm\/index.php?rest_route=\/wp\/v2\/types\/post"}],"author":[{"embeddable":true,"href":"https:\/\/felix.ares.fm\/index.php?rest_route=\/wp\/v2\/users\/1"}],"replies":[{"embeddable":true,"href":"https:\/\/felix.ares.fm\/index.php?rest_route=%2Fwp%2Fv2%2Fcomments&post=10787"}],"version-history":[{"count":9,"href":"https:\/\/felix.ares.fm\/index.php?rest_route=\/wp\/v2\/posts\/10787\/revisions"}],"predecessor-version":[{"id":10918,"href":"https:\/\/felix.ares.fm\/index.php?rest_route=\/wp\/v2\/posts\/10787\/revisions\/10918"}],"wp:attachment":[{"href":"https:\/\/felix.ares.fm\/index.php?rest_route=%2Fwp%2Fv2%2Fmedia&parent=10787"}],"wp:term":[{"taxonomy":"category","embeddable":true,"href":"https:\/\/felix.ares.fm\/index.php?rest_route=%2Fwp%2Fv2%2Fcategories&post=10787"},{"taxonomy":"post_tag","embeddable":true,"href":"https:\/\/felix.ares.fm\/index.php?rest_route=%2Fwp%2Fv2%2Ftags&post=10787"}],"curies":[{"name":"wp","href":"https:\/\/api.w.org\/{rel}","templated":true}]}}