{"id":10764,"date":"2017-02-20T09:27:12","date_gmt":"2017-02-20T07:27:12","guid":{"rendered":"http:\/\/felix.ares.fm\/?p=10764"},"modified":"2017-02-25T21:25:48","modified_gmt":"2017-02-25T19:25:48","slug":"asociacion-de-jubilados-y-detalles-del-viaje-a-benidorm-alicante-calle-de-las-setas","status":"publish","type":"post","link":"https:\/\/felix.ares.fm\/?p=10764","title":{"rendered":"Asociaci\u00f3n de Jubilados y&#8230; Detalles del viaje a Benidorm, Alicante, calle de las setas"},"content":{"rendered":"<h4>Viernes 27 de enero de 2017<\/h4>\n<h4>La <a href=\"http:\/\/www.paginasamarillas.es\/f\/fuengirola\/asociacion-de-jubilados-y-pensionistas-de-fuengirola_201362985_000000001.html\">Asociaci\u00f3n de Jubilados y Pensionistas de Fuengirola<\/a> organiz\u00f3 un viaje a Benidorm y alrededores. El viaje fue desde el 25 de enero hasta el 29.<\/h4>\n<p>Esta es la <strong>sexta<\/strong> entrega del viaje.<\/p>\n<p><strong>Agenda con el plan de todas las entregas:<\/strong> \u00a0La <span style=\"color: #ff00ff;\">primera<\/span> entrega pueden verla AQU\u00cd:<a href=\"http:\/\/felix.ares.fm\/?p=10492\" target=\"_blank\">\u00a0http:\/\/felix.ares.fm\/?p=10492\u00a0\u00a0<\/a>(Visi\u00f3n panor\u00e1mica del viaje 1) La <span style=\"color: #ff00ff;\">segunda<\/span> aqu\u00ed:<a href=\"http:\/\/felix.ares.fm\/?p=10564\" target=\"_blank\">\u00a0http:\/\/felix.ares.fm\/?p=10564<\/a>\u00a0(Visi\u00f3n Panor\u00e1mica del viaje 2). La <span style=\"color: #ff00ff;\">tercera<\/span> aqu\u00ed:\u00a0<a href=\"http:\/\/felix.ares.fm\/?p=10608\" target=\"_blank\">http:\/\/felix.ares.fm\/?p=10608<\/a>\u00a0(Ayuntamiento de Alicante y el San Ju\u00e1n de Dal\u00ed). La <span style=\"color: #ff00ff;\">cuarta<\/span> aqu\u00ed:<a href=\"http:\/\/felix.ares.fm\/?p=10722\" target=\"_blank\"> http:\/\/felix.ares.fm\/?p=10722<\/a> (Museo de las hogueras). La <span style=\"color: #ff00ff;\">quinta<\/span>: <a href=\"http:\/\/felix.ares.fm\/?p=10674\">http:\/\/felix.ares.fm\/?p=10674\u00a0<\/a>(Villajoyosa, f\u00e1brica de chocolates Valor). La <span style=\"color: #ff00ff;\">sexta<\/span>:<a href=\"http:\/\/felix.ares.fm\/?p=10764\" target=\"_blank\"> http:\/\/felix.ares.fm\/?p=10764<\/a> (parque infantil calle de las setas). La <span style=\"color: #ff00ff;\">s\u00e9ptima<\/span>\u00a0: <a href=\"http:\/\/felix.ares.fm\/?p=10787\" target=\"_blank\">http:\/\/felix.ares.fm\/?p=10787\u00a0<\/a> \u00a0\u00a0(Iglesia concatedral de San Nicol\u00e1s). La <span style=\"color: #ff00ff;\">octava<\/span>:<a href=\"http:\/\/felix.ares.fm\/?p=10814\" target=\"_blank\">\u00a0http:\/\/felix.ares.fm\/?p=10814<\/a> (Monumento al r\u00edo Turia en Valencia). <span style=\"color: #ff00ff;\">Novena<\/span>:\u00a0<a href=\"http:\/\/felix.ares.fm\/?p=10848\" target=\"_blank\">http:\/\/felix.ares.fm\/?p=10848<\/a> (Guadalest). <span style=\"color: #ff00ff;\">D\u00e9cima y \u00faltima<\/span>:<a href=\"http:\/\/felix.ares.fm\/?p=10888\" target=\"_blank\">\u00a0http:\/\/felix.ares.fm\/?p=10888<\/a> (Nuestro grupo).<\/p>\n<p><span style=\"color: #ff0000;\"><strong>UN PARQUE INFANTIL QUE OCUPA TODA UNA CALLE: LA CALLE DE LAS SETAS<\/strong><\/span><\/p>\n<p>La calle de San Francisco \u00faltimamente todo el mundo en Alicante la llama la calle de las setas. Las culpables de ese cambio de nombre es un parque infantil, constituido por setas con cierto aire de ninots, que se han instalado en la calle.<\/p>\n<figure id=\"attachment_10766\" aria-describedby=\"caption-attachment-10766\" style=\"width: 640px\" class=\"wp-caption aligncenter\"><a href=\"http:\/\/felix.ares.fm\/?attachment_id=10766\" rel=\"attachment wp-att-10766\"><img loading=\"lazy\" decoding=\"async\" class=\"size-full wp-image-10766\" src=\"http:\/\/felix.ares.fm\/wp-content\/uploads\/2017\/02\/IMG_4903.jpg\" alt=\"Calle San Francisco\" width=\"640\" height=\"480\" srcset=\"https:\/\/felix.ares.fm\/wp-content\/uploads\/2017\/02\/IMG_4903.jpg 640w, https:\/\/felix.ares.fm\/wp-content\/uploads\/2017\/02\/IMG_4903-300x225.jpg 300w\" sizes=\"auto, (max-width: 640px) 100vw, 640px\" \/><\/a><figcaption id=\"caption-attachment-10766\" class=\"wp-caption-text\">Calle San Francisco<\/figcaption><\/figure>\n<figure id=\"attachment_10767\" aria-describedby=\"caption-attachment-10767\" style=\"width: 462px\" class=\"wp-caption aligncenter\"><a href=\"http:\/\/felix.ares.fm\/?attachment_id=10767\" rel=\"attachment wp-att-10767\"><img loading=\"lazy\" decoding=\"async\" class=\"size-full wp-image-10767\" src=\"http:\/\/felix.ares.fm\/wp-content\/uploads\/2017\/02\/IMG_4902_bb_r.jpg\" alt=\"En la calle se han plantado gigantescas setas con aire de ninots.\" width=\"462\" height=\"623\" srcset=\"https:\/\/felix.ares.fm\/wp-content\/uploads\/2017\/02\/IMG_4902_bb_r.jpg 462w, https:\/\/felix.ares.fm\/wp-content\/uploads\/2017\/02\/IMG_4902_bb_r-222x300.jpg 222w\" sizes=\"auto, (max-width: 462px) 100vw, 462px\" \/><\/a><figcaption id=\"caption-attachment-10767\" class=\"wp-caption-text\">En la calle se han plantado gigantescas setas con aire de ninots. En primer plano el juego de la rayuela.<\/figcaption><\/figure>\n<p>El parque fue construido durante el mandato de la famosa alcaldesa Sonia Castedo, que tuvo que dimitir por estar investigada en varios casos de corrupci\u00f3n. El parque, que a m\u00f1i me parece interesante, pues se ha convertido en una atracci\u00f3n tur\u00edstica, no ha satisfecho a todos los alicantinos pues ha costado 70 000\u20ac.<\/p>\n<p>Pero a mi, el parque me gusta.<\/p>\n<p>Las setas tienen caras.<\/p>\n<figure id=\"attachment_10771\" aria-describedby=\"caption-attachment-10771\" style=\"width: 480px\" class=\"wp-caption aligncenter\"><a href=\"http:\/\/felix.ares.fm\/?attachment_id=10771\" rel=\"attachment wp-att-10771\"><img loading=\"lazy\" decoding=\"async\" class=\"wp-image-10771 size-full\" src=\"http:\/\/felix.ares.fm\/wp-content\/uploads\/2017\/02\/IMG_4908.jpg\" alt=\"IMG_4908\" width=\"480\" height=\"640\" srcset=\"https:\/\/felix.ares.fm\/wp-content\/uploads\/2017\/02\/IMG_4908.jpg 480w, https:\/\/felix.ares.fm\/wp-content\/uploads\/2017\/02\/IMG_4908-225x300.jpg 225w\" sizes=\"auto, (max-width: 480px) 100vw, 480px\" \/><\/a><figcaption id=\"caption-attachment-10771\" class=\"wp-caption-text\">Fijense en la seta-casita de la derecha, \u00bfa que les entra ganas de entrar dentro?<\/figcaption><\/figure>\n<p><a href=\"http:\/\/felix.ares.fm\/?attachment_id=10768\" rel=\"attachment wp-att-10768\"><img loading=\"lazy\" decoding=\"async\" class=\"aligncenter size-full wp-image-10768\" src=\"http:\/\/felix.ares.fm\/wp-content\/uploads\/2017\/02\/IMG_4905.jpg\" alt=\"IMG_4905\" width=\"640\" height=\"480\" srcset=\"https:\/\/felix.ares.fm\/wp-content\/uploads\/2017\/02\/IMG_4905.jpg 640w, https:\/\/felix.ares.fm\/wp-content\/uploads\/2017\/02\/IMG_4905-300x225.jpg 300w\" sizes=\"auto, (max-width: 640px) 100vw, 640px\" \/><\/a> <a href=\"http:\/\/felix.ares.fm\/?attachment_id=10769\" rel=\"attachment wp-att-10769\"><img loading=\"lazy\" decoding=\"async\" class=\"aligncenter size-full wp-image-10769\" src=\"http:\/\/felix.ares.fm\/wp-content\/uploads\/2017\/02\/IMG_4906.jpg\" alt=\"IMG_4906\" width=\"480\" height=\"640\" srcset=\"https:\/\/felix.ares.fm\/wp-content\/uploads\/2017\/02\/IMG_4906.jpg 480w, https:\/\/felix.ares.fm\/wp-content\/uploads\/2017\/02\/IMG_4906-225x300.jpg 225w\" sizes=\"auto, (max-width: 480px) 100vw, 480px\" \/><\/a> <a href=\"http:\/\/felix.ares.fm\/?attachment_id=10770\" rel=\"attachment wp-att-10770\"><img loading=\"lazy\" decoding=\"async\" class=\"aligncenter size-full wp-image-10770\" src=\"http:\/\/felix.ares.fm\/wp-content\/uploads\/2017\/02\/IMG_4907.jpg\" alt=\"IMG_4907\" width=\"640\" height=\"480\" srcset=\"https:\/\/felix.ares.fm\/wp-content\/uploads\/2017\/02\/IMG_4907.jpg 640w, https:\/\/felix.ares.fm\/wp-content\/uploads\/2017\/02\/IMG_4907-300x225.jpg 300w\" sizes=\"auto, (max-width: 640px) 100vw, 640px\" \/><\/a><\/p>\n<p>&nbsp;<\/p>\n<figure id=\"attachment_10772\" aria-describedby=\"caption-attachment-10772\" style=\"width: 640px\" class=\"wp-caption aligncenter\"><a href=\"http:\/\/felix.ares.fm\/?attachment_id=10772\" rel=\"attachment wp-att-10772\"><img loading=\"lazy\" decoding=\"async\" class=\"size-full wp-image-10772\" src=\"http:\/\/felix.ares.fm\/wp-content\/uploads\/2017\/02\/IMG_4909_sc.jpg\" alt=\"No solo los ni\u00f1os disfrutan de las casa-seta\" width=\"640\" height=\"480\" srcset=\"https:\/\/felix.ares.fm\/wp-content\/uploads\/2017\/02\/IMG_4909_sc.jpg 640w, https:\/\/felix.ares.fm\/wp-content\/uploads\/2017\/02\/IMG_4909_sc-300x225.jpg 300w\" sizes=\"auto, (max-width: 640px) 100vw, 640px\" \/><\/a><figcaption id=\"caption-attachment-10772\" class=\"wp-caption-text\">No solo los ni\u00f1os disfrutan de las casa-seta.<\/figcaption><\/figure>\n<p><a href=\"http:\/\/felix.ares.fm\/?attachment_id=10773\" rel=\"attachment wp-att-10773\"><img loading=\"lazy\" decoding=\"async\" class=\"aligncenter size-full wp-image-10773\" src=\"http:\/\/felix.ares.fm\/wp-content\/uploads\/2017\/02\/IMG_4911_sc.jpg\" alt=\"IMG_4911_sc\" width=\"640\" height=\"480\" srcset=\"https:\/\/felix.ares.fm\/wp-content\/uploads\/2017\/02\/IMG_4911_sc.jpg 640w, https:\/\/felix.ares.fm\/wp-content\/uploads\/2017\/02\/IMG_4911_sc-300x225.jpg 300w\" sizes=\"auto, (max-width: 640px) 100vw, 640px\" \/><\/a><\/p>\n<p><a href=\"http:\/\/felix.ares.fm\/?attachment_id=10775\" rel=\"attachment wp-att-10775\"><img loading=\"lazy\" decoding=\"async\" class=\"aligncenter size-full wp-image-10775\" src=\"http:\/\/felix.ares.fm\/wp-content\/uploads\/2017\/02\/IMG_4913_rc.jpg\" alt=\"IMG_4913_rc\" width=\"480\" height=\"640\" \/><\/a><a href=\"http:\/\/felix.ares.fm\/?attachment_id=10776\" rel=\"attachment wp-att-10776\"><img loading=\"lazy\" decoding=\"async\" class=\"aligncenter size-full wp-image-10776\" src=\"http:\/\/felix.ares.fm\/wp-content\/uploads\/2017\/02\/IMG_4916_bb.jpg\" alt=\"IMG_4916_bb\" width=\"480\" height=\"640\" srcset=\"https:\/\/felix.ares.fm\/wp-content\/uploads\/2017\/02\/IMG_4916_bb.jpg 480w, https:\/\/felix.ares.fm\/wp-content\/uploads\/2017\/02\/IMG_4916_bb-225x300.jpg 225w\" sizes=\"auto, (max-width: 480px) 100vw, 480px\" \/><\/a><\/p>\n<p><a href=\"http:\/\/felix.ares.fm\/?attachment_id=10777\" rel=\"attachment wp-att-10777\"><img loading=\"lazy\" decoding=\"async\" class=\"aligncenter size-full wp-image-10777\" src=\"http:\/\/felix.ares.fm\/wp-content\/uploads\/2017\/02\/IMG_4917_bb.jpg\" alt=\"IMG_4917_bb\" width=\"480\" height=\"640\" srcset=\"https:\/\/felix.ares.fm\/wp-content\/uploads\/2017\/02\/IMG_4917_bb.jpg 480w, https:\/\/felix.ares.fm\/wp-content\/uploads\/2017\/02\/IMG_4917_bb-225x300.jpg 225w\" sizes=\"auto, (max-width: 480px) 100vw, 480px\" \/><\/a><\/p>\n<figure id=\"attachment_10778\" aria-describedby=\"caption-attachment-10778\" style=\"width: 640px\" class=\"wp-caption aligncenter\"><a href=\"http:\/\/felix.ares.fm\/?attachment_id=10778\" rel=\"attachment wp-att-10778\"><img loading=\"lazy\" decoding=\"async\" class=\"size-full wp-image-10778\" src=\"http:\/\/felix.ares.fm\/wp-content\/uploads\/2017\/02\/IMG_4918_rc.jpg\" alt=\"Un gusano nos mira con cara divertida desde la cima de una Amanita muscaria.\" width=\"640\" height=\"480\" srcset=\"https:\/\/felix.ares.fm\/wp-content\/uploads\/2017\/02\/IMG_4918_rc.jpg 640w, https:\/\/felix.ares.fm\/wp-content\/uploads\/2017\/02\/IMG_4918_rc-300x225.jpg 300w\" sizes=\"auto, (max-width: 640px) 100vw, 640px\" \/><\/a><figcaption id=\"caption-attachment-10778\" class=\"wp-caption-text\"><em>Un gusano nos mira con cara divertida desde la cima de una<\/em> <a href=\"https:\/\/hotlatinmusic.wordpress.com\/2013\/03\/04\/sabes-como-se-llaman-los-hongos-de-los-pitufos\/\" target=\"_blank\">Amanita muscaria<\/a>.<\/figcaption><\/figure>\n<p style=\"text-align: center;\"><span id=\"transmark\" style=\"display: none; width: 0px; height: 0px;\"><\/span>*+*<\/p>\n<div class=\"inline\">\n<p><strong>Nota fotos y texto<\/strong>. Salvo las fotos que tienen un agradecimiento espec\u00edfico, como por ejemplo Wikipedia, son nuestras y las licenciamos con<\/p>\n<p><a href=\"http:\/\/creativecommons.org\/licenses\/by\/3.0\/deed.es_ES\" rel=\"license\"><img decoding=\"async\" src=\"http:\/\/i.creativecommons.org\/l\/by\/3.0\/88x31.png\" alt=\"Licencia de Creative Commons\" \/><\/a><br \/>\n<a href=\"viajes.ares.fm\" rel=\"cc:attributionURL\">F\u00e9lix Ares y Maricarmen Garmendia<\/a>\u00a0is licensed under a\u00a0<a href=\"http:\/\/creativecommons.org\/licenses\/by\/3.0\/deed.es_ES\" rel=\"license\">Creative Commons Reconocimiento 3.0 Unported License<\/a>.<br \/>\nCreado a partir de la obra en\u00a0<a href=\"viajes.ares.fm\" rel=\"dct:source\">felix.ares.fm<\/a>.<\/p>\n<p>Contacto con nosotros; el motivo de que no sea una imagen clara es para evitar que los robots la descubran y nos inunden el buz\u00f3n de basura.<\/p>\n<p><a href=\"http:\/\/felix.ares.fm\/?attachment_id=7476\" rel=\"attachment wp-att-7476\"><img loading=\"lazy\" decoding=\"async\" class=\"aligncenter size-full wp-image-7476\" src=\"http:\/\/felix.ares.fm\/wp-content\/uploads\/2016\/02\/tapas.ares_.fm_.2.jpg\" alt=\"tapas.ares.fm.2\" width=\"703\" height=\"499\" srcset=\"https:\/\/felix.ares.fm\/wp-content\/uploads\/2016\/02\/tapas.ares_.fm_.2.jpg 703w, https:\/\/felix.ares.fm\/wp-content\/uploads\/2016\/02\/tapas.ares_.fm_.2-300x213.jpg 300w\" sizes=\"auto, (max-width: 703px) 100vw, 703px\" \/><\/a>[contact_bank form_id=1 show_title=true show_desc=false]<\/p>\n<p>Si quieren que les avisemos por e-mail de las actualizaciones de esta p\u00e1gina, h\u00e1ganos llegar su direcci\u00f3n de e-mail.<\/p>\n<\/div>\n<p>&nbsp;<\/p>\n","protected":false},"excerpt":{"rendered":"<p>Viernes 27 de enero de 2017 La Asociaci\u00f3n de Jubilados y Pensionistas de Fuengirola organiz\u00f3 un viaje a Benidorm y alrededores. El viaje fue desde el 25 de enero hasta el 29. Esta es la sexta entrega del viaje. Agenda con el plan de todas las entregas: \u00a0La primera entrega pueden verla AQU\u00cd:\u00a0http:\/\/felix.ares.fm\/?p=10492\u00a0\u00a0(Visi\u00f3n panor\u00e1mica del &hellip; <a href=\"https:\/\/felix.ares.fm\/?p=10764\" class=\"more-link\">Seguir leyendo <span class=\"screen-reader-text\">Asociaci\u00f3n de Jubilados y&#8230; Detalles del viaje a Benidorm, Alicante, calle de las setas<\/span> <span class=\"meta-nav\">&rarr;<\/span><\/a><\/p>\n","protected":false},"author":1,"featured_media":0,"comment_status":"closed","ping_status":"open","sticky":false,"template":"","format":"standard","meta":{"footnotes":""},"categories":[865,564,879],"tags":[],"class_list":["post-10764","post","type-post","status-publish","format-standard","hentry","category-alicante","category-asociacion-de-jubilados-y-pensionistas-de-fuengirola","category-calle-de-las-setas-san-francisco"],"_links":{"self":[{"href":"https:\/\/felix.ares.fm\/index.php?rest_route=\/wp\/v2\/posts\/10764","targetHints":{"allow":["GET"]}}],"collection":[{"href":"https:\/\/felix.ares.fm\/index.php?rest_route=\/wp\/v2\/posts"}],"about":[{"href":"https:\/\/felix.ares.fm\/index.php?rest_route=\/wp\/v2\/types\/post"}],"author":[{"embeddable":true,"href":"https:\/\/felix.ares.fm\/index.php?rest_route=\/wp\/v2\/users\/1"}],"replies":[{"embeddable":true,"href":"https:\/\/felix.ares.fm\/index.php?rest_route=%2Fwp%2Fv2%2Fcomments&post=10764"}],"version-history":[{"count":2,"href":"https:\/\/felix.ares.fm\/index.php?rest_route=\/wp\/v2\/posts\/10764\/revisions"}],"predecessor-version":[{"id":10917,"href":"https:\/\/felix.ares.fm\/index.php?rest_route=\/wp\/v2\/posts\/10764\/revisions\/10917"}],"wp:attachment":[{"href":"https:\/\/felix.ares.fm\/index.php?rest_route=%2Fwp%2Fv2%2Fmedia&parent=10764"}],"wp:term":[{"taxonomy":"category","embeddable":true,"href":"https:\/\/felix.ares.fm\/index.php?rest_route=%2Fwp%2Fv2%2Fcategories&post=10764"},{"taxonomy":"post_tag","embeddable":true,"href":"https:\/\/felix.ares.fm\/index.php?rest_route=%2Fwp%2Fv2%2Ftags&post=10764"}],"curies":[{"name":"wp","href":"https:\/\/api.w.org\/{rel}","templated":true}]}}