{"id":10722,"date":"2017-02-20T09:26:12","date_gmt":"2017-02-20T07:26:12","guid":{"rendered":"http:\/\/felix.ares.fm\/?p=10722"},"modified":"2017-02-25T21:23:59","modified_gmt":"2017-02-25T19:23:59","slug":"asociacion-de-jubilados-y-detalles-del-viaje-a-benidorm-alicante-museo-de-las-hogueras","status":"publish","type":"post","link":"https:\/\/felix.ares.fm\/?p=10722","title":{"rendered":"Asociaci\u00f3n de Jubilados y&#8230; Detalles del viaje a Benidorm, Alicante, museo de las hogueras"},"content":{"rendered":"<h4>Viernes 27 de enero de 2017<\/h4>\n<h4>La <a href=\"http:\/\/www.paginasamarillas.es\/f\/fuengirola\/asociacion-de-jubilados-y-pensionistas-de-fuengirola_201362985_000000001.html\">Asociaci\u00f3n de Jubilados y Pensionistas de Fuengirola<\/a> organiz\u00f3 un viaje a Benidorm y alrededores. El viaje fue desde el 25 de enero hasta el 29.<\/h4>\n<p>Esta es la <strong>cuarta<\/strong>\u00a0entrega de<\/p>\n<p><strong>Agenda con el plan de todas las entregas:<\/strong> \u00a0La <span style=\"color: #ff00ff;\">primera<\/span> entrega pueden verla AQU\u00cd:<a href=\"http:\/\/felix.ares.fm\/?p=10492\" target=\"_blank\">\u00a0http:\/\/felix.ares.fm\/?p=10492\u00a0\u00a0<\/a>(Visi\u00f3n panor\u00e1mica del viaje 1) La <span style=\"color: #ff00ff;\">segunda<\/span> aqu\u00ed:<a href=\"http:\/\/felix.ares.fm\/?p=10564\" target=\"_blank\">\u00a0http:\/\/felix.ares.fm\/?p=10564<\/a>\u00a0(Visi\u00f3n Panor\u00e1mica del viaje 2). La <span style=\"color: #ff00ff;\">tercera<\/span> aqu\u00ed:\u00a0<a href=\"http:\/\/felix.ares.fm\/?p=10608\" target=\"_blank\">http:\/\/felix.ares.fm\/?p=10608<\/a>\u00a0(Ayuntamiento de Alicante y el San Ju\u00e1n de Dal\u00ed). La <span style=\"color: #ff00ff;\">cuarta<\/span> aqu\u00ed:<a href=\"http:\/\/felix.ares.fm\/?p=10722\" target=\"_blank\"> http:\/\/felix.ares.fm\/?p=10722<\/a> (Museo de las hogueras). La <span style=\"color: #ff00ff;\">quinta<\/span>: <a href=\"http:\/\/felix.ares.fm\/?p=10674\">http:\/\/felix.ares.fm\/?p=10674\u00a0<\/a>(Villajoyosa, f\u00e1brica de chocolates Valor). La <span style=\"color: #ff00ff;\">sexta<\/span>:<a href=\"http:\/\/felix.ares.fm\/?p=10764\" target=\"_blank\"> http:\/\/felix.ares.fm\/?p=10764<\/a> (parque infantil calle de las setas). La <span style=\"color: #ff00ff;\">s\u00e9ptima<\/span>\u00a0 : \u00a0 <a href=\"http:\/\/felix.ares.fm\/?p=10787\" target=\"_blank\">\u00a0http:\/\/felix.ares.fm\/?p=10787 <\/a>(Iglesia concatedral de San Nicol\u00e1s). La <span style=\"color: #ff00ff;\">octava<\/span>:<a href=\"http:\/\/felix.ares.fm\/?p=10814\" target=\"_blank\">\u00a0http:\/\/felix.ares.fm\/?p=10814<\/a> (Monumento al r\u00edo Turia en Valencia). <span style=\"color: #ff00ff;\">Novena<\/span>:\u00a0<a href=\"http:\/\/felix.ares.fm\/?p=10848\" target=\"_blank\">http:\/\/felix.ares.fm\/?p=10848<\/a> (Guadalest). <span style=\"color: #ff00ff;\">D\u00e9cima y \u00faltima<\/span>:<a href=\"http:\/\/felix.ares.fm\/?p=10888\" target=\"_blank\">\u00a0http:\/\/felix.ares.fm\/?p=10888<\/a> (Nuestro grupo).<\/p>\n<p><span style=\"color: #ff0000;\"><strong>LOS FUEGOS DEL SOLSTICIO DE VERANO<\/strong><\/span><\/p>\n<p>El solsticio de verano marca el momento del a\u00f1o en el que el Sol est\u00e1 m\u00e1s alto en su recorrido de este a oeste. Concretamente, cuando el Sol pasa por el meridiano (las doce del mediod\u00eda solares), o dicho de otro modo, en el momento que el Sol est\u00e1 exactamente en el meridiano que marca el sur, est\u00e1 m\u00e1s alto que ning\u00fan otro d\u00eda. Hablando desde el hemisferio norte, en el Tr\u00f3pico de C\u00e1ncer el Sol est\u00e1 vertical. No puede estar m\u00e1s alto. De echo ese d\u00eda, el sol ilumina el fondo de los pozos de agua.<\/p>\n<p>Por otro lado, nuestra vida moderna, dentro de las ciudades, ha hecho que no veamos toda la trayectoria del sol; pero no hace muchos a\u00f1os, cuando la mayor parte de la poblaci\u00f3n trabajaba en el campo, ve\u00edan amanecer todos los d\u00edas y ve\u00edan que desde el 21 de diciembre, en el que el sol sale lo m\u00e1s a la izquierda posible (izquierda en el hemisferio norte), el sol cada d\u00eda sale m\u00e1s hacia la derecha, m\u00e1s a la derecha, m\u00e1s a la derecha,&#8230; y cuanto m\u00e1s a la derecha, m\u00e1s calor, m\u00e1s canciones de p\u00e1jaros, m\u00e1s abundancia de vida; pero llega un d\u00eda, aproximadamente el 21 de junio, en el que el sol deja de ir a la derecha; se para &#8211;de ah\u00ed el nombre de solsticio: sol est\u00e1tico, sol parado)&#8211; y empieza ir hacia la izquierda. El sol empieza a estar menos alto en el horizonte, cada vez m\u00e1s bajo y van pasando los meses, hasta que seis meses despu\u00e9s est\u00e1 en su punto m\u00e1s bajo.<\/p>\n<p>Hay un hecho interesante, saber exactamente el d\u00eda en que el sol cambia de direcci\u00f3n en su salida (pasarde ir hacia la derecha a ir hacia la izquierda) no es sencillo, pues en los alrededores del 21 de junio hay muchos d\u00edas que est\u00e1 quieto &#8211;est\u00e1tico&#8211;. Por eso,\u00a0 San Juan &#8211;el 24 de junio&#8211; es una fiesta solsticial.<\/p>\n<p>En muchas parte de Europa se celebra la noche de San Juan (a veces la noche del 23 al 24 de junio y en otros lugares la noche del 24 al 25) que es un fiesta solsticial&#8211;, es decir es una fiesta que tendr\u00eda que celebrarse unos d\u00edas antes.<\/p>\n<p>En la prehistoria, al ver que el Sol empezaba a disminuir su altura &#8211;hasta cierto punto empezaba a morir un poco&#8211; se le animaba a sobrevivir, a durar m\u00e1s en las alturas, encendiendo hogueras.<\/p>\n<p>Y es de esa tradici\u00f3n de las<a href=\"https:\/\/es.wikipedia.org\/wiki\/Solsticio_de_verano\" target=\"_blank\"> hogueras solsticiales<\/a> de donde procede la costumbre de las hogueras de San Juan.<\/p>\n<p>Hoy, toda la costa est\u00e1 iluminada con luz artificial, pero si hubi\u00e9ramos podido sacar una foto espacial hace doscientos a\u00f1os, habr\u00edamos visto que la noche del 23 y la noche el 24 &#8211;pues ya hemos dicho que no se ponen de acuerdo&#8211; se ver\u00edan luces rodeando el Mediterr\u00e1neo y en algunos lugares del norte de Europa.<\/p>\n<figure id=\"attachment_10726\" aria-describedby=\"caption-attachment-10726\" style=\"width: 755px\" class=\"wp-caption aligncenter\"><a href=\"http:\/\/felix.ares.fm\/?attachment_id=10726\" rel=\"attachment wp-att-10726\"><img loading=\"lazy\" decoding=\"async\" class=\"size-full wp-image-10726\" src=\"http:\/\/felix.ares.fm\/wp-content\/uploads\/2017\/02\/Fogueres-de-Sant-Joan.jpg\" alt=\" Foguera a la platja del Postiguet, Alacant a la nit de Sant Joan. Autor: Illes Sant Jordi. Creative Commons Attribution-Share Alike 4.0 International\" width=\"755\" height=\"425\" srcset=\"https:\/\/felix.ares.fm\/wp-content\/uploads\/2017\/02\/Fogueres-de-Sant-Joan.jpg 755w, https:\/\/felix.ares.fm\/wp-content\/uploads\/2017\/02\/Fogueres-de-Sant-Joan-300x169.jpg 300w\" sizes=\"auto, (max-width: 755px) 100vw, 755px\" \/><\/a><figcaption id=\"caption-attachment-10726\" class=\"wp-caption-text\">Foguera a la platja del Postiguet, Alacant a la nit de Sant Joan. Autor: Illes Sant Jordi. Creative Commons Attribution-Share Alike 4.0 International. Gentiliza de Wikimedia.<\/figcaption><\/figure>\n<p><strong><span style=\"color: #ff0000;\">EL DESCUIDO QUE DIO ORIGEN A LA TRADICI\u00d3N DE LOS FUEGOS DE SAN JUAN EN LA CAPITAL DE ALICANTE<\/span><\/strong><\/p>\n<p>En la provincia de Alicante, cuyo patr\u00f3n era San Juan, se celebraba habitualmente las hogueras. Esa noche se quemaban muebles viejos, maderas sobrantes, etc. Tambi\u00e9n hab\u00eda un simbolismo de que con el fuego se destru\u00edan los males. En principio era una fiesta del campo, pero pronto lleg\u00f3 a las ciudades, donde siempre estaba el peligro del fuego. En 1822, un bando del alcalde de Alicante dice:\u00a0\u201c\u2026que no se enciendan hogueras en las calles, ni menos se disparen tiros ni cohetes en la noche de San Juan y sucesivas, bajo multa de 20 a 100 Reales\u201d (Visto aqu\u00ed: <a href=\"http:\/\/www.turismodealicante.com\/historia\/hogueras-de-san-juan-alicante-origenes.htm\" target=\"_blank\">http:\/\/www.turismodealicante.com\/historia\/hogueras-de-san-juan-alicante-origenes.htm<\/a>l). La prohibici\u00f3n se repet\u00eda todos los a\u00f1os, pero<span style=\"color: #ff0000;\"> por descuido<\/span> NO SE PUBLIC\u00d3 EN 1881 y a gente aprovech\u00f3 no solo para hacer las hogueras tradicionales sino para a\u00f1adir algunas novedades, fiesta, m\u00fasica y para criticar a algunas personas hicieron im\u00e1genes de ellas (los <a href=\"https:\/\/es.wikipedia.org\/wiki\/Ninot\" target=\"_blank\">ninots<\/a>) que terminaban arrojando a la hoguera como castigo. (Datos de:<a href=\"https:\/\/es.wikipedia.org\/wiki\/Hogueras_de_Alicante\" target=\"_blank\"> https:\/\/es.wikipedia.org\/wiki\/Hogueras_de_Alicante<\/a>).<\/p>\n<p>En Valencia las fallas se estaban haciendo famosas y dado que en Alicante hab\u00eda algo parecido se decidi\u00f3 darles oficialidad y en 1928 se celebr\u00f3 la primera \u00abhoguera de San Juan\u00bb oficial, con todas las bendiciones del ayuntamiento, y con ninots. Los artistas cada vez se esforzaban m\u00e1s en que sus ninots fueran interesantes y se decidi\u00f3 que uno de ellos al a\u00f1o no fuera quemado, se le indultaba.<\/p>\n<p><span style=\"color: #ff0000;\"><strong>EL MUSEO DE LAS HOGUERAS<\/strong><\/span><\/p>\n<p>Con los ninots indultados, m\u00e1s carteles e historias de la \u00e9poca,\u00a0 se ha creado el MUSEO DE LAS HOGUERAS, que se puede visitar gratuitamente en Alicante. A continuaci\u00f3n unas fotos de nuestra visita.<\/p>\n<figure id=\"attachment_10728\" aria-describedby=\"caption-attachment-10728\" style=\"width: 640px\" class=\"wp-caption aligncenter\"><a href=\"http:\/\/felix.ares.fm\/?attachment_id=10728\" rel=\"attachment wp-att-10728\"><img loading=\"lazy\" decoding=\"async\" class=\"size-full wp-image-10728\" src=\"http:\/\/felix.ares.fm\/wp-content\/uploads\/2017\/02\/IMG_4868.jpg\" alt=\"Entrando al Museo de las Hogueras.\" width=\"640\" height=\"480\" srcset=\"https:\/\/felix.ares.fm\/wp-content\/uploads\/2017\/02\/IMG_4868.jpg 640w, https:\/\/felix.ares.fm\/wp-content\/uploads\/2017\/02\/IMG_4868-300x225.jpg 300w\" sizes=\"auto, (max-width: 640px) 100vw, 640px\" \/><\/a><figcaption id=\"caption-attachment-10728\" class=\"wp-caption-text\">Entrando al Museo de las Hogueras.<\/figcaption><\/figure>\n<p>Al entrar nos reciben unos ninots gigantescos:<\/p>\n<figure id=\"attachment_10729\" aria-describedby=\"caption-attachment-10729\" style=\"width: 640px\" class=\"wp-caption aligncenter\"><a href=\"http:\/\/felix.ares.fm\/?attachment_id=10729\" rel=\"attachment wp-att-10729\"><img loading=\"lazy\" decoding=\"async\" class=\"size-full wp-image-10729\" src=\"http:\/\/felix.ares.fm\/wp-content\/uploads\/2017\/02\/IMG_4870.jpg\" alt=\"Gigantes a la entrada.\" width=\"640\" height=\"480\" srcset=\"https:\/\/felix.ares.fm\/wp-content\/uploads\/2017\/02\/IMG_4870.jpg 640w, https:\/\/felix.ares.fm\/wp-content\/uploads\/2017\/02\/IMG_4870-300x225.jpg 300w\" sizes=\"auto, (max-width: 640px) 100vw, 640px\" \/><\/a><figcaption id=\"caption-attachment-10729\" class=\"wp-caption-text\">Gigantes a la entrada.<\/figcaption><\/figure>\n<figure id=\"attachment_10730\" aria-describedby=\"caption-attachment-10730\" style=\"width: 640px\" class=\"wp-caption aligncenter\"><a href=\"http:\/\/felix.ares.fm\/?attachment_id=10730\" rel=\"attachment wp-att-10730\"><img loading=\"lazy\" decoding=\"async\" class=\"size-full wp-image-10730\" src=\"http:\/\/felix.ares.fm\/wp-content\/uploads\/2017\/02\/IMG_4872.jpg\" alt=\"La se\u00f1alizaci\u00f3n nos dice c\u00f3mo visitar el museo.\" width=\"640\" height=\"480\" srcset=\"https:\/\/felix.ares.fm\/wp-content\/uploads\/2017\/02\/IMG_4872.jpg 640w, https:\/\/felix.ares.fm\/wp-content\/uploads\/2017\/02\/IMG_4872-300x225.jpg 300w\" sizes=\"auto, (max-width: 640px) 100vw, 640px\" \/><\/a><figcaption id=\"caption-attachment-10730\" class=\"wp-caption-text\">La se\u00f1alizaci\u00f3n nos dice c\u00f3mo visitar el museo.<\/figcaption><\/figure>\n<figure id=\"attachment_10731\" aria-describedby=\"caption-attachment-10731\" style=\"width: 480px\" class=\"wp-caption aligncenter\"><a href=\"http:\/\/felix.ares.fm\/?attachment_id=10731\" rel=\"attachment wp-att-10731\"><img loading=\"lazy\" decoding=\"async\" class=\"size-full wp-image-10731\" src=\"http:\/\/felix.ares.fm\/wp-content\/uploads\/2017\/02\/IMG_4873-e1487670677119.jpg\" alt=\"Uno de los ninots indultados.\" width=\"480\" height=\"640\" srcset=\"https:\/\/felix.ares.fm\/wp-content\/uploads\/2017\/02\/IMG_4873-e1487670677119.jpg 480w, https:\/\/felix.ares.fm\/wp-content\/uploads\/2017\/02\/IMG_4873-e1487670677119-225x300.jpg 225w\" sizes=\"auto, (max-width: 480px) 100vw, 480px\" \/><\/a><figcaption id=\"caption-attachment-10731\" class=\"wp-caption-text\">Uno de los ninots indultados.<\/figcaption><\/figure>\n<figure id=\"attachment_10732\" aria-describedby=\"caption-attachment-10732\" style=\"width: 640px\" class=\"wp-caption aligncenter\"><a href=\"http:\/\/felix.ares.fm\/?attachment_id=10732\" rel=\"attachment wp-att-10732\"><img loading=\"lazy\" decoding=\"async\" class=\"size-full wp-image-10732\" src=\"http:\/\/felix.ares.fm\/wp-content\/uploads\/2017\/02\/IMG_4881.jpg\" alt=\"Normalmente los ninots tienen la indicaci\u00f1on de queel a\u00f1o de su indulto y del artista que los cre\u00f3.\" width=\"640\" height=\"480\" srcset=\"https:\/\/felix.ares.fm\/wp-content\/uploads\/2017\/02\/IMG_4881.jpg 640w, https:\/\/felix.ares.fm\/wp-content\/uploads\/2017\/02\/IMG_4881-300x225.jpg 300w\" sizes=\"auto, (max-width: 640px) 100vw, 640px\" \/><\/a><figcaption id=\"caption-attachment-10732\" class=\"wp-caption-text\"><span id=\"transmark\" style=\"display: none; width: 0px; height: 0px;\"><\/span> Normalmente los ninots tienen la indicaci\u00f3n del a\u00f1o de su indulto y del artista que los cre\u00f3.<\/figcaption><\/figure>\n<p>Tal como dec\u00edamos, aunque lo m\u00e1s llamativo del museo son los ninots indultados, no es lo \u00fanico, tambi\u00e9n hay carteles, fotograf\u00edas y algunas otras cosas.<\/p>\n<figure id=\"attachment_10734\" aria-describedby=\"caption-attachment-10734\" style=\"width: 480px\" class=\"wp-caption aligncenter\"><a href=\"http:\/\/felix.ares.fm\/?attachment_id=10734\" rel=\"attachment wp-att-10734\"><img loading=\"lazy\" decoding=\"async\" class=\"size-full wp-image-10734\" src=\"http:\/\/felix.ares.fm\/wp-content\/uploads\/2017\/02\/IMG_4874_bb.jpg\" alt=\"En el centro del cartel de 1953 y alrededor alguns fotos.\" width=\"480\" height=\"640\" srcset=\"https:\/\/felix.ares.fm\/wp-content\/uploads\/2017\/02\/IMG_4874_bb.jpg 480w, https:\/\/felix.ares.fm\/wp-content\/uploads\/2017\/02\/IMG_4874_bb-225x300.jpg 225w\" sizes=\"auto, (max-width: 480px) 100vw, 480px\" \/><\/a><figcaption id=\"caption-attachment-10734\" class=\"wp-caption-text\">En el centro del cartel de 1953 y alrededor algunas fotos.<\/figcaption><\/figure>\n<figure id=\"attachment_10736\" aria-describedby=\"caption-attachment-10736\" style=\"width: 1208px\" class=\"wp-caption aligncenter\"><a href=\"http:\/\/felix.ares.fm\/?attachment_id=10736\" rel=\"attachment wp-att-10736\"><img loading=\"lazy\" decoding=\"async\" class=\"size-full wp-image-10736\" src=\"http:\/\/felix.ares.fm\/wp-content\/uploads\/2017\/02\/IMG_4874_bb_r.jpg\" alt=\"El cartel de 1953\" width=\"1208\" height=\"1848\" srcset=\"https:\/\/felix.ares.fm\/wp-content\/uploads\/2017\/02\/IMG_4874_bb_r.jpg 1208w, https:\/\/felix.ares.fm\/wp-content\/uploads\/2017\/02\/IMG_4874_bb_r-196x300.jpg 196w, https:\/\/felix.ares.fm\/wp-content\/uploads\/2017\/02\/IMG_4874_bb_r-768x1175.jpg 768w, https:\/\/felix.ares.fm\/wp-content\/uploads\/2017\/02\/IMG_4874_bb_r-669x1024.jpg 669w\" sizes=\"auto, (max-width: 1208px) 100vw, 1208px\" \/><\/a><figcaption id=\"caption-attachment-10736\" class=\"wp-caption-text\">El cartel de 1953<\/figcaption><\/figure>\n<p>Entre los ninots hay escenas de la vida cotidiana, homenaje a alguna profesi\u00f3n o a alg\u00fan personaje y hay seres fant\u00e1sticos.<\/p>\n<figure id=\"attachment_10737\" aria-describedby=\"caption-attachment-10737\" style=\"width: 640px\" class=\"wp-caption aligncenter\"><a href=\"http:\/\/felix.ares.fm\/?attachment_id=10737\" rel=\"attachment wp-att-10737\"><img loading=\"lazy\" decoding=\"async\" class=\"wp-image-10737 size-full\" src=\"http:\/\/felix.ares.fm\/wp-content\/uploads\/2017\/02\/IMG_4875_bb.jpg\" alt=\"IMG_4875_bb\" width=\"640\" height=\"480\" srcset=\"https:\/\/felix.ares.fm\/wp-content\/uploads\/2017\/02\/IMG_4875_bb.jpg 640w, https:\/\/felix.ares.fm\/wp-content\/uploads\/2017\/02\/IMG_4875_bb-300x225.jpg 300w\" sizes=\"auto, (max-width: 640px) 100vw, 640px\" \/><\/a><figcaption id=\"caption-attachment-10737\" class=\"wp-caption-text\">Escultor Jos\u00e9 Guti\u00e9rrez Carbonell<\/figcaption><\/figure>\n<p><a href=\"http:\/\/felix.ares.fm\/?attachment_id=10738\" rel=\"attachment wp-att-10738\"><img loading=\"lazy\" decoding=\"async\" class=\"aligncenter size-full wp-image-10738\" src=\"http:\/\/felix.ares.fm\/wp-content\/uploads\/2017\/02\/IMG_4877.jpg\" alt=\"IMG_4877\" width=\"640\" height=\"480\" srcset=\"https:\/\/felix.ares.fm\/wp-content\/uploads\/2017\/02\/IMG_4877.jpg 640w, https:\/\/felix.ares.fm\/wp-content\/uploads\/2017\/02\/IMG_4877-300x225.jpg 300w\" sizes=\"auto, (max-width: 640px) 100vw, 640px\" \/><\/a> <a href=\"http:\/\/felix.ares.fm\/?attachment_id=10739\" rel=\"attachment wp-att-10739\"><img loading=\"lazy\" decoding=\"async\" class=\"aligncenter size-full wp-image-10739\" src=\"http:\/\/felix.ares.fm\/wp-content\/uploads\/2017\/02\/IMG_4884_bb.jpg\" alt=\"IMG_4884_bb\" width=\"640\" height=\"480\" srcset=\"https:\/\/felix.ares.fm\/wp-content\/uploads\/2017\/02\/IMG_4884_bb.jpg 640w, https:\/\/felix.ares.fm\/wp-content\/uploads\/2017\/02\/IMG_4884_bb-300x225.jpg 300w\" sizes=\"auto, (max-width: 640px) 100vw, 640px\" \/><\/a><a href=\"http:\/\/felix.ares.fm\/?attachment_id=10740\" rel=\"attachment wp-att-10740\"><img loading=\"lazy\" decoding=\"async\" class=\"aligncenter size-full wp-image-10740\" src=\"http:\/\/felix.ares.fm\/wp-content\/uploads\/2017\/02\/IMG_4878.jpg\" alt=\"IMG_4878\" width=\"640\" height=\"480\" srcset=\"https:\/\/felix.ares.fm\/wp-content\/uploads\/2017\/02\/IMG_4878.jpg 640w, https:\/\/felix.ares.fm\/wp-content\/uploads\/2017\/02\/IMG_4878-300x225.jpg 300w\" sizes=\"auto, (max-width: 640px) 100vw, 640px\" \/><\/a><\/p>\n<figure id=\"attachment_10741\" aria-describedby=\"caption-attachment-10741\" style=\"width: 480px\" class=\"wp-caption aligncenter\"><a href=\"http:\/\/felix.ares.fm\/?attachment_id=10741\" rel=\"attachment wp-att-10741\"><img loading=\"lazy\" decoding=\"async\" class=\"wp-image-10741 size-full\" src=\"http:\/\/felix.ares.fm\/wp-content\/uploads\/2017\/02\/IMG_4879-e1487671468789.jpg\" alt=\"Tallista Remigio Soler L\u00f3pez, autor de muchos ninots.\" width=\"480\" height=\"640\" srcset=\"https:\/\/felix.ares.fm\/wp-content\/uploads\/2017\/02\/IMG_4879-e1487671468789.jpg 480w, https:\/\/felix.ares.fm\/wp-content\/uploads\/2017\/02\/IMG_4879-e1487671468789-225x300.jpg 225w\" sizes=\"auto, (max-width: 480px) 100vw, 480px\" \/><\/a><figcaption id=\"caption-attachment-10741\" class=\"wp-caption-text\">Tallista Remigio Soler L\u00f3pez, autor de muchos ninots.<\/figcaption><\/figure>\n<p><a href=\"http:\/\/felix.ares.fm\/?attachment_id=10742\" rel=\"attachment wp-att-10742\"><img loading=\"lazy\" decoding=\"async\" class=\"aligncenter size-full wp-image-10742\" src=\"http:\/\/felix.ares.fm\/wp-content\/uploads\/2017\/02\/IMG_4882.jpg\" alt=\"IMG_4882\" width=\"640\" height=\"480\" srcset=\"https:\/\/felix.ares.fm\/wp-content\/uploads\/2017\/02\/IMG_4882.jpg 640w, https:\/\/felix.ares.fm\/wp-content\/uploads\/2017\/02\/IMG_4882-300x225.jpg 300w\" sizes=\"auto, (max-width: 640px) 100vw, 640px\" \/><\/a><a href=\"http:\/\/felix.ares.fm\/?attachment_id=10743\" rel=\"attachment wp-att-10743\"><img loading=\"lazy\" decoding=\"async\" class=\"aligncenter size-full wp-image-10743\" src=\"http:\/\/felix.ares.fm\/wp-content\/uploads\/2017\/02\/IMG_4885.jpg\" alt=\"IMG_4885\" width=\"640\" height=\"480\" srcset=\"https:\/\/felix.ares.fm\/wp-content\/uploads\/2017\/02\/IMG_4885.jpg 640w, https:\/\/felix.ares.fm\/wp-content\/uploads\/2017\/02\/IMG_4885-300x225.jpg 300w\" sizes=\"auto, (max-width: 640px) 100vw, 640px\" \/><\/a><\/p>\n<p><a href=\"http:\/\/felix.ares.fm\/?attachment_id=10744\" rel=\"attachment wp-att-10744\"><img loading=\"lazy\" decoding=\"async\" class=\"size-full wp-image-10744\" src=\"http:\/\/felix.ares.fm\/wp-content\/uploads\/2017\/02\/IMG_4886_bb.jpg\" alt=\"Hijos de Mauricio G\u00f3mez, la nueva generaci\u00f3n de escultores.\" width=\"480\" height=\"640\" srcset=\"https:\/\/felix.ares.fm\/wp-content\/uploads\/2017\/02\/IMG_4886_bb.jpg 480w, https:\/\/felix.ares.fm\/wp-content\/uploads\/2017\/02\/IMG_4886_bb-225x300.jpg 225w\" sizes=\"auto, (max-width: 480px) 100vw, 480px\" \/><\/a><\/p>\n<figure id=\"attachment_10748\" aria-describedby=\"caption-attachment-10748\" style=\"width: 640px\" class=\"wp-caption aligncenter\"><a href=\"http:\/\/felix.ares.fm\/?attachment_id=10748\" rel=\"attachment wp-att-10748\"><img loading=\"lazy\" decoding=\"async\" class=\"wp-image-10748 size-full\" src=\"http:\/\/felix.ares.fm\/wp-content\/uploads\/2017\/02\/IMG_4891-bb.jpg\" alt=\"IMG_4891-bb\" width=\"640\" height=\"480\" srcset=\"https:\/\/felix.ares.fm\/wp-content\/uploads\/2017\/02\/IMG_4891-bb.jpg 640w, https:\/\/felix.ares.fm\/wp-content\/uploads\/2017\/02\/IMG_4891-bb-300x225.jpg 300w\" sizes=\"auto, (max-width: 640px) 100vw, 640px\" \/><\/a><figcaption id=\"caption-attachment-10748\" class=\"wp-caption-text\">Homenaje a Charlot.<\/figcaption><\/figure>\n<p><a href=\"http:\/\/felix.ares.fm\/?attachment_id=10746\" rel=\"attachment wp-att-10746\"><img loading=\"lazy\" decoding=\"async\" class=\"aligncenter size-full wp-image-10746\" src=\"http:\/\/felix.ares.fm\/wp-content\/uploads\/2017\/02\/IMG_4888_bb.jpg\" alt=\"IMG_4888_bb\" width=\"480\" height=\"640\" srcset=\"https:\/\/felix.ares.fm\/wp-content\/uploads\/2017\/02\/IMG_4888_bb.jpg 480w, https:\/\/felix.ares.fm\/wp-content\/uploads\/2017\/02\/IMG_4888_bb-225x300.jpg 225w\" sizes=\"auto, (max-width: 480px) 100vw, 480px\" \/><\/a><a href=\"http:\/\/felix.ares.fm\/?attachment_id=10747\" rel=\"attachment wp-att-10747\"><img loading=\"lazy\" decoding=\"async\" class=\"aligncenter size-full wp-image-10747\" src=\"http:\/\/felix.ares.fm\/wp-content\/uploads\/2017\/02\/IMG_4889.jpg\" alt=\"IMG_4889\" width=\"640\" height=\"480\" srcset=\"https:\/\/felix.ares.fm\/wp-content\/uploads\/2017\/02\/IMG_4889.jpg 640w, https:\/\/felix.ares.fm\/wp-content\/uploads\/2017\/02\/IMG_4889-300x225.jpg 300w\" sizes=\"auto, (max-width: 640px) 100vw, 640px\" \/><\/a><\/p>\n<p><a href=\"http:\/\/felix.ares.fm\/?attachment_id=10750\" rel=\"attachment wp-att-10750\"><img loading=\"lazy\" decoding=\"async\" class=\"aligncenter size-full wp-image-10750\" src=\"http:\/\/felix.ares.fm\/wp-content\/uploads\/2017\/02\/IMG_4893_curv.jpg\" alt=\"IMG_4893_curv\" width=\"640\" height=\"480\" srcset=\"https:\/\/felix.ares.fm\/wp-content\/uploads\/2017\/02\/IMG_4893_curv.jpg 640w, https:\/\/felix.ares.fm\/wp-content\/uploads\/2017\/02\/IMG_4893_curv-300x225.jpg 300w\" sizes=\"auto, (max-width: 640px) 100vw, 640px\" \/><\/a><\/p>\n<p><a href=\"http:\/\/felix.ares.fm\/?attachment_id=10751\" rel=\"attachment wp-att-10751\"><img loading=\"lazy\" decoding=\"async\" class=\"aligncenter size-full wp-image-10751\" src=\"http:\/\/felix.ares.fm\/wp-content\/uploads\/2017\/02\/IMG_4895.jpg\" alt=\"IMG_4895\" width=\"640\" height=\"480\" srcset=\"https:\/\/felix.ares.fm\/wp-content\/uploads\/2017\/02\/IMG_4895.jpg 640w, https:\/\/felix.ares.fm\/wp-content\/uploads\/2017\/02\/IMG_4895-300x225.jpg 300w\" sizes=\"auto, (max-width: 640px) 100vw, 640px\" \/><\/a><\/p>\n<p><a href=\"http:\/\/felix.ares.fm\/?attachment_id=10752\" rel=\"attachment wp-att-10752\"><img loading=\"lazy\" decoding=\"async\" class=\"aligncenter size-full wp-image-10752\" src=\"http:\/\/felix.ares.fm\/wp-content\/uploads\/2017\/02\/IMG_4896_bb.jpg\" alt=\"IMG_4896_bb\" width=\"480\" height=\"640\" srcset=\"https:\/\/felix.ares.fm\/wp-content\/uploads\/2017\/02\/IMG_4896_bb.jpg 480w, https:\/\/felix.ares.fm\/wp-content\/uploads\/2017\/02\/IMG_4896_bb-225x300.jpg 225w\" sizes=\"auto, (max-width: 480px) 100vw, 480px\" \/><\/a><\/p>\n<p><a href=\"http:\/\/felix.ares.fm\/?attachment_id=10753\" rel=\"attachment wp-att-10753\"><img loading=\"lazy\" decoding=\"async\" class=\"aligncenter size-full wp-image-10753\" src=\"http:\/\/felix.ares.fm\/wp-content\/uploads\/2017\/02\/IMG_4897-e1487671925584.jpg\" alt=\"IMG_4897\" width=\"480\" height=\"640\" srcset=\"https:\/\/felix.ares.fm\/wp-content\/uploads\/2017\/02\/IMG_4897-e1487671925584.jpg 480w, https:\/\/felix.ares.fm\/wp-content\/uploads\/2017\/02\/IMG_4897-e1487671925584-225x300.jpg 225w\" sizes=\"auto, (max-width: 480px) 100vw, 480px\" \/><\/a><\/p>\n<p><a href=\"http:\/\/felix.ares.fm\/?attachment_id=10758\" rel=\"attachment wp-att-10758\"><img loading=\"lazy\" decoding=\"async\" class=\"aligncenter size-full wp-image-10758\" src=\"http:\/\/felix.ares.fm\/wp-content\/uploads\/2017\/02\/IMG_4899_bb.jpg\" alt=\"IMG_4899_bb\" width=\"640\" height=\"480\" srcset=\"https:\/\/felix.ares.fm\/wp-content\/uploads\/2017\/02\/IMG_4899_bb.jpg 640w, https:\/\/felix.ares.fm\/wp-content\/uploads\/2017\/02\/IMG_4899_bb-300x225.jpg 300w\" sizes=\"auto, (max-width: 640px) 100vw, 640px\" \/><\/a><\/p>\n<p>Al irnos nos despiden los gigantes que nos dieron la bienvenida:<\/p>\n<p><a href=\"http:\/\/felix.ares.fm\/?attachment_id=10754\" rel=\"attachment wp-att-10754\"><img loading=\"lazy\" decoding=\"async\" class=\"aligncenter size-full wp-image-10754\" src=\"http:\/\/felix.ares.fm\/wp-content\/uploads\/2017\/02\/IMG_4900_bb.jpg\" alt=\"IMG_4900_bb\" width=\"640\" height=\"480\" srcset=\"https:\/\/felix.ares.fm\/wp-content\/uploads\/2017\/02\/IMG_4900_bb.jpg 640w, https:\/\/felix.ares.fm\/wp-content\/uploads\/2017\/02\/IMG_4900_bb-300x225.jpg 300w\" sizes=\"auto, (max-width: 640px) 100vw, 640px\" \/><\/a><\/p>\n<p><strong>UBICACI\u00d3N:<\/strong><\/p>\n<div class=\"field field-name-field-ubicacion-tipocalle field-type-list-text field-label-hidden\">\n<div class=\"field-items\">\n<div class=\"field-item even\">Rambla M\u00e9ndez N\u00fa\u00f1ez 29<\/div>\n<div class=\"field-item even\">Entrada gratuita.<\/div>\n<\/div>\n<\/div>\n<p>&nbsp;<\/p>\n<p style=\"text-align: center;\">*+*<\/p>\n<div class=\"inline\">\n<p><strong>Nota fotos y texto<\/strong>. Salvo las fotos que tienen un agradecimiento espec\u00edfico, como por ejemplo Wikipedia, son nuestras y las licenciamos con<\/p>\n<p><a href=\"http:\/\/creativecommons.org\/licenses\/by\/3.0\/deed.es_ES\" rel=\"license\"><img decoding=\"async\" src=\"http:\/\/i.creativecommons.org\/l\/by\/3.0\/88x31.png\" alt=\"Licencia de Creative Commons\" \/><\/a><br \/>\n<a href=\"viajes.ares.fm\" rel=\"cc:attributionURL\">F\u00e9lix Ares y Maricarmen Garmendia<\/a>\u00a0is licensed under a\u00a0<a href=\"http:\/\/creativecommons.org\/licenses\/by\/3.0\/deed.es_ES\" rel=\"license\">Creative Commons Reconocimiento 3.0 Unported License<\/a>.<br \/>\nCreado a partir de la obra en\u00a0<a href=\"viajes.ares.fm\" rel=\"dct:source\">felix.ares.fm<\/a>.<\/p>\n<p>Contacto con nosotros; el motivo de que no sea una imagen clara es para evitar que los robots la descubran y nos inunden el buz\u00f3n de basura.<\/p>\n<p><a href=\"http:\/\/felix.ares.fm\/?attachment_id=7476\" rel=\"attachment wp-att-7476\"><img loading=\"lazy\" decoding=\"async\" class=\"aligncenter size-full wp-image-7476\" src=\"http:\/\/felix.ares.fm\/wp-content\/uploads\/2016\/02\/tapas.ares_.fm_.2.jpg\" alt=\"tapas.ares.fm.2\" width=\"703\" height=\"499\" srcset=\"https:\/\/felix.ares.fm\/wp-content\/uploads\/2016\/02\/tapas.ares_.fm_.2.jpg 703w, https:\/\/felix.ares.fm\/wp-content\/uploads\/2016\/02\/tapas.ares_.fm_.2-300x213.jpg 300w\" sizes=\"auto, (max-width: 703px) 100vw, 703px\" \/><\/a>[contact_bank form_id=1 show_title=true show_desc=false]<\/p>\n<p>Si quieren que les avisemos por e-mail de las actualizaciones de esta p\u00e1gina, h\u00e1ganos llegar su direcci\u00f3n de e-mail.<\/p>\n<\/div>\n<p>&nbsp;<\/p>\n","protected":false},"excerpt":{"rendered":"<p>Viernes 27 de enero de 2017 La Asociaci\u00f3n de Jubilados y Pensionistas de Fuengirola organiz\u00f3 un viaje a Benidorm y alrededores. El viaje fue desde el 25 de enero hasta el 29. Esta es la cuarta\u00a0entrega de Agenda con el plan de todas las entregas: \u00a0La primera entrega pueden verla AQU\u00cd:\u00a0http:\/\/felix.ares.fm\/?p=10492\u00a0\u00a0(Visi\u00f3n panor\u00e1mica del viaje 1) &hellip; <a href=\"https:\/\/felix.ares.fm\/?p=10722\" class=\"more-link\">Seguir leyendo <span class=\"screen-reader-text\">Asociaci\u00f3n de Jubilados y&#8230; Detalles del viaje a Benidorm, Alicante, museo de las hogueras<\/span> <span class=\"meta-nav\">&rarr;<\/span><\/a><\/p>\n","protected":false},"author":1,"featured_media":0,"comment_status":"closed","ping_status":"open","sticky":false,"template":"","format":"standard","meta":{"footnotes":""},"categories":[865,564,878],"tags":[],"class_list":["post-10722","post","type-post","status-publish","format-standard","hentry","category-alicante","category-asociacion-de-jubilados-y-pensionistas-de-fuengirola","category-museo-de-las-hogueras"],"_links":{"self":[{"href":"https:\/\/felix.ares.fm\/index.php?rest_route=\/wp\/v2\/posts\/10722","targetHints":{"allow":["GET"]}}],"collection":[{"href":"https:\/\/felix.ares.fm\/index.php?rest_route=\/wp\/v2\/posts"}],"about":[{"href":"https:\/\/felix.ares.fm\/index.php?rest_route=\/wp\/v2\/types\/post"}],"author":[{"embeddable":true,"href":"https:\/\/felix.ares.fm\/index.php?rest_route=\/wp\/v2\/users\/1"}],"replies":[{"embeddable":true,"href":"https:\/\/felix.ares.fm\/index.php?rest_route=%2Fwp%2Fv2%2Fcomments&post=10722"}],"version-history":[{"count":2,"href":"https:\/\/felix.ares.fm\/index.php?rest_route=\/wp\/v2\/posts\/10722\/revisions"}],"predecessor-version":[{"id":10915,"href":"https:\/\/felix.ares.fm\/index.php?rest_route=\/wp\/v2\/posts\/10722\/revisions\/10915"}],"wp:attachment":[{"href":"https:\/\/felix.ares.fm\/index.php?rest_route=%2Fwp%2Fv2%2Fmedia&parent=10722"}],"wp:term":[{"taxonomy":"category","embeddable":true,"href":"https:\/\/felix.ares.fm\/index.php?rest_route=%2Fwp%2Fv2%2Fcategories&post=10722"},{"taxonomy":"post_tag","embeddable":true,"href":"https:\/\/felix.ares.fm\/index.php?rest_route=%2Fwp%2Fv2%2Ftags&post=10722"}],"curies":[{"name":"wp","href":"https:\/\/api.w.org\/{rel}","templated":true}]}}