{"id":10666,"date":"2017-02-20T03:26:12","date_gmt":"2017-02-20T01:26:12","guid":{"rendered":"http:\/\/felix.ares.fm\/?p=10666"},"modified":"2017-02-20T06:19:34","modified_gmt":"2017-02-20T04:19:34","slug":"asociacion-de-jubilados-y-notificacion-se-cancelan-clases-de-yoga","status":"publish","type":"post","link":"https:\/\/felix.ares.fm\/?p=10666","title":{"rendered":"Asociaci\u00f3n de Jubilados y&#8230; Notificaci\u00f3n: se cancelan clases de yoga, talleres en vigor y viajes"},"content":{"rendered":"<h4>Viernes 19 de febrero de 2017<\/h4>\n<h4>La <a href=\"http:\/\/www.paginasamarillas.es\/f\/fuengirola\/asociacion-de-jubilados-y-pensionistas-de-fuengirola_201362985_000000001.html\" target=\"_blank\">Asociaci\u00f3n de Jubilados y Pensionistas de Fuengirola<\/a>, nos hace llegar el siguiente <span style=\"color: #ff00ff;\">comunicado urgente<\/span>:<\/h4>\n<h6 id=\"yui_3_16_0_ym19_1_1487502309640_3067\">Buenos d\u00edas a todos:<\/h6>\n<h6 id=\"yui_3_16_0_ym19_1_1487502309640_6040\"><span style=\"color: #ff00ff;\">Se comunica a todos los que est\u00e9n apuntados al taller de yoga, que por motivos de salud se suspenden las clases hasta nuevo aviso.<\/span><\/h6>\n<h6 id=\"yui_3_16_0_ym19_1_1487502309640_6069\"><span style=\"color: #000000;\">Recordamos a todos nuestros asociados que los talleres que tenemos en marcha, son los siguientes.<\/span><\/h6>\n<h6 id=\"yui_3_16_0_ym19_1_1487502309640_6158\" style=\"padding-left: 30px;\"><span style=\"color: #0000ff;\">Lunes:\u00a0 Inform\u00e1tica y manejo de m\u00f3viles.<\/span><\/h6>\n<h6 id=\"yui_3_16_0_ym19_1_1487502309640_6159\" style=\"padding-left: 30px;\"><span style=\"color: #0000ff;\">Martes: Ingl\u00e9s<\/span><\/h6>\n<h6 id=\"yui_3_16_0_ym19_1_1487502309640_6165\" style=\"padding-left: 30px;\"><span style=\"color: #0000ff;\">Mi\u00e9rcoles: Ajedrez y Petanca<\/span><\/h6>\n<h6 id=\"yui_3_16_0_ym19_1_1487502309640_6166\" style=\"padding-left: 30px;\"><span style=\"color: #0000ff;\">Viernes: Ajedrez Petanca\u00a0 y Taller de Memoria.<\/span><\/h6>\n<h6 id=\"yui_3_16_0_ym19_1_1487502309640_6177\"><strong>Los viajes que en estos momentos ya pod\u00e9is apuntaros son :<\/strong><\/h6>\n<h6 id=\"yui_3_16_0_ym19_1_1487502309640_6385\" style=\"padding-left: 30px;\"><span style=\"color: #0000ff;\">Portugal\u00a0 del 28 de Marzo al 02 de Abril <\/span><\/h6>\n<h6 id=\"yui_3_16_0_ym19_1_1487502309640_6244\" style=\"padding-left: 30px;\"><span style=\"color: #0000ff;\">Balneario de Lanjar\u00f3n del 23 al 27 de Mayo<\/span><\/h6>\n<h6 id=\"yui_3_16_0_ym19_1_1487502309640_6331\" style=\"padding-left: 30px;\"><span style=\"color: #0000ff;\">Londres y alrededores\u00a0 8 d\u00edas, salida el 8 de Junio.<\/span><\/h6>\n<h6 id=\"yui_3_16_0_ym19_1_1487502309640_6376\" style=\"padding-left: 30px;\"><span style=\"color: #0000ff;\">Camino de Santiago Etapas desde Roncesvalles a Estella 9 d\u00edas salida <span id=\"transmark\" style=\"display: none; width: 0px; height: 0px;\"><\/span>desde Fuengirola.<\/span><\/h6>\n<h6><span style=\"color: #008000;\">PARA PONEROS EN CONTACTO CONMIGO, NO CON LA ASOCIACI\u00d3N, POD\u00c9IS USAR EL SIGUIENTE FORMULARIO:<\/span><\/h6>\n<h5><em><span style=\"color: #800080;\">[contact_bank form_id=1 show_title=true show_desc=false]\u00a0<\/span><\/em><\/h5>\n","protected":false},"excerpt":{"rendered":"<p>Viernes 19 de febrero de 2017 La Asociaci\u00f3n de Jubilados y Pensionistas de Fuengirola, nos hace llegar el siguiente comunicado urgente: Buenos d\u00edas a todos: Se comunica a todos los que est\u00e9n apuntados al taller de yoga, que por motivos de salud se suspenden las clases hasta nuevo aviso. Recordamos a todos nuestros asociados que &hellip; <a href=\"https:\/\/felix.ares.fm\/?p=10666\" class=\"more-link\">Seguir leyendo <span class=\"screen-reader-text\">Asociaci\u00f3n de Jubilados y&#8230; Notificaci\u00f3n: se cancelan clases de yoga, talleres en vigor y viajes<\/span> <span class=\"meta-nav\">&rarr;<\/span><\/a><\/p>\n","protected":false},"author":1,"featured_media":0,"comment_status":"closed","ping_status":"open","sticky":false,"template":"","format":"standard","meta":{"footnotes":""},"categories":[564,855],"tags":[],"class_list":["post-10666","post","type-post","status-publish","format-standard","hentry","category-asociacion-de-jubilados-y-pensionistas-de-fuengirola","category-comunicado-urgente"],"_links":{"self":[{"href":"https:\/\/felix.ares.fm\/index.php?rest_route=\/wp\/v2\/posts\/10666","targetHints":{"allow":["GET"]}}],"collection":[{"href":"https:\/\/felix.ares.fm\/index.php?rest_route=\/wp\/v2\/posts"}],"about":[{"href":"https:\/\/felix.ares.fm\/index.php?rest_route=\/wp\/v2\/types\/post"}],"author":[{"embeddable":true,"href":"https:\/\/felix.ares.fm\/index.php?rest_route=\/wp\/v2\/users\/1"}],"replies":[{"embeddable":true,"href":"https:\/\/felix.ares.fm\/index.php?rest_route=%2Fwp%2Fv2%2Fcomments&post=10666"}],"version-history":[{"count":0,"href":"https:\/\/felix.ares.fm\/index.php?rest_route=\/wp\/v2\/posts\/10666\/revisions"}],"wp:attachment":[{"href":"https:\/\/felix.ares.fm\/index.php?rest_route=%2Fwp%2Fv2%2Fmedia&parent=10666"}],"wp:term":[{"taxonomy":"category","embeddable":true,"href":"https:\/\/felix.ares.fm\/index.php?rest_route=%2Fwp%2Fv2%2Fcategories&post=10666"},{"taxonomy":"post_tag","embeddable":true,"href":"https:\/\/felix.ares.fm\/index.php?rest_route=%2Fwp%2Fv2%2Ftags&post=10666"}],"curies":[{"name":"wp","href":"https:\/\/api.w.org\/{rel}","templated":true}]}}