{"id":10656,"date":"2017-02-16T08:26:12","date_gmt":"2017-02-16T06:26:12","guid":{"rendered":"http:\/\/felix.ares.fm\/?p=10656"},"modified":"2017-02-16T09:57:07","modified_gmt":"2017-02-16T07:57:07","slug":"asociacion-de-jubilados-y-viaje-a-mojacar","status":"publish","type":"post","link":"https:\/\/felix.ares.fm\/?p=10656","title":{"rendered":"Asociaci\u00f3n de Jubilados y&#8230; Viaje a Moj\u00e1car"},"content":{"rendered":"<h4><a href=\"http:\/\/felix.ares.fm\/?attachment_id=10246\" rel=\"attachment wp-att-10246\"><br \/>\n<\/a>Jueves 16 de febrero de 2017<\/h4>\n<h4>La <a href=\"http:\/\/www.paginasamarillas.es\/f\/fuengirola\/asociacion-de-jubilados-y-pensionistas-de-fuengirola_201362985_000000001.html\">Asociaci\u00f3n de Jubilados y Pensionistas de Fuengirola<\/a> organiz\u00f3 un viaje a Moj\u00e1car. El viaje fue desde el 10 de febrero hasta el de enero hasta el 13.<\/h4>\n<p>Yo no tuve la suerte de poder ir al viaje, pero me han enviado esta foto del grupo que fue. \u00a1Qu\u00e9 envidia!<\/p>\n<figure id=\"attachment_10658\" aria-describedby=\"caption-attachment-10658\" style=\"width: 3664px\" class=\"wp-caption aligncenter\"><a href=\"http:\/\/felix.ares.fm\/?attachment_id=10658\" rel=\"attachment wp-att-10658\"><img loading=\"lazy\" decoding=\"async\" class=\"size-full wp-image-10658\" src=\"http:\/\/felix.ares.fm\/wp-content\/uploads\/2017\/02\/Grupo-Mojacar_bb.jpg\" alt=\"Grupo en Moj\u00e1car.\" width=\"3664\" height=\"2748\" \/><\/a><figcaption id=\"caption-attachment-10658\" class=\"wp-caption-text\">Grupo en Moj\u00e1car.<\/figcaption><\/figure>\n<p style=\"text-align: center;\">*+*<\/p>\n<div class=\"inline\">\n<p><strong>Nota fotos y texto<\/strong>. Salvo las fotos que tienen un agradecimiento espec\u00edfico, como por ejemplo Wikipedia, son nuestras y las licenciamos con<\/p>\n<p><a href=\"http:\/\/creativecommons.org\/licenses\/by\/3.0\/deed.es_ES\" rel=\"license\"><img decoding=\"async\" src=\"http:\/\/i.creativecommons.org\/l\/by\/3.0\/88x31.png\" alt=\"Licencia de Creative Commons\" \/><\/a><br \/>\n<a href=\"viajes.ares.fm\" rel=\"cc:attributionURL\">F\u00e9lix Ares y Maricarmen Garmendia<\/a>\u00a0is licensed under a\u00a0<a href=\"http:\/\/creativecommons.org\/licenses\/by\/3.0\/deed.es_ES\" rel=\"license\">Creative Commons Reconocimiento 3.0 Unported License<\/a>.<br \/>\nCreado a partir de la obra en\u00a0<a href=\"viajes.ares.fm\" rel=\"dct:source\">felix.ares.fm<\/a>.<\/p>\n<p>Contacto con nosotros; el motivo de que no sea una imagen clara es para evitar que los robots la descubran y nos inunden el buz\u00f3n de basura.<\/p>\n<p><a href=\"http:\/\/felix.ares.fm\/?attachment_id=7476\" rel=\"attachment wp-att-7476\"><img loading=\"lazy\" decoding=\"async\" class=\"aligncenter size-full wp-image-7476\" src=\"http:\/\/felix.ares.fm\/wp-content\/uploads\/2016\/02\/tapas.ares_.fm_.2.jpg\" alt=\"tapas.ares.fm.2\" width=\"703\" height=\"499\" srcset=\"https:\/\/felix.ares.fm\/wp-content\/uploads\/2016\/02\/tapas.ares_.fm_.2.jpg 703w, https:\/\/felix.ares.fm\/wp-content\/uploads\/2016\/02\/tapas.ares_.fm_.2-300x213.jpg 300w\" sizes=\"auto, (max-width: 703px) 100vw, 703px\" \/><\/a>[contact_bank form_id=1 show_title=true show_desc=false]<\/p>\n<p>Si quieren que les avisemos por e-mail de las actualizaciones de esta p\u00e1gina, h\u00e1ganos llegar su direcci\u00f3n de e-mail.<\/p>\n<\/div>\n<p>&nbsp;<\/p>\n","protected":false},"excerpt":{"rendered":"<p>Jueves 16 de febrero de 2017 La Asociaci\u00f3n de Jubilados y Pensionistas de Fuengirola organiz\u00f3 un viaje a Moj\u00e1car. El viaje fue desde el 10 de febrero hasta el de enero hasta el 13. Yo no tuve la suerte de poder ir al viaje, pero me han enviado esta foto del grupo que fue. \u00a1Qu\u00e9 &hellip; <a href=\"https:\/\/felix.ares.fm\/?p=10656\" class=\"more-link\">Seguir leyendo <span class=\"screen-reader-text\">Asociaci\u00f3n de Jubilados y&#8230; Viaje a Moj\u00e1car<\/span> <span class=\"meta-nav\">&rarr;<\/span><\/a><\/p>\n","protected":false},"author":1,"featured_media":0,"comment_status":"closed","ping_status":"open","sticky":false,"template":"","format":"standard","meta":{"footnotes":""},"categories":[564,875],"tags":[],"class_list":["post-10656","post","type-post","status-publish","format-standard","hentry","category-asociacion-de-jubilados-y-pensionistas-de-fuengirola","category-mojacar"],"_links":{"self":[{"href":"https:\/\/felix.ares.fm\/index.php?rest_route=\/wp\/v2\/posts\/10656","targetHints":{"allow":["GET"]}}],"collection":[{"href":"https:\/\/felix.ares.fm\/index.php?rest_route=\/wp\/v2\/posts"}],"about":[{"href":"https:\/\/felix.ares.fm\/index.php?rest_route=\/wp\/v2\/types\/post"}],"author":[{"embeddable":true,"href":"https:\/\/felix.ares.fm\/index.php?rest_route=\/wp\/v2\/users\/1"}],"replies":[{"embeddable":true,"href":"https:\/\/felix.ares.fm\/index.php?rest_route=%2Fwp%2Fv2%2Fcomments&post=10656"}],"version-history":[{"count":0,"href":"https:\/\/felix.ares.fm\/index.php?rest_route=\/wp\/v2\/posts\/10656\/revisions"}],"wp:attachment":[{"href":"https:\/\/felix.ares.fm\/index.php?rest_route=%2Fwp%2Fv2%2Fmedia&parent=10656"}],"wp:term":[{"taxonomy":"category","embeddable":true,"href":"https:\/\/felix.ares.fm\/index.php?rest_route=%2Fwp%2Fv2%2Fcategories&post=10656"},{"taxonomy":"post_tag","embeddable":true,"href":"https:\/\/felix.ares.fm\/index.php?rest_route=%2Fwp%2Fv2%2Ftags&post=10656"}],"curies":[{"name":"wp","href":"https:\/\/api.w.org\/{rel}","templated":true}]}}