{"id":10334,"date":"2016-12-27T12:09:25","date_gmt":"2016-12-27T10:09:25","guid":{"rendered":"http:\/\/felix.ares.fm\/?p=10334"},"modified":"2016-12-28T11:45:30","modified_gmt":"2016-12-28T09:45:30","slug":"montefrio-granada","status":"publish","type":"post","link":"https:\/\/felix.ares.fm\/?p=10334","title":{"rendered":"Montefr\u00edo (Granada)"},"content":{"rendered":"<h6>Viernes 16 de diciembre de 2016<\/h6>\n<p>Recientemente la revista National Geographic public\u00f3 un art\u00edculo sobre los diez pueblos con la mejores vistas del mundo. Pod\u00e9is ver el art\u00edculo aqu\u00ed: <a href=\"http:\/\/www.nationalgeographic.com.es\/viajes\/10-pueblos-con-las-mejores-vistas-del-mundo_9109\" target=\"_blank\">http:\/\/www.nationalgeographic.com.es\/viajes\/10-pueblos-con-las-mejores-vistas-del-mundo_9109<\/a><\/p>\n<p>Uno de los diez pueblos que aparecen es Montefr\u00edo. El viernes 16 de diciembre salimos hacia ese bonito pueblo de la mano de <a href=\"http:\/\/www.viajes.carrefour.es\/\" target=\"_blank\">Viajes Carrefour<\/a>.<\/p>\n<figure id=\"attachment_10335\" aria-describedby=\"caption-attachment-10335\" style=\"width: 827px\" class=\"wp-caption aligncenter\"><a href=\"http:\/\/felix.ares.fm\/?attachment_id=10335\" rel=\"attachment wp-att-10335\"><img loading=\"lazy\" decoding=\"async\" class=\"size-full wp-image-10335\" src=\"http:\/\/felix.ares.fm\/wp-content\/uploads\/2016\/12\/fuengirola-montefrio.jpg\" alt=\"Fuengirola-Montefr\u00edo\" width=\"827\" height=\"725\" srcset=\"https:\/\/felix.ares.fm\/wp-content\/uploads\/2016\/12\/fuengirola-montefrio.jpg 827w, https:\/\/felix.ares.fm\/wp-content\/uploads\/2016\/12\/fuengirola-montefrio-300x263.jpg 300w, https:\/\/felix.ares.fm\/wp-content\/uploads\/2016\/12\/fuengirola-montefrio-768x673.jpg 768w\" sizes=\"auto, (max-width: 827px) 100vw, 827px\" \/><\/a><figcaption id=\"caption-attachment-10335\" class=\"wp-caption-text\">Fuengirola-Montefr\u00edo.<\/figcaption><\/figure>\n<p>Como pueden ver, el viaje es relativamente corto; as\u00ed que no hubo ninguna parada intermedia. Nos bajamos del autob\u00fas ya en <a href=\"http:\/\/www.montefrio.org\/paginas\/home.htm\" target=\"_blank\">Montefr\u00edo<\/a>.<\/p>\n<p>El lugar elegido para desayunar fue en la pizzeria Jomay.<\/p>\n<figure id=\"attachment_10336\" aria-describedby=\"caption-attachment-10336\" style=\"width: 618px\" class=\"wp-caption aligncenter\"><a href=\"http:\/\/felix.ares.fm\/?attachment_id=10336\" rel=\"attachment wp-att-10336\"><img loading=\"lazy\" decoding=\"async\" class=\"size-full wp-image-10336\" src=\"http:\/\/felix.ares.fm\/wp-content\/uploads\/2016\/12\/IMG_3758_rrr.jpg\" alt=\"Pizzeria Cervecer\u00eda Jomay. Montefr\u00edo.\" width=\"618\" height=\"456\" srcset=\"https:\/\/felix.ares.fm\/wp-content\/uploads\/2016\/12\/IMG_3758_rrr.jpg 618w, https:\/\/felix.ares.fm\/wp-content\/uploads\/2016\/12\/IMG_3758_rrr-300x221.jpg 300w\" sizes=\"auto, (max-width: 618px) 100vw, 618px\" \/><\/a><figcaption id=\"caption-attachment-10336\" class=\"wp-caption-text\">Pizzeria Cervecer\u00eda Jomay. Montefr\u00edo.<\/figcaption><\/figure>\n<figure id=\"attachment_10337\" aria-describedby=\"caption-attachment-10337\" style=\"width: 640px\" class=\"wp-caption aligncenter\"><a href=\"http:\/\/felix.ares.fm\/?attachment_id=10337\" rel=\"attachment wp-att-10337\"><img loading=\"lazy\" decoding=\"async\" class=\"size-full wp-image-10337\" src=\"http:\/\/felix.ares.fm\/wp-content\/uploads\/2016\/12\/IMG_3760_aspecto_barra_jomay.jpg\" alt=\"Aspecto de la barra.\" width=\"640\" height=\"480\" srcset=\"https:\/\/felix.ares.fm\/wp-content\/uploads\/2016\/12\/IMG_3760_aspecto_barra_jomay.jpg 640w, https:\/\/felix.ares.fm\/wp-content\/uploads\/2016\/12\/IMG_3760_aspecto_barra_jomay-300x225.jpg 300w\" sizes=\"auto, (max-width: 640px) 100vw, 640px\" \/><\/a><figcaption id=\"caption-attachment-10337\" class=\"wp-caption-text\">Aspecto de la barra.<\/figcaption><\/figure>\n<p>Nos ten\u00edan preparado el t\u00edpico desayuno andaluz: tostada, aceite de oliva tomate picado,&#8230; y alguna cosa que yo no hab\u00eda visto nunca.<\/p>\n<figure id=\"attachment_10338\" aria-describedby=\"caption-attachment-10338\" style=\"width: 640px\" class=\"wp-caption aligncenter\"><a href=\"http:\/\/felix.ares.fm\/?attachment_id=10338\" rel=\"attachment wp-att-10338\"><img loading=\"lazy\" decoding=\"async\" class=\"size-full wp-image-10338\" src=\"http:\/\/felix.ares.fm\/wp-content\/uploads\/2016\/12\/IMG_3761.jpg\" alt=\"Tomate picado\" width=\"640\" height=\"480\" srcset=\"https:\/\/felix.ares.fm\/wp-content\/uploads\/2016\/12\/IMG_3761.jpg 640w, https:\/\/felix.ares.fm\/wp-content\/uploads\/2016\/12\/IMG_3761-300x225.jpg 300w\" sizes=\"auto, (max-width: 640px) 100vw, 640px\" \/><\/a><figcaption id=\"caption-attachment-10338\" class=\"wp-caption-text\">Tomate picado.<\/figcaption><\/figure>\n<p>Si se fijan, arriba del todo de la foto hay una especie de barrita de pan; pero no lo es:<\/p>\n<figure id=\"attachment_10339\" aria-describedby=\"caption-attachment-10339\" style=\"width: 640px\" class=\"wp-caption aligncenter\"><a href=\"http:\/\/felix.ares.fm\/?attachment_id=10339\" rel=\"attachment wp-att-10339\"><img loading=\"lazy\" decoding=\"async\" class=\"size-full wp-image-10339\" src=\"http:\/\/felix.ares.fm\/wp-content\/uploads\/2016\/12\/IMG_3764_bollo_prennao.jpg\" alt=\"Bollo relleno de chocolate.\" width=\"640\" height=\"480\" srcset=\"https:\/\/felix.ares.fm\/wp-content\/uploads\/2016\/12\/IMG_3764_bollo_prennao.jpg 640w, https:\/\/felix.ares.fm\/wp-content\/uploads\/2016\/12\/IMG_3764_bollo_prennao-300x225.jpg 300w\" sizes=\"auto, (max-width: 640px) 100vw, 640px\" \/><\/a><figcaption id=\"caption-attachment-10339\" class=\"wp-caption-text\">Bollo relleno de chocolate.<\/figcaption><\/figure>\n<p>Resulta ser un bollo de pan relleno de chocolate.<\/p>\n<p>Mirando en internet he descubierto que este lugar es famoso por su \u00absesos al mojeteo con sopa de tac\u00f3n de rucho\u00bb.<\/p>\n<figure id=\"attachment_10340\" aria-describedby=\"caption-attachment-10340\" style=\"width: 640px\" class=\"wp-caption aligncenter\"><a href=\"http:\/\/felix.ares.fm\/?attachment_id=10340\" rel=\"attachment wp-att-10340\"><img loading=\"lazy\" decoding=\"async\" class=\"size-full wp-image-10340\" src=\"http:\/\/felix.ares.fm\/wp-content\/uploads\/2016\/12\/IMG_3765.jpg\" alt=\"Sesos al mojeteo con sopas de tac\u00f3n de rucho\" width=\"640\" height=\"480\" srcset=\"https:\/\/felix.ares.fm\/wp-content\/uploads\/2016\/12\/IMG_3765.jpg 640w, https:\/\/felix.ares.fm\/wp-content\/uploads\/2016\/12\/IMG_3765-300x225.jpg 300w\" sizes=\"auto, (max-width: 640px) 100vw, 640px\" \/><\/a><figcaption id=\"caption-attachment-10340\" class=\"wp-caption-text\">Sesos al mojeteo con sopas de tac\u00f3n de rucho.<\/figcaption><\/figure>\n<p>Tal como dec\u00eda, los comentarios en internet son muy buenos, pero no me han aclarado lo que quiere decir mojeteo y qu\u00e9 es una sopa de tac\u00f3n de rucho. Por mucho que he investigado no he logrado enterarme. A lo m\u00e1ximo que he llegado a que rucho es una palabra sin\u00f3nima de burro en algunos sitios. Pero sigo sin entender lo que es un tac\u00f3n de rucho. (\u00bfPueden ayudarme?).<\/p>\n<figure id=\"attachment_10341\" aria-describedby=\"caption-attachment-10341\" style=\"width: 480px\" class=\"wp-caption aligncenter\"><a href=\"http:\/\/felix.ares.fm\/?attachment_id=10341\" rel=\"attachment wp-att-10341\"><img loading=\"lazy\" decoding=\"async\" class=\"size-full wp-image-10341\" src=\"http:\/\/felix.ares.fm\/wp-content\/uploads\/2016\/12\/IMG_3767-e1482738954690.jpg\" alt=\"Tostada de pan con aceite virgen de la zona.\" width=\"480\" height=\"640\" srcset=\"https:\/\/felix.ares.fm\/wp-content\/uploads\/2016\/12\/IMG_3767-e1482738954690.jpg 480w, https:\/\/felix.ares.fm\/wp-content\/uploads\/2016\/12\/IMG_3767-e1482738954690-225x300.jpg 225w\" sizes=\"auto, (max-width: 480px) 100vw, 480px\" \/><\/a><figcaption id=\"caption-attachment-10341\" class=\"wp-caption-text\">Tostada de pan con aceite virgen extra de Montefr\u00edo.<\/figcaption><\/figure>\n<p>Cuando acabamos de desayunar me llev\u00e9 una tarjeta de visita del sitio en cuyo dorso se ve la famosa iglesia circular de Montefr\u00edo (luego hablaremos de ella). Por si ustedes quieren ir y probar los sesos al mojeteo les doy la direcci\u00f3n: Jomay. Avenida de la Paz 11, bajo. 18270 Montefr\u00edo. Tel: 958047093 &#8211; 607193788.<\/p>\n<h6>MIRADOR DE NATIONAL GEOGRAPHIC<\/h6>\n<p>Era un d\u00eda lluvioso, por lo que aprovechamos que tras desayunar no llov\u00eda para ir al mirador de National Geographic. El pueblo ha dado ese nombre al lugar desde donde est\u00e1 tomada la foto que ha sido considerada por la revista como uno de los pueblos con mejores vistas del mundo.<\/p>\n<figure id=\"attachment_10342\" aria-describedby=\"caption-attachment-10342\" style=\"width: 640px\" class=\"wp-caption aligncenter\"><a href=\"http:\/\/felix.ares.fm\/?attachment_id=10342\" rel=\"attachment wp-att-10342\"><img loading=\"lazy\" decoding=\"async\" class=\"size-full wp-image-10342\" src=\"http:\/\/felix.ares.fm\/wp-content\/uploads\/2016\/12\/IMG_3768_mirador_national_g.jpg\" alt=\"Mirador National Geographic Montefr\u00edo \" width=\"640\" height=\"480\" srcset=\"https:\/\/felix.ares.fm\/wp-content\/uploads\/2016\/12\/IMG_3768_mirador_national_g.jpg 640w, https:\/\/felix.ares.fm\/wp-content\/uploads\/2016\/12\/IMG_3768_mirador_national_g-300x225.jpg 300w\" sizes=\"auto, (max-width: 640px) 100vw, 640px\" \/><\/a><figcaption id=\"caption-attachment-10342\" class=\"wp-caption-text\">Mirador National Geographic Montefr\u00edo<\/figcaption><\/figure>\n<p>Cuando nosotros llegamos la posici\u00f3n del sol es muy distinta que la del cartel y, adem\u00e1s, est\u00e1 medio nublado y amenaza lluvia. Pero intentamos sacar una foto parecida.<\/p>\n<figure id=\"attachment_10343\" aria-describedby=\"caption-attachment-10343\" style=\"width: 640px\" class=\"wp-caption aligncenter\"><a href=\"http:\/\/felix.ares.fm\/?attachment_id=10343\" rel=\"attachment wp-att-10343\"><img loading=\"lazy\" decoding=\"async\" class=\"size-full wp-image-10343\" src=\"http:\/\/felix.ares.fm\/wp-content\/uploads\/2016\/12\/IMG_3769_montefrio.jpg\" alt=\"Montefr\u00edo. \" width=\"640\" height=\"480\" srcset=\"https:\/\/felix.ares.fm\/wp-content\/uploads\/2016\/12\/IMG_3769_montefrio.jpg 640w, https:\/\/felix.ares.fm\/wp-content\/uploads\/2016\/12\/IMG_3769_montefrio-300x225.jpg 300w\" sizes=\"auto, (max-width: 640px) 100vw, 640px\" \/><\/a><figcaption id=\"caption-attachment-10343\" class=\"wp-caption-text\">Montefr\u00edo.<\/figcaption><\/figure>\n<p>Montefr\u00edo trepa por el risco en cuya cima se encuentra una iglesia fortaleza o si lo prefieren un castillo con iglesia. Todos los datos los pueden encontrar aqu\u00ed: <a href=\"http:\/\/www.montefrio.org\/paginas\/villa.htm\" target=\"_blank\">http:\/\/www.montefrio.org\/paginas\/villa.htm<\/a><\/p>\n<p>El resumen es el siguiente: se trata de un castillo e iglesia construidos sobre los restos del antiguo castillo \u00e1rabe (nazar\u00ed). El castillo fue tomado por el rey Cat\u00f3lico el 26 de junio de 1486 y, tal como era su costumbre, mand\u00f3 construir en su lugar una fortaleza y una iglesia. Las obras se terminaron en 1507.<\/p>\n<p><a href=\"http:\/\/felix.ares.fm\/?attachment_id=10348\" rel=\"attachment wp-att-10348\"><img loading=\"lazy\" decoding=\"async\" class=\"aligncenter size-full wp-image-10348\" src=\"http:\/\/felix.ares.fm\/wp-content\/uploads\/2016\/12\/IMG_3778_iglesia_del_castillo.jpg\" alt=\"IMG_3778_iglesia_del_castillo\" width=\"617\" height=\"449\" srcset=\"https:\/\/felix.ares.fm\/wp-content\/uploads\/2016\/12\/IMG_3778_iglesia_del_castillo.jpg 617w, https:\/\/felix.ares.fm\/wp-content\/uploads\/2016\/12\/IMG_3778_iglesia_del_castillo-300x218.jpg 300w\" sizes=\"auto, (max-width: 617px) 100vw, 617px\" \/><\/a><\/p>\n<p>Si el pueblo que trepa por los riscos es sorprendente no lo es menos la iglesia que observamos si echamos una mirada a la derecha:<\/p>\n<p><a href=\"http:\/\/felix.ares.fm\/?attachment_id=10344\" rel=\"attachment wp-att-10344\"><img loading=\"lazy\" decoding=\"async\" class=\"aligncenter size-full wp-image-10344\" src=\"http:\/\/felix.ares.fm\/wp-content\/uploads\/2016\/12\/IMG_3771_montefrio.jpg\" alt=\"IMG_3771_montefrio\" width=\"640\" height=\"480\" srcset=\"https:\/\/felix.ares.fm\/wp-content\/uploads\/2016\/12\/IMG_3771_montefrio.jpg 640w, https:\/\/felix.ares.fm\/wp-content\/uploads\/2016\/12\/IMG_3771_montefrio-300x225.jpg 300w\" sizes=\"auto, (max-width: 640px) 100vw, 640px\" \/><\/a><\/p>\n<p>Se trata de una iglesia cil\u00edndrica adosada a un paralelep\u00edpedo ortogonal de rectangular donde se encuentra el altar mayor. Su nombre es <a href=\"http:\/\/www.montefrio.org\/paginas\/encarnacion.htm\" target=\"_blank\">Iglesia de la Encarnaci\u00f3n<\/a>. Se empez\u00f3 a construir en el a\u00f1o 1786 y se acabo en el 1802.<\/p>\n<p>Sin duda se parece al pante\u00f3n de Agripa en Roma:<\/p>\n<figure id=\"attachment_10346\" aria-describedby=\"caption-attachment-10346\" style=\"width: 640px\" class=\"wp-caption aligncenter\"><a href=\"http:\/\/felix.ares.fm\/?attachment_id=10346\" rel=\"attachment wp-att-10346\"><img loading=\"lazy\" decoding=\"async\" class=\"wp-image-10346 size-full\" src=\"http:\/\/felix.ares.fm\/wp-content\/uploads\/2016\/12\/0Pantheon_Rome-The_Dome.jpg\" alt=\"Pante\u00f3n de Roma.\" width=\"640\" height=\"480\" srcset=\"https:\/\/felix.ares.fm\/wp-content\/uploads\/2016\/12\/0Pantheon_Rome-The_Dome.jpg 640w, https:\/\/felix.ares.fm\/wp-content\/uploads\/2016\/12\/0Pantheon_Rome-The_Dome-300x225.jpg 300w\" sizes=\"auto, (max-width: 640px) 100vw, 640px\" \/><\/a><figcaption id=\"caption-attachment-10346\" class=\"wp-caption-text\">Pante\u00f3n de Roma. Foto gentileza de:\u00a0CC BY 2.0, https:\/\/commons.wikimedia.org\/w\/index.php?curid=389746<\/figcaption><\/figure>\n<p>La c\u00fapula circular en el templo romano parece ser que quer\u00eda representar el cielo; es decir era algo parecido a un planetario. PERO no sabemos que quer\u00eda representar la cupula de la Iglesia de la Encarnaci\u00f3n&#8230; con todos mis respetos coincido con los habitantes de Montefr\u00edo de principios del XIX que al ver terminada la obra dec\u00edan que era m\u00e1s apropiada para horno que para iglesia (<a href=\"http:\/\/www.montefrio.org\/paginas\/encarnacion.htm\" target=\"_blank\">http:\/\/www.montefrio.org\/paginas\/encarnacion.htm<\/a>).<\/p>\n<figure id=\"attachment_10347\" aria-describedby=\"caption-attachment-10347\" style=\"width: 621px\" class=\"wp-caption aligncenter\"><a href=\"http:\/\/felix.ares.fm\/?attachment_id=10347\" rel=\"attachment wp-att-10347\"><img loading=\"lazy\" decoding=\"async\" class=\"size-full wp-image-10347\" src=\"http:\/\/felix.ares.fm\/wp-content\/uploads\/2016\/12\/IMG_3776_iglesia-de_la_encarnacion.jpg\" alt=\"Iglesia de la Encarnaci\u00f3n.\" width=\"621\" height=\"465\" srcset=\"https:\/\/felix.ares.fm\/wp-content\/uploads\/2016\/12\/IMG_3776_iglesia-de_la_encarnacion.jpg 621w, https:\/\/felix.ares.fm\/wp-content\/uploads\/2016\/12\/IMG_3776_iglesia-de_la_encarnacion-300x225.jpg 300w\" sizes=\"auto, (max-width: 621px) 100vw, 621px\" \/><\/a><figcaption id=\"caption-attachment-10347\" class=\"wp-caption-text\">Iglesia de la Encarnaci\u00f3n.<\/figcaption><\/figure>\n<figure id=\"attachment_10349\" aria-describedby=\"caption-attachment-10349\" style=\"width: 623px\" class=\"wp-caption aligncenter\"><a href=\"http:\/\/felix.ares.fm\/?attachment_id=10349\" rel=\"attachment wp-att-10349\"><img loading=\"lazy\" decoding=\"async\" class=\"size-full wp-image-10349\" src=\"http:\/\/felix.ares.fm\/wp-content\/uploads\/2016\/12\/IMG_3786_iglesia-de-la-encarncion.jpg\" alt=\"Iglesia de la Encarnaci\u00f3n.\" width=\"623\" height=\"444\" srcset=\"https:\/\/felix.ares.fm\/wp-content\/uploads\/2016\/12\/IMG_3786_iglesia-de-la-encarncion.jpg 623w, https:\/\/felix.ares.fm\/wp-content\/uploads\/2016\/12\/IMG_3786_iglesia-de-la-encarncion-300x214.jpg 300w\" sizes=\"auto, (max-width: 623px) 100vw, 623px\" \/><\/a><figcaption id=\"caption-attachment-10349\" class=\"wp-caption-text\">Iglesia de la Encarnaci\u00f3n.<\/figcaption><\/figure>\n<p>All\u00ed, en el balc\u00f3n del National geographic, hay unas ponseitias que nos recuerdan que estamos cerca de la Navidad y de que acaba de llover:<\/p>\n<figure id=\"attachment_10350\" aria-describedby=\"caption-attachment-10350\" style=\"width: 640px\" class=\"wp-caption aligncenter\"><a href=\"http:\/\/felix.ares.fm\/?attachment_id=10350\" rel=\"attachment wp-att-10350\"><img loading=\"lazy\" decoding=\"async\" class=\"size-full wp-image-10350\" src=\"http:\/\/felix.ares.fm\/wp-content\/uploads\/2016\/12\/IMG_3787.jpg\" alt=\"Poinseitias.\" width=\"640\" height=\"480\" srcset=\"https:\/\/felix.ares.fm\/wp-content\/uploads\/2016\/12\/IMG_3787.jpg 640w, https:\/\/felix.ares.fm\/wp-content\/uploads\/2016\/12\/IMG_3787-300x225.jpg 300w\" sizes=\"auto, (max-width: 640px) 100vw, 640px\" \/><\/a><figcaption id=\"caption-attachment-10350\" class=\"wp-caption-text\">Poinseitias.<\/figcaption><\/figure>\n<h6>EL AYUNTAMIENTO<\/h6>\n<p>Bajamos al pueblo y desde donde nos dej\u00f3 el autob\u00fas hasta el ayuntamiento fuimos andando. Hay una vista excelente de la Iglesia y castillo en la cima del risco.<\/p>\n<p><a href=\"http:\/\/felix.ares.fm\/?attachment_id=10351\" rel=\"attachment wp-att-10351\"><img loading=\"lazy\" decoding=\"async\" class=\"aligncenter size-full wp-image-10351\" src=\"http:\/\/felix.ares.fm\/wp-content\/uploads\/2016\/12\/IMG_3794_iglesia_castillo.jpg\" alt=\"IMG_3794_iglesia_castillo\" width=\"640\" height=\"480\" srcset=\"https:\/\/felix.ares.fm\/wp-content\/uploads\/2016\/12\/IMG_3794_iglesia_castillo.jpg 640w, https:\/\/felix.ares.fm\/wp-content\/uploads\/2016\/12\/IMG_3794_iglesia_castillo-300x225.jpg 300w\" sizes=\"auto, (max-width: 640px) 100vw, 640px\" \/><\/a><\/p>\n<p>Nos sorprendieron que algunos letreros estuvieran en algo que nos parec\u00eda chino; despu\u00e9s la alcaldesa nos confirm\u00f3 que era japon\u00e9s, pues resulta que desde hace varios a\u00f1os hay mucha afluencia de turismo japon\u00e9s en Montefr\u00edo.<\/p>\n<p>El ayuntamiento es el edificio donde est\u00e1 el reloj de pared.<\/p>\n<p>Desde el lugar donde est\u00e1 sacada esta foto, a nuestra derecha est\u00e1 la iglesia de la Encarnaci\u00f3n.<\/p>\n<figure id=\"attachment_10353\" aria-describedby=\"caption-attachment-10353\" style=\"width: 640px\" class=\"wp-caption aligncenter\"><a href=\"http:\/\/felix.ares.fm\/?attachment_id=10353\" rel=\"attachment wp-att-10353\"><img loading=\"lazy\" decoding=\"async\" class=\"size-full wp-image-10353\" src=\"http:\/\/felix.ares.fm\/wp-content\/uploads\/2016\/12\/IMG_3795.jpg\" alt=\"Iglesia de la Encarnaci\u00f3n. \" width=\"640\" height=\"480\" srcset=\"https:\/\/felix.ares.fm\/wp-content\/uploads\/2016\/12\/IMG_3795.jpg 640w, https:\/\/felix.ares.fm\/wp-content\/uploads\/2016\/12\/IMG_3795-300x225.jpg 300w\" sizes=\"auto, (max-width: 640px) 100vw, 640px\" \/><\/a><figcaption id=\"caption-attachment-10353\" class=\"wp-caption-text\">Iglesia de la Encarnaci\u00f3n.<\/figcaption><\/figure>\n<p>Llegamos al ayuntamiento donde nos iba a recibir la alcaldesa.<\/p>\n<p><a href=\"http:\/\/felix.ares.fm\/?attachment_id=10354\" rel=\"attachment wp-att-10354\"><img loading=\"lazy\" decoding=\"async\" class=\"aligncenter size-full wp-image-10354\" src=\"http:\/\/felix.ares.fm\/wp-content\/uploads\/2016\/12\/IMG_3797.jpg\" alt=\"IMG_3797\" width=\"640\" height=\"480\" srcset=\"https:\/\/felix.ares.fm\/wp-content\/uploads\/2016\/12\/IMG_3797.jpg 640w, https:\/\/felix.ares.fm\/wp-content\/uploads\/2016\/12\/IMG_3797-300x225.jpg 300w\" sizes=\"auto, (max-width: 640px) 100vw, 640px\" \/><\/a><\/p>\n<figure id=\"attachment_10355\" aria-describedby=\"caption-attachment-10355\" style=\"width: 617px\" class=\"wp-caption aligncenter\"><a href=\"http:\/\/felix.ares.fm\/?attachment_id=10355\" rel=\"attachment wp-att-10355\"><img loading=\"lazy\" decoding=\"async\" class=\"size-full wp-image-10355\" src=\"http:\/\/felix.ares.fm\/wp-content\/uploads\/2016\/12\/IMG_3800_iglesia_de_la_encarnacion.jpg\" alt=\"Iglesia de la Encarnaci\u00f3n vista desde el ayuntamiento.\" width=\"617\" height=\"476\" srcset=\"https:\/\/felix.ares.fm\/wp-content\/uploads\/2016\/12\/IMG_3800_iglesia_de_la_encarnacion.jpg 617w, https:\/\/felix.ares.fm\/wp-content\/uploads\/2016\/12\/IMG_3800_iglesia_de_la_encarnacion-300x231.jpg 300w\" sizes=\"auto, (max-width: 617px) 100vw, 617px\" \/><\/a><figcaption id=\"caption-attachment-10355\" class=\"wp-caption-text\">Iglesia de la Encarnaci\u00f3n vista desde el ayuntamiento.<\/figcaption><\/figure>\n<figure id=\"attachment_10356\" aria-describedby=\"caption-attachment-10356\" style=\"width: 640px\" class=\"wp-caption aligncenter\"><a href=\"http:\/\/felix.ares.fm\/?attachment_id=10356\" rel=\"attachment wp-att-10356\"><img loading=\"lazy\" decoding=\"async\" class=\"size-full wp-image-10356\" src=\"http:\/\/felix.ares.fm\/wp-content\/uploads\/2016\/12\/IMG_3806.jpg\" alt=\"En el sal\u00f3n de plenos del ayuntamiento \" width=\"640\" height=\"480\" srcset=\"https:\/\/felix.ares.fm\/wp-content\/uploads\/2016\/12\/IMG_3806.jpg 640w, https:\/\/felix.ares.fm\/wp-content\/uploads\/2016\/12\/IMG_3806-300x225.jpg 300w\" sizes=\"auto, (max-width: 640px) 100vw, 640px\" \/><\/a><figcaption id=\"caption-attachment-10356\" class=\"wp-caption-text\">En el sal\u00f3n de plenos del ayuntamiento. Su alcaldesa, Remedios G\u00e1mez, en el centro, nos da una palabras de bienvenida.<\/figcaption><\/figure>\n<p>No s\u00e9 de qu\u00e9 partido es Remedios pero s\u00ed s\u00e9 que habl\u00f3 de su pueblo con pasi\u00f3n. Esa es la palabra clave: <strong>pasi\u00f3n<\/strong>. <strong>Una enamorada de Montefr\u00edo<\/strong>. Le doy las gracias por su estupenda acogida. Entre otras cosas nos explic\u00f3 lo de los letreros en japon\u00e9s. Tambi\u00e9n nos dijo que pensaban que el boom producido por la publicaci\u00f3n del pueblo en National Geographic no durar\u00eda pero que, por suerte, se hab\u00edan equivocado. Me pareci\u00f3 apasionada y realista.<\/p>\n<h6>IGLESIA DE LA ENCARNACI\u00d3N<\/h6>\n<p>Tras las palabras de bienvenida de la alcaldesa nos fuimos a ver la iglesia cil\u00edndrica, donde unas muchachas nos dieron toda clase de explicaciones.<\/p>\n<p><a href=\"http:\/\/felix.ares.fm\/?attachment_id=10357\" rel=\"attachment wp-att-10357\"><img loading=\"lazy\" decoding=\"async\" class=\"aligncenter size-full wp-image-10357\" src=\"http:\/\/felix.ares.fm\/wp-content\/uploads\/2016\/12\/IMG_3807.jpg\" alt=\"IMG_3807\" width=\"640\" height=\"480\" srcset=\"https:\/\/felix.ares.fm\/wp-content\/uploads\/2016\/12\/IMG_3807.jpg 640w, https:\/\/felix.ares.fm\/wp-content\/uploads\/2016\/12\/IMG_3807-300x225.jpg 300w\" sizes=\"auto, (max-width: 640px) 100vw, 640px\" \/><\/a><\/p>\n<p>Desde el lugar donde nos sentamos, la iluminaci\u00f3n produc\u00eda una sombra bastante dram\u00e1tica de un cristo crucificado.<\/p>\n<figure id=\"attachment_10358\" aria-describedby=\"caption-attachment-10358\" style=\"width: 480px\" class=\"wp-caption aligncenter\"><a href=\"http:\/\/felix.ares.fm\/?attachment_id=10358\" rel=\"attachment wp-att-10358\"><img loading=\"lazy\" decoding=\"async\" class=\"size-full wp-image-10358\" src=\"http:\/\/felix.ares.fm\/wp-content\/uploads\/2016\/12\/IMG_3810_sombra.jpg\" alt=\"La sombra del cristo.\" width=\"480\" height=\"640\" srcset=\"https:\/\/felix.ares.fm\/wp-content\/uploads\/2016\/12\/IMG_3810_sombra.jpg 480w, https:\/\/felix.ares.fm\/wp-content\/uploads\/2016\/12\/IMG_3810_sombra-225x300.jpg 225w\" sizes=\"auto, (max-width: 480px) 100vw, 480px\" \/><\/a><figcaption id=\"caption-attachment-10358\" class=\"wp-caption-text\">La sombra del cristo.<\/figcaption><\/figure>\n<figure id=\"attachment_10359\" aria-describedby=\"caption-attachment-10359\" style=\"width: 480px\" class=\"wp-caption aligncenter\"><a href=\"http:\/\/felix.ares.fm\/?attachment_id=10359\" rel=\"attachment wp-att-10359\"><img loading=\"lazy\" decoding=\"async\" class=\"size-full wp-image-10359\" src=\"http:\/\/felix.ares.fm\/wp-content\/uploads\/2016\/12\/IMG_3812_otra_sombra.jpg\" alt=\"La sombra desde m\u00e1s cerca.\" width=\"480\" height=\"640\" srcset=\"https:\/\/felix.ares.fm\/wp-content\/uploads\/2016\/12\/IMG_3812_otra_sombra.jpg 480w, https:\/\/felix.ares.fm\/wp-content\/uploads\/2016\/12\/IMG_3812_otra_sombra-225x300.jpg 225w\" sizes=\"auto, (max-width: 480px) 100vw, 480px\" \/><\/a><figcaption id=\"caption-attachment-10359\" class=\"wp-caption-text\">La sombra desde m\u00e1s cerca.<\/figcaption><\/figure>\n<p>Observen la cara del Cristo:<\/p>\n<figure id=\"attachment_10360\" aria-describedby=\"caption-attachment-10360\" style=\"width: 480px\" class=\"wp-caption aligncenter\"><a href=\"http:\/\/felix.ares.fm\/?attachment_id=10360\" rel=\"attachment wp-att-10360\"><img loading=\"lazy\" decoding=\"async\" class=\"size-full wp-image-10360\" src=\"http:\/\/felix.ares.fm\/wp-content\/uploads\/2016\/12\/IMG_3814-e1482745718820.jpg\" alt=\"Cara de cristo.\" width=\"480\" height=\"640\" srcset=\"https:\/\/felix.ares.fm\/wp-content\/uploads\/2016\/12\/IMG_3814-e1482745718820.jpg 480w, https:\/\/felix.ares.fm\/wp-content\/uploads\/2016\/12\/IMG_3814-e1482745718820-225x300.jpg 225w\" sizes=\"auto, (max-width: 480px) 100vw, 480px\" \/><\/a><figcaption id=\"caption-attachment-10360\" class=\"wp-caption-text\">Cara de cristo. \u00bfEscultor?<\/figcaption><\/figure>\n<figure id=\"attachment_10361\" aria-describedby=\"caption-attachment-10361\" style=\"width: 480px\" class=\"wp-caption aligncenter\"><a href=\"http:\/\/felix.ares.fm\/?attachment_id=10361\" rel=\"attachment wp-att-10361\"><img loading=\"lazy\" decoding=\"async\" class=\"size-full wp-image-10361\" src=\"http:\/\/felix.ares.fm\/wp-content\/uploads\/2016\/12\/IMG_3822-e1482746123990.jpg\" alt=\"Candelabro \" width=\"480\" height=\"640\" srcset=\"https:\/\/felix.ares.fm\/wp-content\/uploads\/2016\/12\/IMG_3822-e1482746123990.jpg 480w, https:\/\/felix.ares.fm\/wp-content\/uploads\/2016\/12\/IMG_3822-e1482746123990-225x300.jpg 225w\" sizes=\"auto, (max-width: 480px) 100vw, 480px\" \/><\/a><figcaption id=\"caption-attachment-10361\" class=\"wp-caption-text\">Candelabro.<\/figcaption><\/figure>\n<figure id=\"attachment_10362\" aria-describedby=\"caption-attachment-10362\" style=\"width: 640px\" class=\"wp-caption aligncenter\"><a href=\"http:\/\/felix.ares.fm\/?attachment_id=10362\" rel=\"attachment wp-att-10362\"><img loading=\"lazy\" decoding=\"async\" class=\"size-full wp-image-10362\" src=\"http:\/\/felix.ares.fm\/wp-content\/uploads\/2016\/12\/IMG_3826.jpg\" alt=\"Cristal emplomado.\" width=\"640\" height=\"480\" srcset=\"https:\/\/felix.ares.fm\/wp-content\/uploads\/2016\/12\/IMG_3826.jpg 640w, https:\/\/felix.ares.fm\/wp-content\/uploads\/2016\/12\/IMG_3826-300x225.jpg 300w\" sizes=\"auto, (max-width: 640px) 100vw, 640px\" \/><\/a><figcaption id=\"caption-attachment-10362\" class=\"wp-caption-text\">Cristal emplomado.<\/figcaption><\/figure>\n<p>La entrada a la iglesia es gratuita.<\/p>\n<figure id=\"attachment_10363\" aria-describedby=\"caption-attachment-10363\" style=\"width: 591px\" class=\"wp-caption aligncenter\"><a href=\"http:\/\/felix.ares.fm\/?attachment_id=10363\" rel=\"attachment wp-att-10363\"><img loading=\"lazy\" decoding=\"async\" class=\"size-full wp-image-10363\" src=\"http:\/\/felix.ares.fm\/wp-content\/uploads\/2016\/12\/IMG_3830_detalle_verja.jpg\" alt=\"Deatlle verja exterior.\" width=\"591\" height=\"433\" srcset=\"https:\/\/felix.ares.fm\/wp-content\/uploads\/2016\/12\/IMG_3830_detalle_verja.jpg 591w, https:\/\/felix.ares.fm\/wp-content\/uploads\/2016\/12\/IMG_3830_detalle_verja-300x220.jpg 300w\" sizes=\"auto, (max-width: 591px) 100vw, 591px\" \/><\/a><figcaption id=\"caption-attachment-10363\" class=\"wp-caption-text\">Detalle verja exterior.<\/figcaption><\/figure>\n<p>Mientras est\u00e1bamos en el interior ha comenzado a llover&#8230;<\/p>\n<p>Bajamos hacia el autob\u00fas y volvemos a disfrutar de la escena del pueblo trepando por los riscos y just\u00e1ndose a ello como la hiedra.<\/p>\n<p><a href=\"http:\/\/felix.ares.fm\/?attachment_id=10364\" rel=\"attachment wp-att-10364\"><img loading=\"lazy\" decoding=\"async\" class=\"aligncenter size-full wp-image-10364\" src=\"http:\/\/felix.ares.fm\/wp-content\/uploads\/2016\/12\/IMG_3840_castillo.jpg\" alt=\"IMG_3840_castillo\" width=\"480\" height=\"640\" srcset=\"https:\/\/felix.ares.fm\/wp-content\/uploads\/2016\/12\/IMG_3840_castillo.jpg 480w, https:\/\/felix.ares.fm\/wp-content\/uploads\/2016\/12\/IMG_3840_castillo-225x300.jpg 225w\" sizes=\"auto, (max-width: 480px) 100vw, 480px\" \/><\/a><\/p>\n<h6>COMIDA EN HOTEL LA ENREA<\/h6>\n<p>Ya era la hora de ir a comer y el lugar que hab\u00edan elegido era el Hotel La Enrea.<\/p>\n<figure id=\"attachment_10367\" aria-describedby=\"caption-attachment-10367\" style=\"width: 711px\" class=\"wp-caption aligncenter\"><a href=\"http:\/\/felix.ares.fm\/?attachment_id=10367\" rel=\"attachment wp-att-10367\"><img loading=\"lazy\" decoding=\"async\" class=\"size-full wp-image-10367\" src=\"http:\/\/felix.ares.fm\/wp-content\/uploads\/2016\/12\/encarnacion-la-enrea.jpg\" alt=\"Iglesia de la Encarnaci\u00f3n hasta el hotel La Enrea. Gentilea de Google Maps.\" width=\"711\" height=\"727\" srcset=\"https:\/\/felix.ares.fm\/wp-content\/uploads\/2016\/12\/encarnacion-la-enrea.jpg 711w, https:\/\/felix.ares.fm\/wp-content\/uploads\/2016\/12\/encarnacion-la-enrea-293x300.jpg 293w\" sizes=\"auto, (max-width: 711px) 100vw, 711px\" \/><\/a><figcaption id=\"caption-attachment-10367\" class=\"wp-caption-text\">Iglesia de la Encarnaci\u00f3n hasta el hotel La Enrea. Gentilea de Google Maps.<\/figcaption><\/figure>\n<p>&nbsp;<\/p>\n<figure id=\"attachment_10368\" aria-describedby=\"caption-attachment-10368\" style=\"width: 640px\" class=\"wp-caption aligncenter\"><a href=\"http:\/\/felix.ares.fm\/?attachment_id=10368\" rel=\"attachment wp-att-10368\"><img loading=\"lazy\" decoding=\"async\" class=\"size-full wp-image-10368\" src=\"http:\/\/felix.ares.fm\/wp-content\/uploads\/2016\/12\/IMG_3845_sc.jpg\" alt=\"Fachada del hotel La Enrea,\" width=\"640\" height=\"480\" srcset=\"https:\/\/felix.ares.fm\/wp-content\/uploads\/2016\/12\/IMG_3845_sc.jpg 640w, https:\/\/felix.ares.fm\/wp-content\/uploads\/2016\/12\/IMG_3845_sc-300x225.jpg 300w\" sizes=\"auto, (max-width: 640px) 100vw, 640px\" \/><\/a><figcaption id=\"caption-attachment-10368\" class=\"wp-caption-text\">Fachada del hotel La Enrea,<\/figcaption><\/figure>\n<p>Si damos media vuelta y dejamos a nuestra espalda el hotel tenemos una bonita estampa de Montefr\u00edo:<\/p>\n<figure id=\"attachment_10369\" aria-describedby=\"caption-attachment-10369\" style=\"width: 480px\" class=\"wp-caption aligncenter\"><a href=\"http:\/\/felix.ares.fm\/?attachment_id=10369\" rel=\"attachment wp-att-10369\"><img loading=\"lazy\" decoding=\"async\" class=\"size-full wp-image-10369\" src=\"http:\/\/felix.ares.fm\/wp-content\/uploads\/2016\/12\/IMG_3865-cruz-e-iglesia.jpg\" alt=\"Montefr\u00edo visto del hotel La Enrea.\" width=\"480\" height=\"640\" srcset=\"https:\/\/felix.ares.fm\/wp-content\/uploads\/2016\/12\/IMG_3865-cruz-e-iglesia.jpg 480w, https:\/\/felix.ares.fm\/wp-content\/uploads\/2016\/12\/IMG_3865-cruz-e-iglesia-225x300.jpg 225w\" sizes=\"auto, (max-width: 480px) 100vw, 480px\" \/><\/a><figcaption id=\"caption-attachment-10369\" class=\"wp-caption-text\">Montefr\u00edo visto del hotel La Enrea.<\/figcaption><\/figure>\n<p>Si nos acercamos a la recepci\u00f3n vemos que se trata de un hostal de dos estrellas.<\/p>\n<figure id=\"attachment_10370\" aria-describedby=\"caption-attachment-10370\" style=\"width: 640px\" class=\"wp-caption aligncenter\"><a href=\"http:\/\/felix.ares.fm\/?attachment_id=10370\" rel=\"attachment wp-att-10370\"><img loading=\"lazy\" decoding=\"async\" class=\"size-full wp-image-10370\" src=\"http:\/\/felix.ares.fm\/wp-content\/uploads\/2016\/12\/IMG_3850.jpg\" alt=\"Entrada de recepci\u00f3n de La Enrea.\" width=\"640\" height=\"480\" srcset=\"https:\/\/felix.ares.fm\/wp-content\/uploads\/2016\/12\/IMG_3850.jpg 640w, https:\/\/felix.ares.fm\/wp-content\/uploads\/2016\/12\/IMG_3850-300x225.jpg 300w\" sizes=\"auto, (max-width: 640px) 100vw, 640px\" \/><\/a><figcaption id=\"caption-attachment-10370\" class=\"wp-caption-text\">Entrada de recepci\u00f3n de La Enrea.<\/figcaption><\/figure>\n<p>El <a href=\"http:\/\/www.laenreahotel.com\/\" target=\"_blank\">hotel La Enrea<\/a> es una almazara convertida en hotel. No podemos opinar sobre el hotel puesto que solo fuimos a comer, pero la sensaci\u00f3n que nos dio fue de acogedor. Muy tranquilo y muy acogedor. Tiene<strong> Wifi gratuito<\/strong> para los clientes.<\/p>\n<p>El nombre del pueblo Montefr\u00edo no es enga\u00f1oso, realmente hace fr\u00edo. Pasamos a tomar un aperitivo en lo que en verano es una terraza al aire libre pero que en invierno la has protegido con carpas de pl\u015btico y han puesto estufas de butano para calentar. El resultado es acogedor.<\/p>\n<p><a href=\"http:\/\/felix.ares.fm\/?attachment_id=10371\" rel=\"attachment wp-att-10371\"><img loading=\"lazy\" decoding=\"async\" class=\"aligncenter size-full wp-image-10371\" src=\"http:\/\/felix.ares.fm\/wp-content\/uploads\/2016\/12\/IMG_3851_sc.jpg\" alt=\"IMG_3851_sc\" width=\"640\" height=\"480\" srcset=\"https:\/\/felix.ares.fm\/wp-content\/uploads\/2016\/12\/IMG_3851_sc.jpg 640w, https:\/\/felix.ares.fm\/wp-content\/uploads\/2016\/12\/IMG_3851_sc-300x225.jpg 300w\" sizes=\"auto, (max-width: 640px) 100vw, 640px\" \/><\/a><\/p>\n<p>Tras el aperitivo nos fuimos al comedor y nos encontramos con esto:<\/p>\n<figure id=\"attachment_10372\" aria-describedby=\"caption-attachment-10372\" style=\"width: 460px\" class=\"wp-caption aligncenter\"><a href=\"http:\/\/felix.ares.fm\/?attachment_id=10372\" rel=\"attachment wp-att-10372\"><img loading=\"lazy\" decoding=\"async\" class=\"size-full wp-image-10372\" src=\"http:\/\/felix.ares.fm\/wp-content\/uploads\/2016\/12\/IMG_3853_sc.jpg\" alt=\"Comedor del hotel La Enrea.\" width=\"460\" height=\"623\" srcset=\"https:\/\/felix.ares.fm\/wp-content\/uploads\/2016\/12\/IMG_3853_sc.jpg 460w, https:\/\/felix.ares.fm\/wp-content\/uploads\/2016\/12\/IMG_3853_sc-222x300.jpg 222w\" sizes=\"auto, (max-width: 460px) 100vw, 460px\" \/><\/a><figcaption id=\"caption-attachment-10372\" class=\"wp-caption-text\">Comedor del hotel La Enrea.<\/figcaption><\/figure>\n<p>El queso y los embutidos tienen una pinta excelente.<\/p>\n<p><a href=\"http:\/\/felix.ares.fm\/?attachment_id=10373\" rel=\"attachment wp-att-10373\"><img loading=\"lazy\" decoding=\"async\" class=\"aligncenter size-full wp-image-10373\" src=\"http:\/\/felix.ares.fm\/wp-content\/uploads\/2016\/12\/IMG_3855.jpg\" alt=\"IMG_3855\" width=\"640\" height=\"480\" srcset=\"https:\/\/felix.ares.fm\/wp-content\/uploads\/2016\/12\/IMG_3855.jpg 640w, https:\/\/felix.ares.fm\/wp-content\/uploads\/2016\/12\/IMG_3855-300x225.jpg 300w\" sizes=\"auto, (max-width: 640px) 100vw, 640px\" \/><\/a><\/p>\n<p>Si la pinta era excelente, su sabor era mejor.<\/p>\n<p>La comida fue acompa\u00f1ada de un vino tinto de rioja.<\/p>\n<p><a href=\"http:\/\/felix.ares.fm\/?attachment_id=10374\" rel=\"attachment wp-att-10374\"><img loading=\"lazy\" decoding=\"async\" class=\"aligncenter wp-image-10374 size-full\" src=\"http:\/\/felix.ares.fm\/wp-content\/uploads\/2016\/12\/IMG_3856-e1482830639200.jpg\" alt=\"IMG_3856\" width=\"480\" height=\"640\" srcset=\"https:\/\/felix.ares.fm\/wp-content\/uploads\/2016\/12\/IMG_3856-e1482830639200.jpg 480w, https:\/\/felix.ares.fm\/wp-content\/uploads\/2016\/12\/IMG_3856-e1482830639200-225x300.jpg 225w\" sizes=\"auto, (max-width: 480px) 100vw, 480px\" \/><\/a><\/p>\n<p>De primero nos pusieron algo de lo que no pregunt\u00e9 el nombre. Parece un consom\u00e9 con tropezones, pero no me atrevo a definirlo mejor:<\/p>\n<p><a href=\"http:\/\/felix.ares.fm\/?attachment_id=10375\" rel=\"attachment wp-att-10375\"><img loading=\"lazy\" decoding=\"async\" class=\"aligncenter size-full wp-image-10375\" src=\"http:\/\/felix.ares.fm\/wp-content\/uploads\/2016\/12\/IMG_3858.jpg\" alt=\"IMG_3858\" width=\"640\" height=\"480\" srcset=\"https:\/\/felix.ares.fm\/wp-content\/uploads\/2016\/12\/IMG_3858.jpg 640w, https:\/\/felix.ares.fm\/wp-content\/uploads\/2016\/12\/IMG_3858-300x225.jpg 300w\" sizes=\"auto, (max-width: 640px) 100vw, 640px\" \/><\/a><\/p>\n<p>De segundo nos pusieron un plato con patatas asadas, chorizo, costilla&#8230;<\/p>\n<p><a href=\"http:\/\/felix.ares.fm\/?attachment_id=10376\" rel=\"attachment wp-att-10376\"><img loading=\"lazy\" decoding=\"async\" class=\"aligncenter size-full wp-image-10376\" src=\"http:\/\/felix.ares.fm\/wp-content\/uploads\/2016\/12\/IMG_3860.jpg\" alt=\"IMG_3860\" width=\"640\" height=\"480\" srcset=\"https:\/\/felix.ares.fm\/wp-content\/uploads\/2016\/12\/IMG_3860.jpg 640w, https:\/\/felix.ares.fm\/wp-content\/uploads\/2016\/12\/IMG_3860-300x225.jpg 300w\" sizes=\"auto, (max-width: 640px) 100vw, 640px\" \/><\/a><\/p>\n<p>Y de postre una tarta con nata:<\/p>\n<figure id=\"attachment_10377\" aria-describedby=\"caption-attachment-10377\" style=\"width: 640px\" class=\"wp-caption aligncenter\"><a href=\"http:\/\/felix.ares.fm\/?attachment_id=10377\" rel=\"attachment wp-att-10377\"><img loading=\"lazy\" decoding=\"async\" class=\"size-full wp-image-10377\" src=\"http:\/\/felix.ares.fm\/wp-content\/uploads\/2016\/12\/IMG_3863.jpg\" alt=\"Tarta.\" width=\"640\" height=\"480\" srcset=\"https:\/\/felix.ares.fm\/wp-content\/uploads\/2016\/12\/IMG_3863.jpg 640w, https:\/\/felix.ares.fm\/wp-content\/uploads\/2016\/12\/IMG_3863-300x225.jpg 300w\" sizes=\"auto, (max-width: 640px) 100vw, 640px\" \/><\/a><figcaption id=\"caption-attachment-10377\" class=\"wp-caption-text\">Tarta.<\/figcaption><\/figure>\n<h6>UBICACI\u00d3N DEL HOTEL LA ENREA<\/h6>\n<p><a href=\"http:\/\/felix.ares.fm\/?attachment_id=10386\" rel=\"attachment wp-att-10386\"><img loading=\"lazy\" decoding=\"async\" class=\"aligncenter size-full wp-image-10386\" src=\"http:\/\/felix.ares.fm\/wp-content\/uploads\/2016\/12\/IMG_3852.jpg\" alt=\"IMG_3852\" width=\"640\" height=\"480\" srcset=\"https:\/\/felix.ares.fm\/wp-content\/uploads\/2016\/12\/IMG_3852.jpg 640w, https:\/\/felix.ares.fm\/wp-content\/uploads\/2016\/12\/IMG_3852-300x225.jpg 300w\" sizes=\"auto, (max-width: 640px) 100vw, 640px\" \/><\/a>Carretera de Toc\u00f3n s\/n\u00a0\u00a0\u00a0\u00a0 18270 Montefr\u00edo.\u00a0 Tel: 958 336 662\/796<\/p>\n<p>Fax: 958 336 943 . e-mail: info@laenreahotel.com\u00a0\u00a0 P\u00e1gina web: www.laenreahotel.com<span id=\"transmark\" style=\"display: none; width: 0px; height: 0px;\"><\/span><\/p>\n<p style=\"text-align: center;\">* * *<\/p>\n<p>Acabamos la comida y salimos hacia Hu\u00e9tor-Tajar donde en los \u00faltimos a\u00f1os se ha hecho famoso un Bel\u00e9n monumental, pero de ello hablaremos en nuestra pr\u00f3xima entrada.<\/p>\n<p style=\"text-align: center;\">+*+<\/p>\n<div class=\"inline\">\n<p><strong>Nota fotos y texto<\/strong>. Salvo las fotos que tienen un agradecimiento espec\u00edfico, como por ejemplo Wikipedia, son nuestras y las licenciamos con<\/p>\n<p><a href=\"http:\/\/creativecommons.org\/licenses\/by\/3.0\/deed.es_ES\" rel=\"license\"><img decoding=\"async\" src=\"http:\/\/i.creativecommons.org\/l\/by\/3.0\/88x31.png\" alt=\"Licencia de Creative Commons\" \/><\/a><br \/>\n<a href=\"viajes.ares.fm\" rel=\"cc:attributionURL\">F\u00e9lix Ares y Maricarmen Garmendia<\/a>\u00a0is licensed under a\u00a0<a href=\"http:\/\/creativecommons.org\/licenses\/by\/3.0\/deed.es_ES\" rel=\"license\">Creative Commons Reconocimiento 3.0 Unported License<\/a>.<br \/>\nCreado a partir de la obra en\u00a0<a href=\"viajes.ares.fm\" rel=\"dct:source\">felix.ares.fm<\/a>.<\/p>\n<p>Contacto con nosotros; el motivo de que no sea una imagen clara es para evitar que los robots la descubran y nos inunden el buz\u00f3n de basura.<\/p>\n<p><a href=\"http:\/\/felix.ares.fm\/?attachment_id=7476\" rel=\"attachment wp-att-7476\"><img loading=\"lazy\" decoding=\"async\" class=\"aligncenter size-full wp-image-7476\" src=\"http:\/\/felix.ares.fm\/wp-content\/uploads\/2016\/02\/tapas.ares_.fm_.2.jpg\" alt=\"tapas.ares.fm.2\" width=\"703\" height=\"499\" srcset=\"https:\/\/felix.ares.fm\/wp-content\/uploads\/2016\/02\/tapas.ares_.fm_.2.jpg 703w, https:\/\/felix.ares.fm\/wp-content\/uploads\/2016\/02\/tapas.ares_.fm_.2-300x213.jpg 300w\" sizes=\"auto, (max-width: 703px) 100vw, 703px\" \/><\/a>[contact_bank form_id=1 show_title=true show_desc=false]<\/p>\n<p>Si quieren que les avisemos por e-mail de las actualizaciones de esta p\u00e1gina, h\u00e1ganos llegar su direcci\u00f3n de e-mail.<\/p>\n<\/div>\n","protected":false},"excerpt":{"rendered":"<p>Viernes 16 de diciembre de 2016 Recientemente la revista National Geographic public\u00f3 un art\u00edculo sobre los diez pueblos con la mejores vistas del mundo. Pod\u00e9is ver el art\u00edculo aqu\u00ed: http:\/\/www.nationalgeographic.com.es\/viajes\/10-pueblos-con-las-mejores-vistas-del-mundo_9109 Uno de los diez pueblos que aparecen es Montefr\u00edo. El viernes 16 de diciembre salimos hacia ese bonito pueblo de la mano de Viajes Carrefour. &hellip; <a href=\"https:\/\/felix.ares.fm\/?p=10334\" class=\"more-link\">Seguir leyendo <span class=\"screen-reader-text\">Montefr\u00edo (Granada)<\/span> <span class=\"meta-nav\">&rarr;<\/span><\/a><\/p>\n","protected":false},"author":1,"featured_media":0,"comment_status":"closed","ping_status":"open","sticky":false,"template":"","format":"standard","meta":{"footnotes":""},"categories":[861,316],"tags":[],"class_list":["post-10334","post","type-post","status-publish","format-standard","hentry","category-montefrio","category-wifi-2"],"_links":{"self":[{"href":"https:\/\/felix.ares.fm\/index.php?rest_route=\/wp\/v2\/posts\/10334","targetHints":{"allow":["GET"]}}],"collection":[{"href":"https:\/\/felix.ares.fm\/index.php?rest_route=\/wp\/v2\/posts"}],"about":[{"href":"https:\/\/felix.ares.fm\/index.php?rest_route=\/wp\/v2\/types\/post"}],"author":[{"embeddable":true,"href":"https:\/\/felix.ares.fm\/index.php?rest_route=\/wp\/v2\/users\/1"}],"replies":[{"embeddable":true,"href":"https:\/\/felix.ares.fm\/index.php?rest_route=%2Fwp%2Fv2%2Fcomments&post=10334"}],"version-history":[{"count":0,"href":"https:\/\/felix.ares.fm\/index.php?rest_route=\/wp\/v2\/posts\/10334\/revisions"}],"wp:attachment":[{"href":"https:\/\/felix.ares.fm\/index.php?rest_route=%2Fwp%2Fv2%2Fmedia&parent=10334"}],"wp:term":[{"taxonomy":"category","embeddable":true,"href":"https:\/\/felix.ares.fm\/index.php?rest_route=%2Fwp%2Fv2%2Fcategories&post=10334"},{"taxonomy":"post_tag","embeddable":true,"href":"https:\/\/felix.ares.fm\/index.php?rest_route=%2Fwp%2Fv2%2Ftags&post=10334"}],"curies":[{"name":"wp","href":"https:\/\/api.w.org\/{rel}","templated":true}]}}