{"id":10329,"date":"2016-12-22T08:43:23","date_gmt":"2016-12-22T06:43:23","guid":{"rendered":"http:\/\/felix.ares.fm\/?p=10329"},"modified":"2016-12-22T10:25:38","modified_gmt":"2016-12-22T08:25:38","slug":"escapada-al-algarve-sur-de-portugal","status":"publish","type":"post","link":"https:\/\/felix.ares.fm\/?p=10329","title":{"rendered":"Escapada al Algarve, sur de Portugal"},"content":{"rendered":"<p>A principios de noviembre hicimos una escapada al Algarve, en el sur de Portugar. Las fotos, los hoteles y las comidas y unos pocos datos m\u00e1s pod\u00e9is verlos en estas entradas:<\/p>\n<p><a href=\"http:\/\/viajes.ares.fm\/?p=10914\" target=\"_blank\">http:\/\/viajes.ares.fm\/?p=10914<\/a> (Viaje hasta Olhos de \u00c1gua &#8211;Albufeira&#8211;Portugal)<\/p>\n<p><a href=\"http:\/\/viajes.ares.fm\/?p=10949\" target=\"_blank\">http:\/\/viajes.ares.fm\/?p=10949<\/a> (Lagos &#8211;Faro Punta da Piedade&#8211;)<\/p>\n<p><a href=\"http:\/\/viajes.ares.fm\/?p=10987\" target=\"_blank\">http:\/\/viajes.ares.fm\/?p=10987<\/a> (Lagos y Monchique)<\/p>\n<p><a href=\"http:\/\/viajes.ares.fm\/?p=11029\" target=\"_blank\">http:\/\/viajes.ares.fm\/?p=11029<\/a> (faro y Loul\u00e9)<\/p>\n<p><a href=\"http:\/\/viajes.ares.fm\/?p=11104\" target=\"_blank\">http:\/\/viajes.ares.fm\/?p=11104<\/a> (Olhos de \u00c1gua)<\/p>\n<p><a href=\"http:\/\/viajes.ares.fm\/?p=11129\" target=\"_blank\">http:\/\/viajes.ares.fm\/?p=11129<\/a> (Vila Real do Santo antonio &#8211; mariscada en El Chocaito)<span id=\"transmark\" style=\"display: none; width: 0px; height: 0px;\"><\/span><\/p>\n<p style=\"text-align: center;\">+*+<\/p>\n<div class=\"inline\">\n<p><strong>Nota fotos y texto<\/strong>. Salvo las fotos que tienen un agradecimiento espec\u00edfico, como por ejemplo Wikipedia, son nuestras y las licenciamos con<\/p>\n<p><a href=\"http:\/\/creativecommons.org\/licenses\/by\/3.0\/deed.es_ES\" rel=\"license\"><img decoding=\"async\" src=\"http:\/\/i.creativecommons.org\/l\/by\/3.0\/88x31.png\" alt=\"Licencia de Creative Commons\" \/><\/a><br \/>\n<a href=\"viajes.ares.fm\" rel=\"cc:attributionURL\">F\u00e9lix Ares y Maricarmen Garmendia<\/a>\u00a0is licensed under a\u00a0<a href=\"http:\/\/creativecommons.org\/licenses\/by\/3.0\/deed.es_ES\" rel=\"license\">Creative Commons Reconocimiento 3.0 Unported License<\/a>.<br \/>\nCreado a partir de la obra en\u00a0<a href=\"viajes.ares.fm\" rel=\"dct:source\">felix.ares.fm<\/a>.<\/p>\n<p>Contacto con nosotros; el motivo de que no sea una imagen clara es para evitar que los robots la descubran y nos inunden el buz\u00f3n de basura.<\/p>\n<p><a href=\"http:\/\/felix.ares.fm\/?attachment_id=7476\" rel=\"attachment wp-att-7476\"><img loading=\"lazy\" decoding=\"async\" class=\"aligncenter size-full wp-image-7476\" src=\"http:\/\/felix.ares.fm\/wp-content\/uploads\/2016\/02\/tapas.ares_.fm_.2.jpg\" alt=\"tapas.ares.fm.2\" width=\"703\" height=\"499\" srcset=\"https:\/\/felix.ares.fm\/wp-content\/uploads\/2016\/02\/tapas.ares_.fm_.2.jpg 703w, https:\/\/felix.ares.fm\/wp-content\/uploads\/2016\/02\/tapas.ares_.fm_.2-300x213.jpg 300w\" sizes=\"auto, (max-width: 703px) 100vw, 703px\" \/><\/a>[contact_bank form_id=1 show_title=true show_desc=false]<\/p>\n<p>Si quieren que les avisemos por e-mail de las actualizaciones de esta p\u00e1gina, h\u00e1ganos llegar su direcci\u00f3n de e-mail.<\/p>\n<\/div>\n<p>&nbsp;<\/p>\n<p>&nbsp;<\/p>\n","protected":false},"excerpt":{"rendered":"<p>A principios de noviembre hicimos una escapada al Algarve, en el sur de Portugar. Las fotos, los hoteles y las comidas y unos pocos datos m\u00e1s pod\u00e9is verlos en estas entradas: http:\/\/viajes.ares.fm\/?p=10914 (Viaje hasta Olhos de \u00c1gua &#8211;Albufeira&#8211;Portugal) http:\/\/viajes.ares.fm\/?p=10949 (Lagos &#8211;Faro Punta da Piedade&#8211;) http:\/\/viajes.ares.fm\/?p=10987 (Lagos y Monchique) http:\/\/viajes.ares.fm\/?p=11029 (faro y Loul\u00e9) http:\/\/viajes.ares.fm\/?p=11104 (Olhos de &hellip; <a href=\"https:\/\/felix.ares.fm\/?p=10329\" class=\"more-link\">Seguir leyendo <span class=\"screen-reader-text\">Escapada al Algarve, sur de Portugal<\/span> <span class=\"meta-nav\">&rarr;<\/span><\/a><\/p>\n","protected":false},"author":1,"featured_media":0,"comment_status":"closed","ping_status":"open","sticky":false,"template":"","format":"standard","meta":{"footnotes":""},"categories":[221],"tags":[],"class_list":["post-10329","post","type-post","status-publish","format-standard","hentry","category-taperia"],"_links":{"self":[{"href":"https:\/\/felix.ares.fm\/index.php?rest_route=\/wp\/v2\/posts\/10329","targetHints":{"allow":["GET"]}}],"collection":[{"href":"https:\/\/felix.ares.fm\/index.php?rest_route=\/wp\/v2\/posts"}],"about":[{"href":"https:\/\/felix.ares.fm\/index.php?rest_route=\/wp\/v2\/types\/post"}],"author":[{"embeddable":true,"href":"https:\/\/felix.ares.fm\/index.php?rest_route=\/wp\/v2\/users\/1"}],"replies":[{"embeddable":true,"href":"https:\/\/felix.ares.fm\/index.php?rest_route=%2Fwp%2Fv2%2Fcomments&post=10329"}],"version-history":[{"count":0,"href":"https:\/\/felix.ares.fm\/index.php?rest_route=\/wp\/v2\/posts\/10329\/revisions"}],"wp:attachment":[{"href":"https:\/\/felix.ares.fm\/index.php?rest_route=%2Fwp%2Fv2%2Fmedia&parent=10329"}],"wp:term":[{"taxonomy":"category","embeddable":true,"href":"https:\/\/felix.ares.fm\/index.php?rest_route=%2Fwp%2Fv2%2Fcategories&post=10329"},{"taxonomy":"post_tag","embeddable":true,"href":"https:\/\/felix.ares.fm\/index.php?rest_route=%2Fwp%2Fv2%2Ftags&post=10329"}],"curies":[{"name":"wp","href":"https:\/\/api.w.org\/{rel}","templated":true}]}}